{"id":25778,"date":"2023-10-12T18:23:02","date_gmt":"2023-10-12T18:23:02","guid":{"rendered":"https:\/\/www.iceagetv.com\/radiosite\/?p=25778"},"modified":"2023-10-12T18:23:02","modified_gmt":"2023-10-12T18:23:02","slug":"emmanuel-macron-annonce-un-13e-mort-francais-le-hamas-est-un-groupe-terroriste-qui-veut-la-mort-du-peuple-disrael-israel-a-le-droit-de-se-defendre-mais-en-preservant-les-civiles-restons-unis","status":"publish","type":"post","link":"https:\/\/www.iceagetv.com\/radiosite\/emmanuel-macron-annonce-un-13e-mort-francais-le-hamas-est-un-groupe-terroriste-qui-veut-la-mort-du-peuple-disrael-israel-a-le-droit-de-se-defendre-mais-en-preservant-les-civiles-restons-unis\/","title":{"rendered":"Emmanuel Macron annonce un 13e mort fran\u00e7ais : \u00ab\u00a0Le Hamas est un groupe terroriste qui veut la mort du peuple d&rsquo;Isra\u00ebl. Isra\u00ebl a le droit de se d\u00e9fendre mais en pr\u00e9servant les civiles. Restons unis\u00a0"},"content":{"rendered":"\n<p><strong>Emmanuel Macron prend la parole : \u00ab\u00a0<\/strong>Isra\u00ebl a connu l&rsquo;attaque la plus tragique de son histoire. Des centaines de nourrissons, de femmes, d&rsquo;enfants d&rsquo;hommes ont \u00e9t\u00e9 pris en charge et massacr\u00e9s. Cette violence contre le peuple isra\u00e9lien a sid\u00e9r\u00e9 le monde entier. Nous pensons \u00e0 ces familles, \u00e0 ce peuple encore dans l&rsquo;\u00e9preuve et le deuil. Nous nous tenons \u00e0 ses c\u00f4t\u00e9s.&nbsp;<strong>Nous Fran\u00e7ais, savons dans notre chair que rien ne peut justifier le terrorisme, il ne peut jamais y avoir de oui mais.<\/strong><\/p>\n\n\n\n<p><strong>Disons le clairement, le Hamas est un groupe terroriste qui veut la mort du peuple d&rsquo;Isra\u00ebl.<\/strong>&nbsp;C&rsquo;est une guerre contre une nation et des valeurs d\u00e9mocratiques. Isra\u00ebl a le droit de se d\u00e9fendre par des actions cibl\u00e9es mais en pr\u00e9servant les civiles.<\/p>\n\n\n\n<p><strong>13 de nos compatriotes ont \u00e9t\u00e9 tu\u00e9s.&nbsp;Je pense ce soir aux familles. Je veux leur dire que la France met tout en \u0153uvre aux c\u00f4t\u00e9s des autorit\u00e9s isra\u00e9liennes et avec nos partenaires pour les faire revenir sains et saufs dans leurs foyers.<\/strong>&nbsp;Jamais la France n&rsquo;abandonne ses enfants. Nous ferons tout pour obtenir la lib\u00e9ration de nos otages.&nbsp;<\/p>\n\n\n\n<p>La s\u00e9curit\u00e9 de l\u2019Etat d\u2019Isra\u00ebl, la lutte r\u00e9solue pour l\u2019\u00e9radication du terrorisme dans la r\u00e9gion et le respect des aspirations l\u00e9gitimes de chacun forment pour nous la France un ensemble indissociable . Ceux qui confondent la cause palestinienne et la justification du terrorisme commettent une faute morale, politique et strat\u00e9gique.<\/p>\n\n\n\n<p>La France va agir pour la paix et le dialogue et le fera. Notre premier devoir est d&rsquo;assurer la s\u00e9curit\u00e9 des juifs et de tous les citoyens. Je sais la peur qu&rsquo;il y a chez certains d&rsquo;entre vous. Notre devoir est de rester uni, de faire Nation.&nbsp;<\/p>\n\n\n\n<p>La R\u00e9publique&nbsp;sera l\u00e0 pour vous prot\u00e9ger et sera impitoyable avec tous les porteurs de haine.&nbsp;Nous combattons et nous combattrons toujours pour que nul sur notre sol n&rsquo;ait peur, restons unis pour \u00ab\u00a0porter un message de paix et de s\u00e9curit\u00e9 pour le Proche-Orient.<\/p>\n\n\n\n<p>D\u00e8s&nbsp;samedi, j&rsquo;ai demand\u00e9 au gouvernement de renforcer&nbsp;les&nbsp;mesures de protection des \u00e9coles, des lieux de culte et de culture .<\/p>\n\n\n\n<p>Nous devons condamner le terrorisme et d\u00e9fendre nos valeurs.<\/p>\n","protected":false},"excerpt":{"rendered":"<p>Emmanuel Macron prend la parole : \u00ab\u00a0Isra\u00ebl a connu l&rsquo;attaque la plus tragique de son histoire. Des centaines de nourrissons, de femmes, d&rsquo;enfants d&rsquo;hommes ont \u00e9t\u00e9 pris en charge et massacr\u00e9s. Cette violence contre le peuple isra\u00e9lien a sid\u00e9r\u00e9 le monde entier. Nous pensons \u00e0 ces familles, \u00e0 ce peuple encore dans l&rsquo;\u00e9preuve et le [&hellip;]<\/p>\n","protected":false},"author":2,"featured_media":25779,"comment_status":"open","ping_status":"open","sticky":false,"template":"","format":"standard","meta":{"_jetpack_memberships_contains_paid_content":false,"footnotes":"","jetpack_publicize_message":"","jetpack_publicize_feature_enabled":true,"jetpack_social_post_already_shared":true,"jetpack_social_options":{"image_generator_settings":{"template":"highway","default_image_id":0,"font":"","enabled":false},"version":2},"_wpas_customize_per_network":false},"categories":[405],"tags":[],"class_list":["post-25778","post","type-post","status-publish","format-standard","has-post-thumbnail","hentry","category-actu-france-monde"],"jetpack_publicize_connections":[],"jetpack_featured_media_url":"https:\/\/i0.wp.com\/www.iceagetv.com\/radiosite\/wp-content\/uploads\/2023\/10\/Emmanuel-Macron-annonce-un-13e-mort-francais.jpg?fit=679%2C293&ssl=1","jetpack_sharing_enabled":true,"_links":{"self":[{"href":"https:\/\/www.iceagetv.com\/radiosite\/wp-json\/wp\/v2\/posts\/25778","targetHints":{"allow":["GET"]}}],"collection":[{"href":"https:\/\/www.iceagetv.com\/radiosite\/wp-json\/wp\/v2\/posts"}],"about":[{"href":"https:\/\/www.iceagetv.com\/radiosite\/wp-json\/wp\/v2\/types\/post"}],"author":[{"embeddable":true,"href":"https:\/\/www.iceagetv.com\/radiosite\/wp-json\/wp\/v2\/users\/2"}],"replies":[{"embeddable":true,"href":"https:\/\/www.iceagetv.com\/radiosite\/wp-json\/wp\/v2\/comments?post=25778"}],"version-history":[{"count":1,"href":"https:\/\/www.iceagetv.com\/radiosite\/wp-json\/wp\/v2\/posts\/25778\/revisions"}],"predecessor-version":[{"id":25780,"href":"https:\/\/www.iceagetv.com\/radiosite\/wp-json\/wp\/v2\/posts\/25778\/revisions\/25780"}],"wp:featuredmedia":[{"embeddable":true,"href":"https:\/\/www.iceagetv.com\/radiosite\/wp-json\/wp\/v2\/media\/25779"}],"wp:attachment":[{"href":"https:\/\/www.iceagetv.com\/radiosite\/wp-json\/wp\/v2\/media?parent=25778"}],"wp:term":[{"taxonomy":"category","embeddable":true,"href":"https:\/\/www.iceagetv.com\/radiosite\/wp-json\/wp\/v2\/categories?post=25778"},{"taxonomy":"post_tag","embeddable":true,"href":"https:\/\/www.iceagetv.com\/radiosite\/wp-json\/wp\/v2\/tags?post=25778"}],"curies":[{"name":"wp","href":"https:\/\/api.w.org\/{rel}","templated":true}]}}