{"id":25784,"date":"2023-10-13T11:07:58","date_gmt":"2023-10-13T11:07:58","guid":{"rendered":"https:\/\/www.iceagetv.com\/radiosite\/?p=25784"},"modified":"2023-10-13T11:07:58","modified_gmt":"2023-10-13T11:07:58","slug":"attaque-au-couteau-dans-un-lycee-darras-un-enseignant-egorge-et-2-blesses-graves-le-suspect-qui-a-crie-allah-akbar-est-dorigine-tchetchene-et-fiche-s-le-parquet-national-a","status":"publish","type":"post","link":"https:\/\/www.iceagetv.com\/radiosite\/attaque-au-couteau-dans-un-lycee-darras-un-enseignant-egorge-et-2-blesses-graves-le-suspect-qui-a-crie-allah-akbar-est-dorigine-tchetchene-et-fiche-s-le-parquet-national-a\/","title":{"rendered":"Attaque au couteau dans un lyc\u00e9e d\u2019Arras: Un enseignant \u00e9gorg\u00e9 et 2 bless\u00e9s graves &#8211; Le suspect, qui a cri\u00e9 \u00ab\u00a0Allah Akbar\u00a0\u00bb, est d\u2019origine tch\u00e9tch\u00e8ne et fich\u00e9 S &#8211; Le parquet national antiterroriste saisi"},"content":{"rendered":"\n<p><strong>La victime, qui a \u00e9t\u00e9 \u00e9gorg\u00e9e, \u00e9tait professeur de fran\u00e7ais<\/strong> La pr\u00e9sidente de l\u2019Assembl\u00e9e nationale, Ya\u00ebl Braun-Pivet, s\u2019est exprim\u00e9e sur son compte X. \u00ab\u00a0L&rsquo;horreur vient de frapper un lyc\u00e9e d\u2019Arras. Mes pens\u00e9es vont \u00e0 la victime, aux bless\u00e9s, \u00e0 leurs familles. J&rsquo;apporte mon plein soutien \u00e0 toute la communaut\u00e9 enseignante, aux \u00e9l\u00e8ves. Merci aux forces de l&rsquo;ordre et de secours mobilis\u00e9es\u00a0\u00bb, d\u00e9clare-t-elle.La police nationale demande aux habitants d\u2019\u00e9viter le secteur. \u00ab\u00a0Afin de faciliter le travail des policiers et par respect pour les victimes, merci de ne pas relayer de fausses informations, d&rsquo;images ou de vid\u00e9os\u00a0\u00bb, pr\u00e9cisent les autorit\u00e9s.<strong>Le suspect, qui a cri\u00e9 \u00ab\u00a0Allah Akbar\u00a0\u00bb, est d\u2019origine tch\u00e9tch\u00e8ne et fich\u00e9 S\u00a0Le parquet national antiterroriste se saisit du dossier. L&rsquo;enqu\u00eate est ouverte des chefs de \u00ab\u00a0assassinat en relation avec une entreprise terroriste\u00a0\u00bb, \u00ab\u00a0tentative d\u2019assassinat en relation avec une entreprise terroriste\u00a0\u00bb et \u00ab\u00a0association de malfaiteurs terroriste en vue de pr\u00e9parer des crimes d\u2019atteinte aux personnes\u00a0\u00bb.<\/strong><\/p>\n\n\n\n<p><strong>&nbsp;Le point sur ce que l&rsquo;on sait ce matin<\/strong><\/p>\n\n\n\n<p>Un homme arm\u00e9 d\u2019un couteau a tu\u00e9 un enseignant et fait deux bless\u00e9s graves dans un lyc\u00e9e \u00e0 Arras (Pas-de-Calais) vendredi matin, a appris l\u2019AFP aupr\u00e8s de la pr\u00e9fecture et de source polici\u00e8re. D\u2019apr\u00e8s les premiers \u00e9l\u00e9ments, l\u2019auteur de l\u2019attaque a cri\u00e9 \u00ab&nbsp;Allah Akbar&nbsp;\u00bb, selon une source polici\u00e8re.<\/p>\n\n\n\n<p>Les faits ont eu lieu au lyc\u00e9e Gambetta, a \u00e9crit le ministre de l\u2019Int\u00e9rieur, G\u00e9rald Darmanin, sur X (ex-Twitter), pr\u00e9cisant que l\u2019auteur avait \u00e9t\u00e9 interpell\u00e9. Aucun lyc\u00e9en n\u2019a \u00e9t\u00e9 bless\u00e9, a selon une source polici\u00e8re.<\/p>\n\n\n\n<p>Parmi les deux bless\u00e9s figurent un agent de s\u00e9curit\u00e9 en urgence absolue, apr\u00e8s avoir \u00e9t\u00e9 atteint de plusieurs coups de couteau, et un enseignant en urgence relative, a indiqu\u00e9 une deuxi\u00e8me source polici\u00e8re. Les lyc\u00e9ens et le personnel du lyc\u00e9e ont \u00e9t\u00e9 confin\u00e9s dans l\u2019\u00e9tablissement, a pr\u00e9cis\u00e9 cette source.<\/p>\n\n\n\n<p>Le pr\u00e9fet du Pas-de-Calais, Jacques Billant, qui a confirm\u00e9 ce d\u00e9c\u00e8s \u00e0 l\u2019AFP, s\u2019est rendu sur place. \u00ab&nbsp;Une op\u00e9ration de police a eu lieu ce matin \u00e0 Arras \u00e0 la cit\u00e9 scolaire Gambetta. L\u2019auteur des faits a \u00e9t\u00e9 interpell\u00e9&nbsp;\u00bb par la police, a \u00e9crit la pr\u00e9fecture sur X. \u00ab&nbsp;L\u2019\u00e9v\u00e9nement est pris en compte et ne pr\u00e9sente pas de danger. Restez calme et suivez les consignes pour faciliter le retour \u00e0 une situation normale&nbsp;\u00bb, a-t-elle ajout\u00e9.<\/p>\n\n\n\n<p>Ces faits ont lieu presque trois ans apr\u00e8s l\u2019assassinat de Samuel Paty, un enseignant de 47 ans d\u00e9capit\u00e9 le 16 octobre 2020 pr\u00e8s de son coll\u00e8ge de Conflans-Sainte-Honorine (Yvelines), une dizaine de jours apr\u00e8s avoir montr\u00e9 \u00e0 ses \u00e9l\u00e8ves des caricatures de Mahomet lors de cours sur la libert\u00e9 d\u2019expression. L\u2019assaillant de 18 ans, un r\u00e9fugi\u00e9 russe d\u2019origine tch\u00e9tch\u00e8ne, avait \u00e9t\u00e9 tu\u00e9 par la police.<\/p>\n","protected":false},"excerpt":{"rendered":"<p>La victime, qui a \u00e9t\u00e9 \u00e9gorg\u00e9e, \u00e9tait professeur de fran\u00e7ais La pr\u00e9sidente de l\u2019Assembl\u00e9e nationale, Ya\u00ebl Braun-Pivet, s\u2019est exprim\u00e9e sur son compte X. \u00ab\u00a0L&rsquo;horreur vient de frapper un lyc\u00e9e d\u2019Arras. Mes pens\u00e9es vont \u00e0 la victime, aux bless\u00e9s, \u00e0 leurs familles. J&rsquo;apporte mon plein soutien \u00e0 toute la communaut\u00e9 enseignante, aux \u00e9l\u00e8ves. Merci aux forces [&hellip;]<\/p>\n","protected":false},"author":2,"featured_media":25560,"comment_status":"open","ping_status":"open","sticky":false,"template":"","format":"standard","meta":{"_jetpack_memberships_contains_paid_content":false,"footnotes":"","jetpack_publicize_message":"","jetpack_publicize_feature_enabled":true,"jetpack_social_post_already_shared":true,"jetpack_social_options":{"image_generator_settings":{"template":"highway","default_image_id":0,"font":"","enabled":false},"version":2},"_wpas_customize_per_network":false},"categories":[405],"tags":[],"class_list":["post-25784","post","type-post","status-publish","format-standard","has-post-thumbnail","hentry","category-actu-france-monde"],"jetpack_publicize_connections":[],"jetpack_featured_media_url":"https:\/\/i0.wp.com\/www.iceagetv.com\/radiosite\/wp-content\/uploads\/2023\/08\/Nimes-un-adolescent-blesse-a-larme-blanche-dans-le-centre-ville.png?fit=1127%2C567&ssl=1","jetpack_sharing_enabled":true,"_links":{"self":[{"href":"https:\/\/www.iceagetv.com\/radiosite\/wp-json\/wp\/v2\/posts\/25784","targetHints":{"allow":["GET"]}}],"collection":[{"href":"https:\/\/www.iceagetv.com\/radiosite\/wp-json\/wp\/v2\/posts"}],"about":[{"href":"https:\/\/www.iceagetv.com\/radiosite\/wp-json\/wp\/v2\/types\/post"}],"author":[{"embeddable":true,"href":"https:\/\/www.iceagetv.com\/radiosite\/wp-json\/wp\/v2\/users\/2"}],"replies":[{"embeddable":true,"href":"https:\/\/www.iceagetv.com\/radiosite\/wp-json\/wp\/v2\/comments?post=25784"}],"version-history":[{"count":1,"href":"https:\/\/www.iceagetv.com\/radiosite\/wp-json\/wp\/v2\/posts\/25784\/revisions"}],"predecessor-version":[{"id":25785,"href":"https:\/\/www.iceagetv.com\/radiosite\/wp-json\/wp\/v2\/posts\/25784\/revisions\/25785"}],"wp:featuredmedia":[{"embeddable":true,"href":"https:\/\/www.iceagetv.com\/radiosite\/wp-json\/wp\/v2\/media\/25560"}],"wp:attachment":[{"href":"https:\/\/www.iceagetv.com\/radiosite\/wp-json\/wp\/v2\/media?parent=25784"}],"wp:term":[{"taxonomy":"category","embeddable":true,"href":"https:\/\/www.iceagetv.com\/radiosite\/wp-json\/wp\/v2\/categories?post=25784"},{"taxonomy":"post_tag","embeddable":true,"href":"https:\/\/www.iceagetv.com\/radiosite\/wp-json\/wp\/v2\/tags?post=25784"}],"curies":[{"name":"wp","href":"https:\/\/api.w.org\/{rel}","templated":true}]}}