{"id":25788,"date":"2023-10-13T15:14:31","date_gmt":"2023-10-13T15:14:31","guid":{"rendered":"https:\/\/www.iceagetv.com\/radiosite\/?p=25788"},"modified":"2023-10-13T15:14:31","modified_gmt":"2023-10-13T15:14:31","slug":"une-deuxieme-tentative-dattentat-dejouee-cette-fois-dans-les-yvelines-un-homme-de-24-ans-connu-pour-radicalisation-interpelle-avec-un-couteau-de-cuisine-pres-du-lycee-condorcet-alors-quil-sor","status":"publish","type":"post","link":"https:\/\/www.iceagetv.com\/radiosite\/une-deuxieme-tentative-dattentat-dejouee-cette-fois-dans-les-yvelines-un-homme-de-24-ans-connu-pour-radicalisation-interpelle-avec-un-couteau-de-cuisine-pres-du-lycee-condorcet-alors-quil-sor\/","title":{"rendered":"Une deuxi\u00e8me tentative d&rsquo;attentat d\u00e9jou\u00e9e, cette fois dans les Yvelines : Un homme de 24 ans connu pour radicalisation, interpell\u00e9 avec un couteau de cuisine pr\u00e8s du lyc\u00e9e Condorcet, alors qu&rsquo;il sortait d&rsquo;une salle de pri\u00e8re"},"content":{"rendered":"\n<p>Le Pr\u00e9sident de la R\u00e9publique a \u00e9voqu\u00e9 en fin d&rsquo;apr\u00e8s-midi, une autre attaque qui a \u00e9t\u00e9 d\u00e9jou\u00e9e. Selon les informations disponibles ce soir, un homme \u00e2g\u00e9 de 24 ans qui \u00e9tait fich\u00e9 S pour radicalisation, a \u00e9t\u00e9 contr\u00f4l\u00e9 aujourd&rsquo;hui et interpell\u00e9 pour port d&rsquo;arme prohib\u00e9, par la compagnie d\u00e9partementale d&rsquo;intervention, \u00e0 Limay dans les Yvelines, rapporte&nbsp;<a href=\"https:\/\/www.bfmtv.com\/paris\/yvelines-un-homme-connu-pour-radicalisation-interpelle-avec-un-couteau-a-limay_AN-202310130629.html\" target=\"_blank\" rel=\"noreferrer noopener\">BFM TV<\/a>.<\/p>\n\n\n\n<p>Nos confr\u00e8res pr\u00e9cisent que l&rsquo;individu a \u00e9t\u00e9 arr\u00eat\u00e9 rue Charles Tellier, \u00e0 proximit\u00e9 du lyc\u00e9e Condorcet.<\/p>\n\n\n\n<p>Et d&rsquo;ajouter: \u00ab\u00a0Alors qu&rsquo;il sortait d&rsquo;une salle de pri\u00e8re, l&rsquo;individu \u00e9tait en possession d&rsquo;un couteau de cuisine.\u00a0\u00bb&nbsp;Avant de pr\u00e9ciser que l&rsquo;homme, qui est connu pour radicalisation, a \u00e9t\u00e9 plac\u00e9 en garde \u00e0 vue.<\/p>\n\n\n\n<p>L&rsquo;homme aurait \u00e9t\u00e9 interpell\u00e9 par des policiers alors qu&rsquo;il suivait un groupe de jeunes dans la rue. Il a refus\u00e9 de r\u00e9pondre aux ordres de la police qui est alors all\u00e9 l&rsquo;interpeller. Il avait sur lui un couteau et a expliqu\u00e9 que cette arme \u00ab\u00a0lui servait \u00e0 se d\u00e9fendre\u00a0\u00bb.<\/p>\n","protected":false},"excerpt":{"rendered":"<p>Le Pr\u00e9sident de la R\u00e9publique a \u00e9voqu\u00e9 en fin d&rsquo;apr\u00e8s-midi, une autre attaque qui a \u00e9t\u00e9 d\u00e9jou\u00e9e. Selon les informations disponibles ce soir, un homme \u00e2g\u00e9 de 24 ans qui \u00e9tait fich\u00e9 S pour radicalisation, a \u00e9t\u00e9 contr\u00f4l\u00e9 aujourd&rsquo;hui et interpell\u00e9 pour port d&rsquo;arme prohib\u00e9, par la compagnie d\u00e9partementale d&rsquo;intervention, \u00e0 Limay dans les Yvelines, [&hellip;]<\/p>\n","protected":false},"author":2,"featured_media":25789,"comment_status":"open","ping_status":"open","sticky":false,"template":"","format":"standard","meta":{"_jetpack_memberships_contains_paid_content":false,"footnotes":"","jetpack_publicize_message":"","jetpack_publicize_feature_enabled":true,"jetpack_social_post_already_shared":true,"jetpack_social_options":{"image_generator_settings":{"template":"highway","default_image_id":0,"font":"","enabled":false},"version":2},"_wpas_customize_per_network":false},"categories":[405],"tags":[],"class_list":["post-25788","post","type-post","status-publish","format-standard","has-post-thumbnail","hentry","category-actu-france-monde"],"jetpack_publicize_connections":[],"jetpack_featured_media_url":"https:\/\/i0.wp.com\/www.iceagetv.com\/radiosite\/wp-content\/uploads\/2023\/10\/Une-deuxieme-tentative-dattentat-dejouee.jpg?fit=594%2C260&ssl=1","jetpack_sharing_enabled":true,"_links":{"self":[{"href":"https:\/\/www.iceagetv.com\/radiosite\/wp-json\/wp\/v2\/posts\/25788","targetHints":{"allow":["GET"]}}],"collection":[{"href":"https:\/\/www.iceagetv.com\/radiosite\/wp-json\/wp\/v2\/posts"}],"about":[{"href":"https:\/\/www.iceagetv.com\/radiosite\/wp-json\/wp\/v2\/types\/post"}],"author":[{"embeddable":true,"href":"https:\/\/www.iceagetv.com\/radiosite\/wp-json\/wp\/v2\/users\/2"}],"replies":[{"embeddable":true,"href":"https:\/\/www.iceagetv.com\/radiosite\/wp-json\/wp\/v2\/comments?post=25788"}],"version-history":[{"count":1,"href":"https:\/\/www.iceagetv.com\/radiosite\/wp-json\/wp\/v2\/posts\/25788\/revisions"}],"predecessor-version":[{"id":25790,"href":"https:\/\/www.iceagetv.com\/radiosite\/wp-json\/wp\/v2\/posts\/25788\/revisions\/25790"}],"wp:featuredmedia":[{"embeddable":true,"href":"https:\/\/www.iceagetv.com\/radiosite\/wp-json\/wp\/v2\/media\/25789"}],"wp:attachment":[{"href":"https:\/\/www.iceagetv.com\/radiosite\/wp-json\/wp\/v2\/media?parent=25788"}],"wp:term":[{"taxonomy":"category","embeddable":true,"href":"https:\/\/www.iceagetv.com\/radiosite\/wp-json\/wp\/v2\/categories?post=25788"},{"taxonomy":"post_tag","embeddable":true,"href":"https:\/\/www.iceagetv.com\/radiosite\/wp-json\/wp\/v2\/tags?post=25788"}],"curies":[{"name":"wp","href":"https:\/\/api.w.org\/{rel}","templated":true}]}}