{"id":25820,"date":"2023-10-17T04:26:24","date_gmt":"2023-10-17T04:26:24","guid":{"rendered":"https:\/\/www.iceagetv.com\/radiosite\/?p=25820"},"modified":"2023-10-17T07:56:10","modified_gmt":"2023-10-17T07:56:10","slug":"attentat-a-bruxelles-le-terroriste-est-toujours-en-fuite-ce-matin-deux-suedois-abattus-lassaillant-est-un-homme-dorigine-tunisienne-qui-sejournait-illegalement-en-belgique","status":"publish","type":"post","link":"https:\/\/www.iceagetv.com\/radiosite\/attentat-a-bruxelles-le-terroriste-est-toujours-en-fuite-ce-matin-deux-suedois-abattus-lassaillant-est-un-homme-dorigine-tunisienne-qui-sejournait-illegalement-en-belgique\/","title":{"rendered":"Attentat \u00e0 Bruxelles Attentat \u00e0 Bruxelles: L&rsquo;auteur de l&rsquo;attaque, \u00ab\u00a0neutralis\u00e9\u00a0\u00bb ce matin par la police, est d\u00e9c\u00e9d\u00e9 des suites de ses blessures"},"content":{"rendered":"\n<p>Attentat \u00e0 Bruxelles: L&rsquo;auteur de l&rsquo;attaque, \u00ab\u00a0neutralis\u00e9\u00a0\u00bb ce matin par la police, est d\u00e9c\u00e9d\u00e9 des suites de ses blessures<\/p>\n\n\n\n<p><strong>Lors d&rsquo;une conf\u00e9rence de presse ce matin, le Premier ministre belge Alexander De Croo confirme que l&rsquo;assaillant n&rsquo;a toujours pas \u00e9t\u00e9 arr\u00eat\u00e9 et que \u00ab\u00a0deux vies ont \u00e9t\u00e9 fauch\u00e9es\u00a0\u00bb. \u00ab\u00a0L&rsquo;attentat qui a \u00e9t\u00e9 commis hier l&rsquo;a \u00e9t\u00e9 avec une totale l\u00e2chet\u00e9\u00a0\u00bb par un homme \u00ab\u00a0d&rsquo;origine tunisienne qui s\u00e9journait ill\u00e9galement\u00a0\u00bb en Belgique.<\/strong><\/p>\n\n\n\n<p><strong>Le point ce matin sur l&rsquo;attentat qui a eu lieu \u00e0 Bruxelles<\/strong>&nbsp;&#8211; Deux personnes de nationalit\u00e9 su\u00e9doise ont \u00e9t\u00e9 tu\u00e9es hier soir \u00e0 Bruxelles par un homme arm\u00e9 qui a pris la fuite en scooter, un \u00ab\u00a0l\u00e2che attentat\u00a0\u00bb selon le Premier ministre belge Alexander De Croo qui a appel\u00e9 \u00e0 l&rsquo;unit\u00e9 dans \u00ab\u00a0le combat contre le terrorisme\u00a0\u00bb. Le parquet f\u00e9d\u00e9ral, charg\u00e9 des dossiers de terrorisme, a \u00e9t\u00e9 saisi de l&rsquo;enqu\u00eate, a indiqu\u00e9 un porte-parole \u00e0 l&rsquo;AFP. Les faits sont survenus peu apr\u00e8s 19 h (17 h GMT) pr\u00e8s de la Place Sainctelette, dans le nord de la capitale belge, avant un match de qualifications de l&rsquo;Euro-2024 de football opposant la Belgique \u00e0 la Su\u00e8de.<\/p>\n\n\n\n<p>Le match a \u00e9t\u00e9 interrompu \u00e0 la mi-temps, les joueurs su\u00e9dois ne souhaitant pas reprendre le jeu apr\u00e8s la pause, selon la cha\u00eene francophone RTBF. Selon plusieurs m\u00e9dias, les deux victimes des coups de feu tir\u00e9s avec une arme automatique seraient des supporteurs su\u00e9dois. La pr\u00e9sidente de la Commission europ\u00e9enne Ursula von der Leyen a fustig\u00e9 un \u00ab\u00a0abject attentat\u00a0\u00bb.<\/p>\n\n\n\n<p>Le pr\u00e9sident fran\u00e7ais Emmanuel Macron a, de son c\u00f4t\u00e9, estim\u00e9 que l&rsquo;Europe est \u00ab\u00a0bouscul\u00e9e\u00a0\u00bb en \u00e9voquant l'\u00a0\u00bbattaque terroriste islamiste\u00a0\u00bb. Sur le r\u00e9seau social X (ex-Twitter), le Premier ministre belge a pr\u00e9sent\u00e9 ses condol\u00e9ances \u00e0 son homologue su\u00e9dois Ulf Kristersson apr\u00e8s le \u00ab\u00a0l\u00e2che attentat sur des citoyens su\u00e9dois \u00e0 Bruxelles\u00a0\u00bb.<\/p>\n\n\n\n<p>\u00ab\u00a0Je suis actuellement avec les ministres de la Justice et l&rsquo;Int\u00e9rieur au centre de crise national. Nous suivons l&rsquo;\u00e9volution de la situation et demandons aux Bruxellois d&rsquo;\u00eatre vigilants\u00a0\u00bb, a ajout\u00e9 Alexander De Croo.<\/p>\n","protected":false},"excerpt":{"rendered":"<p>Attentat \u00e0 Bruxelles: L&rsquo;auteur de l&rsquo;attaque, \u00ab\u00a0neutralis\u00e9\u00a0\u00bb ce matin par la police, est d\u00e9c\u00e9d\u00e9 des suites de ses blessures Lors d&rsquo;une conf\u00e9rence de presse ce matin, le Premier ministre belge Alexander De Croo confirme que l&rsquo;assaillant n&rsquo;a toujours pas \u00e9t\u00e9 arr\u00eat\u00e9 et que \u00ab\u00a0deux vies ont \u00e9t\u00e9 fauch\u00e9es\u00a0\u00bb. \u00ab\u00a0L&rsquo;attentat qui a \u00e9t\u00e9 commis hier l&rsquo;a [&hellip;]<\/p>\n","protected":false},"author":2,"featured_media":25821,"comment_status":"open","ping_status":"open","sticky":false,"template":"","format":"standard","meta":{"_jetpack_memberships_contains_paid_content":false,"footnotes":"","jetpack_publicize_message":"","jetpack_publicize_feature_enabled":true,"jetpack_social_post_already_shared":true,"jetpack_social_options":{"image_generator_settings":{"template":"highway","default_image_id":0,"font":"","enabled":false},"version":2},"_wpas_customize_per_network":false},"categories":[405],"tags":[],"class_list":["post-25820","post","type-post","status-publish","format-standard","has-post-thumbnail","hentry","category-actu-france-monde"],"jetpack_publicize_connections":[],"jetpack_featured_media_url":"https:\/\/i0.wp.com\/www.iceagetv.com\/radiosite\/wp-content\/uploads\/2023\/10\/Screenshot_20231017_062522.jpg?fit=888%2C405&ssl=1","jetpack_sharing_enabled":true,"_links":{"self":[{"href":"https:\/\/www.iceagetv.com\/radiosite\/wp-json\/wp\/v2\/posts\/25820","targetHints":{"allow":["GET"]}}],"collection":[{"href":"https:\/\/www.iceagetv.com\/radiosite\/wp-json\/wp\/v2\/posts"}],"about":[{"href":"https:\/\/www.iceagetv.com\/radiosite\/wp-json\/wp\/v2\/types\/post"}],"author":[{"embeddable":true,"href":"https:\/\/www.iceagetv.com\/radiosite\/wp-json\/wp\/v2\/users\/2"}],"replies":[{"embeddable":true,"href":"https:\/\/www.iceagetv.com\/radiosite\/wp-json\/wp\/v2\/comments?post=25820"}],"version-history":[{"count":2,"href":"https:\/\/www.iceagetv.com\/radiosite\/wp-json\/wp\/v2\/posts\/25820\/revisions"}],"predecessor-version":[{"id":25826,"href":"https:\/\/www.iceagetv.com\/radiosite\/wp-json\/wp\/v2\/posts\/25820\/revisions\/25826"}],"wp:featuredmedia":[{"embeddable":true,"href":"https:\/\/www.iceagetv.com\/radiosite\/wp-json\/wp\/v2\/media\/25821"}],"wp:attachment":[{"href":"https:\/\/www.iceagetv.com\/radiosite\/wp-json\/wp\/v2\/media?parent=25820"}],"wp:term":[{"taxonomy":"category","embeddable":true,"href":"https:\/\/www.iceagetv.com\/radiosite\/wp-json\/wp\/v2\/categories?post=25820"},{"taxonomy":"post_tag","embeddable":true,"href":"https:\/\/www.iceagetv.com\/radiosite\/wp-json\/wp\/v2\/tags?post=25820"}],"curies":[{"name":"wp","href":"https:\/\/api.w.org\/{rel}","templated":true}]}}