{"id":25827,"date":"2023-10-17T16:37:08","date_gmt":"2023-10-17T16:37:08","guid":{"rendered":"https:\/\/www.iceagetv.com\/radiosite\/?p=25827"},"modified":"2023-10-17T16:37:08","modified_gmt":"2023-10-17T16:37:08","slug":"attaque-a-arras-gabriel-attal-annonce-que-179-perturbations-ont-ete-recensees-hier-dans-les-ecoles-pendant-la-minute-de-silence-a-un-moment-la-tolerance-ca-va-le-pas-de-vague-cest-fini","status":"publish","type":"post","link":"https:\/\/www.iceagetv.com\/radiosite\/attaque-a-arras-gabriel-attal-annonce-que-179-perturbations-ont-ete-recensees-hier-dans-les-ecoles-pendant-la-minute-de-silence-a-un-moment-la-tolerance-ca-va-le-pas-de-vague-cest-fini\/","title":{"rendered":"Attaque \u00e0 Arras- Gabriel Attal annonce que 179 perturbations ont \u00e9t\u00e9 recens\u00e9es hier dans les \u00e9coles pendant la minute de silence: \u00ab\u00a0A un moment, la tol\u00e9rance, \u00e7a va, &lsquo;le pas de vague&rsquo;, c&rsquo;est fini!\u00a0\u00bb"},"content":{"rendered":"\n<p><strong>Le minist\u00e8re de l&rsquo;Int\u00e9rieur souhaite que la France expulse onze ressortissants russes figurant au fichier des personnes radicalis\u00e9es, comme l&rsquo;a appris l&rsquo;AFP. G\u00e9rald Darmanin souhaite aussi pouvoir retirer un titre de s\u00e9jour pour adh\u00e9sion \u00e0 \u00ab\u00a0l&rsquo;id\u00e9ologie jihadiste\u00a0\u00bb.<\/strong><\/p>\n\n\n\n<p><strong>&nbsp;Gabriel Attal indique que 179 \u00e9l\u00e8ves ont perturb\u00e9 la minute de silence.&nbsp;Le ministre indique que, pour chacun de ces cas signal\u00e9s, il a effectu\u00e9 une&nbsp;\u00ab\u00a0saisine\u00a0\u00bb&nbsp;aupr\u00e8s de la justice, demand\u00e9 des&nbsp;\u00ab\u00a0mesures disciplinaires\u00a0\u00bb&nbsp;et, pour&nbsp;\u00ab\u00a0les cas les plus graves\u00a0\u00bb&nbsp;qui rel\u00e8vent de&nbsp;\u00ab\u00a0l&rsquo;apologie du terroriste\u00a0\u00bb, demand\u00e9&nbsp;\u00ab\u00a0l&rsquo;exclusion\u00a0\u00bb&nbsp;des \u00e9l\u00e8ves jusqu&rsquo;\u00e0 ce que les sanctions disciplinaires soient connues.&nbsp;<\/strong><\/p>\n\n\n\n<p><strong>\u00ab\u00a0A un moment, la tol\u00e9rance, \u00e7a va, &lsquo;le pas de vague&rsquo;, c&rsquo;est fini!\u00a0\u00bb, a-t-il l\u00e2ch\u00e9.<\/strong>A l&rsquo;Assembl\u00e9e Nationale, Gabriel Attal tient \u00e0 remercier et rendre au corps enseignant. \u00ab\u00a0Notre \u00e9cole reste debout\u00a0\u00bb, a-t-il assur\u00e9. Avant d&rsquo;ajouter: \u00ab\u00a0Notre communaut\u00e9 \u00e9ducative fait face, elle fait bloc. A nous de lui dire toute notre reconnaissance\u00a0\u00bb. \u00ab\u00a0C\u2019est la barbarie abjecte qui frappe \u00e0 nouveau. Ce qu\u2019ont voulu attaquer les terroristes, c\u2019est notre \u00e9cole \u00e0 la fran\u00e7aise qui est un obstacle ultime \u00e0 leur funeste projet.\u00a0\u00bb<strong>Elisabeth Borne s&rsquo;adresse \u00e0 Mathilde Panot,\u00a0pr\u00e9sidente du groupe LFI \u00e0 l&rsquo;Assembl\u00e9e: \u00ab\u00a0Pour vous, ce ne sont pas des actes terroristes, pour moi vous vous excluez du champ r\u00e9publicain !\u00a0\u00bb\u00a0<\/strong>L\u2019Assembl\u00e9e nationale a observ\u00e9 une minute de silence en m\u00e9moire de Dominique Bernard et Samuel Paty. Elisabeth Borne rend hommage \u00e0 ce professeur de lettres tu\u00e9s lors de l\u2019attentat \u00e0 Arras. Elle dit aussi sa \u00ab solidarit\u00e9 \u00bb avec la Belgique.\u00a0\u00ab Nous ne renoncerons pas \u00e0 porter nos valeurs et la coh\u00e9sion nationale. (\u2026) La R\u00e9publique est debout \u00bb, conclut Elisabeth Borne. Seul le RN est rest\u00e9 assis mais en applaudissant. \u00ab\u00a0Les Voix de la France Insoumise manquent \u00e0 l&rsquo;unit\u00e9 nationale<\/p>\n\n\n\n<p><strong>Le procureur de la R\u00e9publique antiterroriste, Jean-Fran\u00e7ois Ricard, tient une conf\u00e9rence de presse \u00e0 Paris pour faire le point de l&rsquo;enqu\u00eate.<\/strong><\/p>\n\n\n\n<p><strong>\u00ab\u00a0Plus de 100 t\u00e9moins ont \u00e9t\u00e9 entendus et 13 personnes ont \u00e9t\u00e9 plac\u00e9es en garde \u00e0 vue\u00a0\u00bb,\u00a0\u00bbLe pronostic vital des bless\u00e9s n&rsquo;est plus engag\u00e9 \u00e0 ce jour\u00a0\u00bb<\/strong><\/p>\n\n\n\n<p><strong>L\u2019assaillant, son petit fr\u00e8re et son cousin vont \u00eatre pr\u00e9sent\u00e9s \u00e0 un juge antiterroriste dans les prochaines heures, a indiqu\u00e9 le procureur de la R\u00e9publique antiterroriste lors de sa conf\u00e9rence de presse.<\/strong><\/p>\n","protected":false},"excerpt":{"rendered":"<p>Le minist\u00e8re de l&rsquo;Int\u00e9rieur souhaite que la France expulse onze ressortissants russes figurant au fichier des personnes radicalis\u00e9es, comme l&rsquo;a appris l&rsquo;AFP. G\u00e9rald Darmanin souhaite aussi pouvoir retirer un titre de s\u00e9jour pour adh\u00e9sion \u00e0 \u00ab\u00a0l&rsquo;id\u00e9ologie jihadiste\u00a0\u00bb. &nbsp;Gabriel Attal indique que 179 \u00e9l\u00e8ves ont perturb\u00e9 la minute de silence.&nbsp;Le ministre indique que, pour chacun de [&hellip;]<\/p>\n","protected":false},"author":2,"featured_media":25828,"comment_status":"open","ping_status":"open","sticky":false,"template":"","format":"standard","meta":{"_jetpack_memberships_contains_paid_content":false,"footnotes":"","jetpack_publicize_message":"","jetpack_publicize_feature_enabled":true,"jetpack_social_post_already_shared":true,"jetpack_social_options":{"image_generator_settings":{"template":"highway","default_image_id":0,"font":"","enabled":false},"version":2},"_wpas_customize_per_network":false},"categories":[405],"tags":[],"class_list":["post-25827","post","type-post","status-publish","format-standard","has-post-thumbnail","hentry","category-actu-france-monde"],"jetpack_publicize_connections":[],"jetpack_featured_media_url":"https:\/\/i0.wp.com\/www.iceagetv.com\/radiosite\/wp-content\/uploads\/2023\/10\/Gabriel-Attal-annonce-que-179-perturbations-ont-ete-recensees.jpg?fit=679%2C293&ssl=1","jetpack_sharing_enabled":true,"_links":{"self":[{"href":"https:\/\/www.iceagetv.com\/radiosite\/wp-json\/wp\/v2\/posts\/25827","targetHints":{"allow":["GET"]}}],"collection":[{"href":"https:\/\/www.iceagetv.com\/radiosite\/wp-json\/wp\/v2\/posts"}],"about":[{"href":"https:\/\/www.iceagetv.com\/radiosite\/wp-json\/wp\/v2\/types\/post"}],"author":[{"embeddable":true,"href":"https:\/\/www.iceagetv.com\/radiosite\/wp-json\/wp\/v2\/users\/2"}],"replies":[{"embeddable":true,"href":"https:\/\/www.iceagetv.com\/radiosite\/wp-json\/wp\/v2\/comments?post=25827"}],"version-history":[{"count":1,"href":"https:\/\/www.iceagetv.com\/radiosite\/wp-json\/wp\/v2\/posts\/25827\/revisions"}],"predecessor-version":[{"id":25829,"href":"https:\/\/www.iceagetv.com\/radiosite\/wp-json\/wp\/v2\/posts\/25827\/revisions\/25829"}],"wp:featuredmedia":[{"embeddable":true,"href":"https:\/\/www.iceagetv.com\/radiosite\/wp-json\/wp\/v2\/media\/25828"}],"wp:attachment":[{"href":"https:\/\/www.iceagetv.com\/radiosite\/wp-json\/wp\/v2\/media?parent=25827"}],"wp:term":[{"taxonomy":"category","embeddable":true,"href":"https:\/\/www.iceagetv.com\/radiosite\/wp-json\/wp\/v2\/categories?post=25827"},{"taxonomy":"post_tag","embeddable":true,"href":"https:\/\/www.iceagetv.com\/radiosite\/wp-json\/wp\/v2\/tags?post=25827"}],"curies":[{"name":"wp","href":"https:\/\/api.w.org\/{rel}","templated":true}]}}