{"id":25843,"date":"2023-10-18T18:48:47","date_gmt":"2023-10-18T18:48:47","guid":{"rendered":"https:\/\/www.iceagetv.com\/radiosite\/?p=25843"},"modified":"2023-10-18T18:48:47","modified_gmt":"2023-10-18T18:48:47","slug":"les-policiers-vont-pouvoir-porter-leur-arme-dans-les-lieux-recevant-du-public","status":"publish","type":"post","link":"https:\/\/www.iceagetv.com\/radiosite\/les-policiers-vont-pouvoir-porter-leur-arme-dans-les-lieux-recevant-du-public\/","title":{"rendered":"LES POLICIERS VONT POUVOIR PORTER LEUR ARME DANS LES LIEUX RECEVANT DU PUBLIC"},"content":{"rendered":"\n<p>D\u2019apr\u00e8s le Minist\u00e8re de l\u2019Int\u00e9rieur, un d\u00e9cret qui autorise les forces de l\u2019ordre \u00e0 porter leur arme dans les lieux recevant du public (ERP) devrait \u00eatre \u201cprochainement\u201d publi\u00e9.<\/p>\n\n\n\n<p>S&rsquo;ils sont autoris\u00e9s \u00e0 porter leur arme hors-service,&nbsp;<a href=\"https:\/\/rmc.bfmtv.com\/actualites\/police-justice\/concerts-matchs-les-policiers-veulent-pouvoir-porter-leur-arme-dans-les-lieux-recevant-du-public_AV-202310180343.html\">les policiers n&rsquo;ont pas le droit de p\u00e9n\u00e9trer arm\u00e9s dans des \u00e9tablissements recevant du public (ERP)<\/a>. Une loi de 2017 autorise pourtant les fonctionnaires \u00e0 le faire, mais le d\u00e9cret n&rsquo;a jamais \u00e9t\u00e9 publi\u00e9 et la loi n&rsquo;est donc pas appliqu\u00e9e.<\/p>\n\n\n\n<p>Mais d\u2019apr\u00e8s nos informations, ce fameux d\u00e9cret sur le port d&rsquo;arme des policiers\/gendarmes dans les ERP sera finalement \u201cprochainement\u201d publi\u00e9.<\/p>\n\n\n\n<h2 class=\"wp-block-heading\">\u201cCela aurait d\u00fb \u00eatre fait depuis 2015\u201d<\/h2>\n\n\n\n<p>Invit\u00e9 sur le plateau de RMC ce mercredi matin, David Le Bars, secr\u00e9taire g\u00e9n\u00e9ral du syndicat des commissaires de la police nationale, plaidait en faveur de ce d\u00e9cret.<\/p>\n\n\n\n<p>\u201cConcerts, spectacles, matchs de foot ou de rugby, il faudrait que les policiers puissent rentrer avec leur arme. Quand il y a un attentat, ce que l&rsquo;on souhaite, c&rsquo;est avoir des policiers arm\u00e9s autour de soi et pouvoir \u00eatre d\u00e9fendu\u201d, expliquait-il.<\/p>\n\n\n\n<blockquote class=\"wp-block-quote is-layout-flow wp-block-quote-is-layout-flow\">\n<p>Cela aurait d\u00fb \u00eatre fait depuis 2015. Car c&rsquo;est toujours de la responsabilit\u00e9 de l&rsquo;organisateur que des policiers entrent dans un lieu o\u00f9 il y a du public. Dans ce climat d&rsquo;anxi\u00e9t\u00e9, il faudrait que les policiers puissent entrer avec leur arme et se dire que les policiers sont partout.\u201d<\/p>\n<\/blockquote>\n\n\n\n<p>Pour le moment, l\u2019absence de d\u00e9cret permet toujours aux ERP (\u00e9tablissements recevant du public) de refuser l&rsquo;acc\u00e8s aux agents arm\u00e9s hors service. Ainsi, la r\u00e9glementation pr\u00e9c\u00e9dente prime toujours: \u00ab\u00a0Le policier qui se verrait refuser l&rsquo;acc\u00e8s \u00e0 des lieux ouverts au public (cin\u00e9ma, mus\u00e9e, enceintes a\u00e9roportuaires, etc) au motif qu&rsquo;il est arm\u00e9, doit se conformer \u00e0 cette d\u00e9cision\u00a0\u00bb, selon les instructions de 2017<\/p>\n","protected":false},"excerpt":{"rendered":"<p>D\u2019apr\u00e8s le Minist\u00e8re de l\u2019Int\u00e9rieur, un d\u00e9cret qui autorise les forces de l\u2019ordre \u00e0 porter leur arme dans les lieux recevant du public (ERP) devrait \u00eatre \u201cprochainement\u201d publi\u00e9. S&rsquo;ils sont autoris\u00e9s \u00e0 porter leur arme hors-service,&nbsp;les policiers n&rsquo;ont pas le droit de p\u00e9n\u00e9trer arm\u00e9s dans des \u00e9tablissements recevant du public (ERP). Une loi de 2017 [&hellip;]<\/p>\n","protected":false},"author":2,"featured_media":25831,"comment_status":"open","ping_status":"open","sticky":false,"template":"","format":"standard","meta":{"_jetpack_memberships_contains_paid_content":false,"footnotes":"","jetpack_publicize_message":"","jetpack_publicize_feature_enabled":true,"jetpack_social_post_already_shared":true,"jetpack_social_options":{"image_generator_settings":{"template":"highway","default_image_id":0,"font":"","enabled":false},"version":2},"_wpas_customize_per_network":false},"categories":[405],"tags":[],"class_list":["post-25843","post","type-post","status-publish","format-standard","has-post-thumbnail","hentry","category-actu-france-monde"],"jetpack_publicize_connections":[],"jetpack_featured_media_url":"https:\/\/i0.wp.com\/www.iceagetv.com\/radiosite\/wp-content\/uploads\/2023\/10\/un-chauffard-recoit-une-amende-de-14-million-de-dollars-pour-exces-de-vitesse.jpg?fit=500%2C261&ssl=1","jetpack_sharing_enabled":true,"_links":{"self":[{"href":"https:\/\/www.iceagetv.com\/radiosite\/wp-json\/wp\/v2\/posts\/25843","targetHints":{"allow":["GET"]}}],"collection":[{"href":"https:\/\/www.iceagetv.com\/radiosite\/wp-json\/wp\/v2\/posts"}],"about":[{"href":"https:\/\/www.iceagetv.com\/radiosite\/wp-json\/wp\/v2\/types\/post"}],"author":[{"embeddable":true,"href":"https:\/\/www.iceagetv.com\/radiosite\/wp-json\/wp\/v2\/users\/2"}],"replies":[{"embeddable":true,"href":"https:\/\/www.iceagetv.com\/radiosite\/wp-json\/wp\/v2\/comments?post=25843"}],"version-history":[{"count":1,"href":"https:\/\/www.iceagetv.com\/radiosite\/wp-json\/wp\/v2\/posts\/25843\/revisions"}],"predecessor-version":[{"id":25844,"href":"https:\/\/www.iceagetv.com\/radiosite\/wp-json\/wp\/v2\/posts\/25843\/revisions\/25844"}],"wp:featuredmedia":[{"embeddable":true,"href":"https:\/\/www.iceagetv.com\/radiosite\/wp-json\/wp\/v2\/media\/25831"}],"wp:attachment":[{"href":"https:\/\/www.iceagetv.com\/radiosite\/wp-json\/wp\/v2\/media?parent=25843"}],"wp:term":[{"taxonomy":"category","embeddable":true,"href":"https:\/\/www.iceagetv.com\/radiosite\/wp-json\/wp\/v2\/categories?post=25843"},{"taxonomy":"post_tag","embeddable":true,"href":"https:\/\/www.iceagetv.com\/radiosite\/wp-json\/wp\/v2\/tags?post=25843"}],"curies":[{"name":"wp","href":"https:\/\/api.w.org\/{rel}","templated":true}]}}