{"id":25851,"date":"2023-10-19T12:08:16","date_gmt":"2023-10-19T12:08:16","guid":{"rendered":"https:\/\/www.iceagetv.com\/radiosite\/?p=25851"},"modified":"2023-10-19T12:08:16","modified_gmt":"2023-10-19T12:08:16","slug":"arras-un-lyceen-de-17-ans-interpelle-apres-avoir-menace-de-planter-une-professeure-de-francais-pendant-lhommage-a-samuel-paty-et-dominique-bernard-il-a-ete-defere-devant-le-parquet-pou","status":"publish","type":"post","link":"https:\/\/www.iceagetv.com\/radiosite\/arras-un-lyceen-de-17-ans-interpelle-apres-avoir-menace-de-planter-une-professeure-de-francais-pendant-lhommage-a-samuel-paty-et-dominique-bernard-il-a-ete-defere-devant-le-parquet-pou\/","title":{"rendered":"Arras: Un lyc\u00e9en de 17 ans interpell\u00e9 apr\u00e8s avoir menac\u00e9 de \u00ab\u00a0planter\u00a0\u00bb une professeure de fran\u00e7ais pendant l\u2019hommage \u00e0 Samuel Paty et Dominique Bernard &#8211; Il a \u00e9t\u00e9 d\u00e9f\u00e9r\u00e9 devant le parquet pour \u00ab\u00a0menace de crime\u00a0\u00bb"},"content":{"rendered":"\n<p>Un gar\u00e7on de 17 ans a \u00e9t\u00e9 interpell\u00e9 apr\u00e8s des menaces de mort envers une enseignante lors de l&rsquo;hommage \u00e0&nbsp;Samuel Paty&nbsp;et&nbsp;Dominique Bernard&nbsp;dans un lyc\u00e9e de&nbsp;Colmar, a-t-on appris aupr\u00e8s du parquet. \u00abPendant le temps d&rsquo;\u00e9change en lien avec l&rsquo;attentat d&rsquo;Arras et le d\u00e9c\u00e8s de l&rsquo;enseignant Dominique Bernard lundi matin, le lyc\u00e9en a menac\u00e9 de&nbsp;\u201cplanter\u201d&nbsp;une professeure de fran\u00e7ais\u00bb, nous a indiqu\u00e9 le parquet de Colmar.<\/p>\n\n\n\n<p>L&rsquo;enseignante a port\u00e9 plainte et le lyc\u00e9en a \u00e9t\u00e9 interpell\u00e9 dans la journ\u00e9e \u00e0 son domicile, a pr\u00e9cis\u00e9 le parquet, confirmant des informations du quotidien&nbsp;L&rsquo;Alsace. Il a \u00e9t\u00e9 d\u00e9f\u00e9r\u00e9 devant le parquet pour \u00abmenace de crime sur une personne charg\u00e9e d&rsquo;une mission de service public\u00bb et a \u00e9t\u00e9 convoqu\u00e9 devant le juge des enfants. En attendant, le jeune homme, qui n&rsquo;avait aucun ant\u00e9c\u00e9dent judiciaire, a interdiction de retourner au Lyc\u00e9e Blaise-Pascal, il est soumis au couvre-feu et devra suivre un stage de citoyennet\u00e9.<\/p>\n\n\n\n<p>Le lyc\u00e9e avait par ailleurs \u00e9t\u00e9 \u00e9vacu\u00e9 le m\u00eame jour dans l&rsquo;apr\u00e8s-midi \u00e0 la suite d&rsquo;une&nbsp;fausse alerte \u00e0 la bombe, comme plusieurs \u00e9tablissements du pays. Selon&nbsp;L&rsquo;Alsace, trois jeunes ont \u00e9t\u00e9 interpell\u00e9s \u00e0 la suite de ces alertes. Le minist\u00e8re de l&rsquo;\u00c9ducation nationale a annonc\u00e9 mercredi&nbsp;\u00ab357 perturbations et contestations\u00bb&nbsp;des temps d&rsquo;hommage aux enseignants Dominique Bernard, tu\u00e9 \u00e0 Arras vendredi, et Samuel Paty, tu\u00e9 trois ans plus t\u00f4t.<\/p>\n","protected":false},"excerpt":{"rendered":"<p>Un gar\u00e7on de 17 ans a \u00e9t\u00e9 interpell\u00e9 apr\u00e8s des menaces de mort envers une enseignante lors de l&rsquo;hommage \u00e0&nbsp;Samuel Paty&nbsp;et&nbsp;Dominique Bernard&nbsp;dans un lyc\u00e9e de&nbsp;Colmar, a-t-on appris aupr\u00e8s du parquet. \u00abPendant le temps d&rsquo;\u00e9change en lien avec l&rsquo;attentat d&rsquo;Arras et le d\u00e9c\u00e8s de l&rsquo;enseignant Dominique Bernard lundi matin, le lyc\u00e9en a menac\u00e9 de&nbsp;\u201cplanter\u201d&nbsp;une professeure de [&hellip;]<\/p>\n","protected":false},"author":2,"featured_media":25852,"comment_status":"open","ping_status":"open","sticky":false,"template":"","format":"standard","meta":{"_jetpack_memberships_contains_paid_content":false,"footnotes":"","jetpack_publicize_message":"","jetpack_publicize_feature_enabled":true,"jetpack_social_post_already_shared":true,"jetpack_social_options":{"image_generator_settings":{"template":"highway","default_image_id":0,"font":"","enabled":false},"version":2},"_wpas_customize_per_network":false},"categories":[405],"tags":[],"class_list":["post-25851","post","type-post","status-publish","format-standard","has-post-thumbnail","hentry","category-actu-france-monde"],"jetpack_publicize_connections":[],"jetpack_featured_media_url":"https:\/\/i0.wp.com\/www.iceagetv.com\/radiosite\/wp-content\/uploads\/2023\/10\/Un-lyceen-de-17-ans-interpelle.jpg?fit=679%2C293&ssl=1","jetpack_sharing_enabled":true,"_links":{"self":[{"href":"https:\/\/www.iceagetv.com\/radiosite\/wp-json\/wp\/v2\/posts\/25851","targetHints":{"allow":["GET"]}}],"collection":[{"href":"https:\/\/www.iceagetv.com\/radiosite\/wp-json\/wp\/v2\/posts"}],"about":[{"href":"https:\/\/www.iceagetv.com\/radiosite\/wp-json\/wp\/v2\/types\/post"}],"author":[{"embeddable":true,"href":"https:\/\/www.iceagetv.com\/radiosite\/wp-json\/wp\/v2\/users\/2"}],"replies":[{"embeddable":true,"href":"https:\/\/www.iceagetv.com\/radiosite\/wp-json\/wp\/v2\/comments?post=25851"}],"version-history":[{"count":1,"href":"https:\/\/www.iceagetv.com\/radiosite\/wp-json\/wp\/v2\/posts\/25851\/revisions"}],"predecessor-version":[{"id":25853,"href":"https:\/\/www.iceagetv.com\/radiosite\/wp-json\/wp\/v2\/posts\/25851\/revisions\/25853"}],"wp:featuredmedia":[{"embeddable":true,"href":"https:\/\/www.iceagetv.com\/radiosite\/wp-json\/wp\/v2\/media\/25852"}],"wp:attachment":[{"href":"https:\/\/www.iceagetv.com\/radiosite\/wp-json\/wp\/v2\/media?parent=25851"}],"wp:term":[{"taxonomy":"category","embeddable":true,"href":"https:\/\/www.iceagetv.com\/radiosite\/wp-json\/wp\/v2\/categories?post=25851"},{"taxonomy":"post_tag","embeddable":true,"href":"https:\/\/www.iceagetv.com\/radiosite\/wp-json\/wp\/v2\/tags?post=25851"}],"curies":[{"name":"wp","href":"https:\/\/api.w.org\/{rel}","templated":true}]}}