{"id":25854,"date":"2023-10-20T07:23:03","date_gmt":"2023-10-20T07:23:03","guid":{"rendered":"https:\/\/www.iceagetv.com\/radiosite\/?p=25854"},"modified":"2023-10-20T07:23:03","modified_gmt":"2023-10-20T07:23:03","slug":"tempete-aline-5-500-foyers-prives-delectricite-dans-les-alpes-maritimes-500-dans-le-var","status":"publish","type":"post","link":"https:\/\/www.iceagetv.com\/radiosite\/tempete-aline-5-500-foyers-prives-delectricite-dans-les-alpes-maritimes-500-dans-le-var\/","title":{"rendered":"TEMP\u00caTE ALINE: 5.500 FOYERS PRIV\u00c9S D\u2019\u00c9LECTRICIT\u00c9 DANS LES ALPES-MARITIMES, 500 DANS LE VAR"},"content":{"rendered":"\n<p>\u00c0 8 heures ce vendredi 20 octobre, 6.000 foyers des Alpes-Maritimes et du Var \u00e9taient priv\u00e9s d&rsquo;\u00e9lectricit\u00e9. Enedis pr\u00e9vient que 150 agents sont sur les lieux pour tenter de r\u00e9soudre le probl\u00e8me.<\/p>\n\n\n\n<p><a href=\"https:\/\/www.bfmtv.com\/cote-d-azur\/en-direct-intemperies-dans-les-alpes-maritimes-le-departement-en-vigilance-rouge-pluie-inondation-les-etablissements-scolaires-fermes_LN-202310200034.html\">Les intemp\u00e9ries dans des Alpes-Maritimes<\/a>&nbsp;engendrent des coupures d&rsquo;\u00e9lectricit\u00e9 dans le d\u00e9partement, mais aussi dans le Var. Ce vendredi 20 octobre,&nbsp;<a href=\"https:\/\/www.bfmtv.com\/lyon\/rhone-une-ligne-haute-tension-foudroyee-a-dommartin-200-foyers-prives-d-electricite_AN-202307240051.html\">Enedis<\/a>&nbsp;pr\u00e9cise que 5.500 foyers sont priv\u00e9s d&rsquo;\u00e9lectricit\u00e9 dans les Alpes-Maritimes. Dans le Var, ce sont 500 foyers qui sont concern\u00e9s.<\/p>\n\n\n\n<p>\u00ab\u00a0Les rafales de vent (au-del\u00e0 des 120 km\/h localement) mais surtout des pluies violentes ont provoqu\u00e9 des d\u00e9fauts sur les installations \u00e9lectriques. \u00c0 8h environ 6 000 clients \u00e9taient priv\u00e9s d\u2019\u00e9lectricit\u00e9, principalement dans les Alpes-Maritimes\u00a0\u00bb, pr\u00e9cise l&rsquo;entrepris.<\/p>\n\n\n\n<h2 class=\"wp-block-heading\">3.500 foyers de la V\u00e9subie concern\u00e9s<\/h2>\n\n\n\n<p>Dans le d\u00e9tail pour les Alpes-Maritimes, ce sont 3.500 foyers qui n&rsquo;ont plus d&rsquo;\u00e9lectricit\u00e9 dans la zone V\u00e9subie, 1.000 dans la Vall\u00e9e de l&rsquo;Esteron et 1.000 dans la zone de la Roya.<\/p>\n","protected":false},"excerpt":{"rendered":"<p>\u00c0 8 heures ce vendredi 20 octobre, 6.000 foyers des Alpes-Maritimes et du Var \u00e9taient priv\u00e9s d&rsquo;\u00e9lectricit\u00e9. Enedis pr\u00e9vient que 150 agents sont sur les lieux pour tenter de r\u00e9soudre le probl\u00e8me. Les intemp\u00e9ries dans des Alpes-Maritimes&nbsp;engendrent des coupures d&rsquo;\u00e9lectricit\u00e9 dans le d\u00e9partement, mais aussi dans le Var. Ce vendredi 20 octobre,&nbsp;Enedis&nbsp;pr\u00e9cise que 5.500 foyers [&hellip;]<\/p>\n","protected":false},"author":2,"featured_media":25855,"comment_status":"open","ping_status":"open","sticky":false,"template":"","format":"standard","meta":{"_jetpack_memberships_contains_paid_content":false,"footnotes":"","jetpack_publicize_message":"","jetpack_publicize_feature_enabled":true,"jetpack_social_post_already_shared":true,"jetpack_social_options":{"image_generator_settings":{"template":"highway","default_image_id":0,"font":"","enabled":false},"version":2},"_wpas_customize_per_network":false},"categories":[405],"tags":[],"class_list":["post-25854","post","type-post","status-publish","format-standard","has-post-thumbnail","hentry","category-actu-france-monde"],"jetpack_publicize_connections":[],"jetpack_featured_media_url":"https:\/\/i0.wp.com\/www.iceagetv.com\/radiosite\/wp-content\/uploads\/2023\/10\/TEMPETE-ALINE.jpg?fit=680%2C383&ssl=1","jetpack_sharing_enabled":true,"_links":{"self":[{"href":"https:\/\/www.iceagetv.com\/radiosite\/wp-json\/wp\/v2\/posts\/25854","targetHints":{"allow":["GET"]}}],"collection":[{"href":"https:\/\/www.iceagetv.com\/radiosite\/wp-json\/wp\/v2\/posts"}],"about":[{"href":"https:\/\/www.iceagetv.com\/radiosite\/wp-json\/wp\/v2\/types\/post"}],"author":[{"embeddable":true,"href":"https:\/\/www.iceagetv.com\/radiosite\/wp-json\/wp\/v2\/users\/2"}],"replies":[{"embeddable":true,"href":"https:\/\/www.iceagetv.com\/radiosite\/wp-json\/wp\/v2\/comments?post=25854"}],"version-history":[{"count":1,"href":"https:\/\/www.iceagetv.com\/radiosite\/wp-json\/wp\/v2\/posts\/25854\/revisions"}],"predecessor-version":[{"id":25856,"href":"https:\/\/www.iceagetv.com\/radiosite\/wp-json\/wp\/v2\/posts\/25854\/revisions\/25856"}],"wp:featuredmedia":[{"embeddable":true,"href":"https:\/\/www.iceagetv.com\/radiosite\/wp-json\/wp\/v2\/media\/25855"}],"wp:attachment":[{"href":"https:\/\/www.iceagetv.com\/radiosite\/wp-json\/wp\/v2\/media?parent=25854"}],"wp:term":[{"taxonomy":"category","embeddable":true,"href":"https:\/\/www.iceagetv.com\/radiosite\/wp-json\/wp\/v2\/categories?post=25854"},{"taxonomy":"post_tag","embeddable":true,"href":"https:\/\/www.iceagetv.com\/radiosite\/wp-json\/wp\/v2\/tags?post=25854"}],"curies":[{"name":"wp","href":"https:\/\/api.w.org\/{rel}","templated":true}]}}