{"id":25866,"date":"2023-10-20T18:53:11","date_gmt":"2023-10-20T18:53:11","guid":{"rendered":"https:\/\/www.iceagetv.com\/radiosite\/?p=25866"},"modified":"2023-10-20T18:53:11","modified_gmt":"2023-10-20T18:53:11","slug":"attentat-a-bruxelles-un-homme-interpelle-en-france","status":"publish","type":"post","link":"https:\/\/www.iceagetv.com\/radiosite\/attentat-a-bruxelles-un-homme-interpelle-en-france\/","title":{"rendered":"Attentat \u00e0 Bruxelles : un homme interpell\u00e9 en France"},"content":{"rendered":"\n<p>L&rsquo;auteur de l&rsquo;attaque terroriste meurtri\u00e8re, a-t-il \u00e9t\u00e9 aid\u00e9 par d&rsquo;autres personnes radicalis\u00e9es en Europe ? C&rsquo;est la question \u00e0 laquelle tentent de r\u00e9pondre les enqu\u00eateurs belges, moins d&rsquo;une semaine apr\u00e8s&nbsp;<a href=\"https:\/\/www.francetvinfo.fr\/monde\/europe\/attentats-de-bruxelles\/\">l&rsquo;attaque terroriste qui a co\u00fbt\u00e9 la vie \u00e0 deux Su\u00e9dois, lundi 16 octobre<\/a>, dans le centre-ville de Bruxelles.<\/p>\n\n\n\n<p>Un homme a \u00e9t\u00e9 interpell\u00e9 jeudi 19 octobre en France, dans le d\u00e9partement de la Loire-Atlantique. Cette arrestation<em>&nbsp;\u00ab\u00a0est en lien avec l&rsquo;enqu\u00eate ouverte en Belgique\u00a0\u00bb<\/em>, a indiqu\u00e9 \u00e0 franceinfo le parquet national antiterroriste, confirmant une information de l&rsquo;AFP.<\/p>\n\n\n\n<h2 class=\"wp-block-heading\">Une enqu\u00eate ouverte par le parquet national antiterroriste fran\u00e7ais<\/h2>\n\n\n\n<p>Le parquet national antiterroriste fran\u00e7ais a indiqu\u00e9 avoir ouvert mardi 17 octobre une enqu\u00eate pour association de malfaiteurs terroriste criminelle, \u00ab\u00a0<em>\u00e0 la suite d&rsquo;informations qui [leur] ont \u00e9t\u00e9 transmises par les autorit\u00e9s judiciaires belges<\/em>\u00ab\u00a0, \u00e0 propos de cet attentat.<\/p>\n\n\n\n<p>Les enqu\u00eateurs belges cherchent \u00e0 d\u00e9terminer si l&rsquo;auteur de l&rsquo;attaque, Abdesalem Lassoued, \u00e9tait en contact avec d&rsquo;autres individus radicalis\u00e9s, dans d&rsquo;autres pays europ\u00e9ens. L&rsquo;auteur lui, a \u00e9t\u00e9 abattu par la police belge au lendemain de l&rsquo;attaque, le mardi 17 octobre.<\/p>\n","protected":false},"excerpt":{"rendered":"<p>L&rsquo;auteur de l&rsquo;attaque terroriste meurtri\u00e8re, a-t-il \u00e9t\u00e9 aid\u00e9 par d&rsquo;autres personnes radicalis\u00e9es en Europe ? C&rsquo;est la question \u00e0 laquelle tentent de r\u00e9pondre les enqu\u00eateurs belges, moins d&rsquo;une semaine apr\u00e8s&nbsp;l&rsquo;attaque terroriste qui a co\u00fbt\u00e9 la vie \u00e0 deux Su\u00e9dois, lundi 16 octobre, dans le centre-ville de Bruxelles. Un homme a \u00e9t\u00e9 interpell\u00e9 jeudi 19 octobre [&hellip;]<\/p>\n","protected":false},"author":2,"featured_media":25867,"comment_status":"open","ping_status":"open","sticky":false,"template":"","format":"standard","meta":{"_jetpack_memberships_contains_paid_content":false,"footnotes":"","jetpack_publicize_message":"","jetpack_publicize_feature_enabled":true,"jetpack_social_post_already_shared":true,"jetpack_social_options":{"image_generator_settings":{"template":"highway","default_image_id":0,"font":"","enabled":false},"version":2},"_wpas_customize_per_network":false},"categories":[405],"tags":[],"class_list":["post-25866","post","type-post","status-publish","format-standard","has-post-thumbnail","hentry","category-actu-france-monde"],"jetpack_publicize_connections":[],"jetpack_featured_media_url":"https:\/\/i0.wp.com\/www.iceagetv.com\/radiosite\/wp-content\/uploads\/2023\/10\/Attentat-a-Bruxelles.jpg?fit=680%2C356&ssl=1","jetpack_sharing_enabled":true,"_links":{"self":[{"href":"https:\/\/www.iceagetv.com\/radiosite\/wp-json\/wp\/v2\/posts\/25866","targetHints":{"allow":["GET"]}}],"collection":[{"href":"https:\/\/www.iceagetv.com\/radiosite\/wp-json\/wp\/v2\/posts"}],"about":[{"href":"https:\/\/www.iceagetv.com\/radiosite\/wp-json\/wp\/v2\/types\/post"}],"author":[{"embeddable":true,"href":"https:\/\/www.iceagetv.com\/radiosite\/wp-json\/wp\/v2\/users\/2"}],"replies":[{"embeddable":true,"href":"https:\/\/www.iceagetv.com\/radiosite\/wp-json\/wp\/v2\/comments?post=25866"}],"version-history":[{"count":1,"href":"https:\/\/www.iceagetv.com\/radiosite\/wp-json\/wp\/v2\/posts\/25866\/revisions"}],"predecessor-version":[{"id":25868,"href":"https:\/\/www.iceagetv.com\/radiosite\/wp-json\/wp\/v2\/posts\/25866\/revisions\/25868"}],"wp:featuredmedia":[{"embeddable":true,"href":"https:\/\/www.iceagetv.com\/radiosite\/wp-json\/wp\/v2\/media\/25867"}],"wp:attachment":[{"href":"https:\/\/www.iceagetv.com\/radiosite\/wp-json\/wp\/v2\/media?parent=25866"}],"wp:term":[{"taxonomy":"category","embeddable":true,"href":"https:\/\/www.iceagetv.com\/radiosite\/wp-json\/wp\/v2\/categories?post=25866"},{"taxonomy":"post_tag","embeddable":true,"href":"https:\/\/www.iceagetv.com\/radiosite\/wp-json\/wp\/v2\/tags?post=25866"}],"curies":[{"name":"wp","href":"https:\/\/api.w.org\/{rel}","templated":true}]}}