{"id":2587,"date":"2015-08-09T08:02:31","date_gmt":"2015-08-09T08:02:31","guid":{"rendered":"http:\/\/www.iceagetv.com\/radiosite\/?p=2587"},"modified":"2015-08-09T08:02:31","modified_gmt":"2015-08-09T08:02:31","slug":"om-dans-une-lettre-de-demission-remise-au-president-du-club-et-lue-par-son-traducteur-en-conference-de-presse-apres-la-defaite-de-son-equipe-au-velodrome-bielsa-a-explique-avoir-rencontre-mercredi-le","status":"publish","type":"post","link":"https:\/\/www.iceagetv.com\/radiosite\/om-dans-une-lettre-de-demission-remise-au-president-du-club-et-lue-par-son-traducteur-en-conference-de-presse-apres-la-defaite-de-son-equipe-au-velodrome-bielsa-a-explique-avoir-rencontre-mercredi-le\/","title":{"rendered":"OM Dans une lettre de d\u00e9mission remise au pr\u00e9sident du club et lue par son traducteur en conf\u00e9rence de presse apr\u00e8s la d\u00e9faite de son \u00e9quipe au V\u00e9lodrome, Bielsa a expliqu\u00e9 avoir rencontr\u00e9 mercredi le directeur g\u00e9n\u00e9ral du club et l&rsquo;avocat de la propri\u00e9taire, Margarita Louis Dreyfus, \u00ab\u00a0ils voulaient changer le contrat\u00a0\u00bb, a-t-il \u00e9crit. \u00ab\u00a0Tous ses souhaits avaient \u00e9t\u00e9 exauc\u00e9s\u00a0\u00bb  Labrune a dit avoir \u00ab\u00a0du mal \u00e0 comprendre comment une simple r\u00e9union, mercredi, sur des d\u00e9tails techniques de ce contrat (&#8230;) puisse \u00eatre \u00e0 l&rsquo;origine de ce d\u00e9part pr\u00e9cipit\u00e9, alors que tous ses souhaits avaient \u00e9t\u00e9 exauc\u00e9s.\u00a0\u00bb Jeudi lors de sa premi\u00e8re conf\u00e9rence de presse de la saison, Bielsa avait assur\u00e9 s&rsquo;\u00eatre \u00ab\u00a0mis d&rsquo;accord avec le pr\u00e9sident (de Marseille) concernant les termes du contrat\u00a0\u00bb. L&rsquo;entra\u00eeneur a r\u00e9v\u00e9l\u00e9 samedi soir qu&rsquo;il avait en fait d\u00e9j\u00e0 pris la d\u00e9cision de d\u00e9missionner dans la nuit de mercredi \u00e0 jeudi. \u00ab\u00a0Prenant toutefois acte de cette d\u00e9cision qui place le club en difficult\u00e9 au moment o\u00f9 nous entamons le championnat par une d\u00e9faite \u00e0 domicile, j&rsquo;ai d\u00e9cid\u00e9 de confier \u00e0 titre provisoire la direction de l&rsquo;\u00e9quipe \u00e0 Franck Passi qui assurait jusqu&rsquo;ici la fonction d&rsquo;entra\u00eeneur-adjoint\u00a0\u00bb, a indiqu\u00e9 Labrune dans son communiqu\u00e9. : le pr\u00e9sident Labrune \u00ab\u00a0abasourdi\u00a0\u00bb par la d\u00e9mission de Bielsa"},"content":{"rendered":"<p>\n\tNous avions tous deux trouv&eacute; depuis plusieurs semaines un accord.&quot; Vincent Labrune est sous le choc de la d&eacute;mission surprise de son entra&icirc;neur.Il ne se remet pas du coup de th&eacute;&acirc;tre de la nuit. &quot;Je suis, &eacute;videmment, comme tous les supporteurs de l&#39;OM, abasourdi par la d&eacute;cision brutale de Marcelo Bielsa&quot;, a r&eacute;agi dimanche le pr&eacute;sident de l&#39;Olympique de&nbsp;Marseille,&nbsp;Vincent Labrune, apr&egrave;s l&#39;annonce surprise de la d&eacute;mission de son entra&icirc;neur. &quot;Nous avions tous deux trouv&eacute; depuis plusieurs semaines un accord pour la prolongation de son contrat&quot;, a ajout&eacute; Labrune, indiquant avoir confi&eacute; &agrave; l&#39;adjoint de Bielsa, Franck Passi, la charge d&#39;assurer l&#39;int&eacute;rim au poste d&#39;entra&icirc;neur, selon un communiqu&eacute; publi&eacute; dans la nuit de samedi &agrave; dimanche sur le site du club.\n<\/p>\n<p>\n\tMarcelo Bielsa a annonc&eacute; samedi soir, apr&egrave;s la d&eacute;faite contre&nbsp;Caen&nbsp;(1-0) en premi&egrave;re journ&eacute;e du championnat, sa d&eacute;mission du poste d&#39;entra&icirc;neur de l&#39;OM pour un d&eacute;saccord avec la direction. L&#39;entra&icirc;neur argentin a refus&eacute; d&#39;entrer dans les d&eacute;tails de ce d&eacute;saccord, &eacute;voquant seulement un changement de derni&egrave;re minute dans un contrat sur lequel un accord avait &eacute;t&eacute; trouv&eacute; apr&egrave;s deux mois de n&eacute;gociations.Dans une lettre de d&eacute;mission remise au pr&eacute;sident du club et lue par son traducteur en conf&eacute;rence de presse apr&egrave;s la d&eacute;faite de son &eacute;quipe au V&eacute;lodrome, Bielsa a expliqu&eacute; avoir rencontr&eacute; mercredi le directeur g&eacute;n&eacute;ral du club et l&#39;avocat de la propri&eacute;taire, Margarita Louis Dreyfus, &quot;ils voulaient changer le contrat&quot;, a-t-il &eacute;crit.\n<\/p>\n<p>\n\t&quot;Tous ses souhaits avaient &eacute;t&eacute; exauc&eacute;s&quot;\n<\/p>\n<p>\n\tLabrune a dit avoir &quot;du mal &agrave; comprendre comment une simple r&eacute;union, mercredi, sur des d&eacute;tails techniques de ce contrat (&#8230;) puisse &ecirc;tre &agrave; l&#39;origine de ce d&eacute;part pr&eacute;cipit&eacute;, alors que tous ses souhaits avaient &eacute;t&eacute; exauc&eacute;s.&quot; Jeudi lors de sa premi&egrave;re conf&eacute;rence de presse de la saison, Bielsa avait assur&eacute; s&#39;&ecirc;tre &quot;mis d&#39;accord avec le pr&eacute;sident (de Marseille) concernant les termes du contrat&quot;. L&#39;entra&icirc;neur a r&eacute;v&eacute;l&eacute; samedi soir qu&#39;il avait en fait d&eacute;j&agrave; pris la d&eacute;cision de d&eacute;missionner dans la nuit de mercredi &agrave; jeudi.\n<\/p>\n<p>\n\t&quot;Prenant toutefois acte de cette d&eacute;cision qui place le club en difficult&eacute; au moment o&ugrave; nous entamons le championnat par une d&eacute;faite &agrave; domicile, j&#39;ai d&eacute;cid&eacute; de confier &agrave; titre provisoire la direction de l&#39;&eacute;quipe &agrave; Franck Passi qui assurait jusqu&#39;ici la fonction d&#39;entra&icirc;neur-adjoint&quot;, a indiqu&eacute; Labrune dans son communiqu&eacute;.<\/p>\n","protected":false},"excerpt":{"rendered":"<p>Nous avions tous deux trouv&eacute; depuis plusieurs semaines un accord.&quot; Vincent Labrune est sous le choc de la d&eacute;mission surprise de son entra&icirc;neur.Il ne se remet pas du coup de th&eacute;&acirc;tre de la nuit. &quot;Je suis, &eacute;videmment, comme tous les supporteurs de l&#39;OM, abasourdi par la d&eacute;cision brutale de Marcelo Bielsa&quot;, a r&eacute;agi dimanche le [&hellip;]<\/p>\n","protected":false},"author":2,"featured_media":2588,"comment_status":"open","ping_status":"open","sticky":false,"template":"","format":"standard","meta":{"_jetpack_memberships_contains_paid_content":false,"footnotes":"","jetpack_publicize_message":"","jetpack_publicize_feature_enabled":true,"jetpack_social_post_already_shared":false,"jetpack_social_options":{"image_generator_settings":{"template":"highway","default_image_id":0,"font":"","enabled":false},"version":2},"_wpas_customize_per_network":false},"categories":[18],"tags":[571],"class_list":["post-2587","post","type-post","status-publish","format-standard","has-post-thumbnail","hentry","category-actu-sport","tag-om"],"jetpack_publicize_connections":[],"jetpack_featured_media_url":"https:\/\/i0.wp.com\/www.iceagetv.com\/radiosite\/wp-content\/uploads\/2015\/08\/om-vincent-labrune.jpg?fit=660%2C281&ssl=1","jetpack_sharing_enabled":true,"_links":{"self":[{"href":"https:\/\/www.iceagetv.com\/radiosite\/wp-json\/wp\/v2\/posts\/2587","targetHints":{"allow":["GET"]}}],"collection":[{"href":"https:\/\/www.iceagetv.com\/radiosite\/wp-json\/wp\/v2\/posts"}],"about":[{"href":"https:\/\/www.iceagetv.com\/radiosite\/wp-json\/wp\/v2\/types\/post"}],"author":[{"embeddable":true,"href":"https:\/\/www.iceagetv.com\/radiosite\/wp-json\/wp\/v2\/users\/2"}],"replies":[{"embeddable":true,"href":"https:\/\/www.iceagetv.com\/radiosite\/wp-json\/wp\/v2\/comments?post=2587"}],"version-history":[{"count":1,"href":"https:\/\/www.iceagetv.com\/radiosite\/wp-json\/wp\/v2\/posts\/2587\/revisions"}],"predecessor-version":[{"id":2589,"href":"https:\/\/www.iceagetv.com\/radiosite\/wp-json\/wp\/v2\/posts\/2587\/revisions\/2589"}],"wp:featuredmedia":[{"embeddable":true,"href":"https:\/\/www.iceagetv.com\/radiosite\/wp-json\/wp\/v2\/media\/2588"}],"wp:attachment":[{"href":"https:\/\/www.iceagetv.com\/radiosite\/wp-json\/wp\/v2\/media?parent=2587"}],"wp:term":[{"taxonomy":"category","embeddable":true,"href":"https:\/\/www.iceagetv.com\/radiosite\/wp-json\/wp\/v2\/categories?post=2587"},{"taxonomy":"post_tag","embeddable":true,"href":"https:\/\/www.iceagetv.com\/radiosite\/wp-json\/wp\/v2\/tags?post=2587"}],"curies":[{"name":"wp","href":"https:\/\/api.w.org\/{rel}","templated":true}]}}