{"id":25884,"date":"2023-10-23T16:46:39","date_gmt":"2023-10-23T16:46:39","guid":{"rendered":"https:\/\/www.iceagetv.com\/radiosite\/?p=25884"},"modified":"2023-10-23T16:46:39","modified_gmt":"2023-10-23T16:46:39","slug":"trois-adolescents-radicalises-et-ages-de-15-et-16-ans-interpelles-en-indre-et-loire-auraient-envisage-un-attentat-contre-une-representation-diplomatique-israelienne","status":"publish","type":"post","link":"https:\/\/www.iceagetv.com\/radiosite\/trois-adolescents-radicalises-et-ages-de-15-et-16-ans-interpelles-en-indre-et-loire-auraient-envisage-un-attentat-contre-une-representation-diplomatique-israelienne\/","title":{"rendered":"Trois adolescents radicalis\u00e9s, et \u00e2g\u00e9s de 15 et 16 ans, interpell\u00e9s en Indre-et-Loire auraient envisag\u00e9 un attentat contre une repr\u00e9sentation diplomatique isra\u00e9lienne"},"content":{"rendered":"\n<p>Les&nbsp;trois adolescents radicalis\u00e9s&nbsp;arr\u00eat\u00e9s fin ao\u00fbt et d\u00e9but septembre en&nbsp;Indre-et-Loire&nbsp;et mis en examen par un juge antiterroriste \u00e0 Paris auraient envisag\u00e9 une \u00abaction violente au pr\u00e9judice de repr\u00e9sentation diplomatique isra\u00e9lienne en Belgique\u00bb, a indiqu\u00e9 une source judiciaire.<\/p>\n\n\n\n<p>L&rsquo;enqu\u00eate avait \u00e9t\u00e9 ouverte en juin \u00e0 la suite d&rsquo;une visite domiciliaire men\u00e9e quelques semaines plus t\u00f4t chez un adolescent \u00e2g\u00e9 de 15 ans en Indre-et-Loire. Selon la source judiciaire, confirmant une information du&nbsp;Parisien, \u00abl&rsquo;exploitation de ses supports r\u00e9v\u00e9lait une profonde adh\u00e9sion \u00e0 l&rsquo;id\u00e9ologie djihadiste et des \u00e9changes visant \u00e0 commettre une action violente au pr\u00e9judice de repr\u00e9sentation diplomatique isra\u00e9lienne en&nbsp;Belgique\u00bb.<\/p>\n\n\n\n<p>Lui et deux autres adolescents, \u00e2g\u00e9s de 15 ans et 16 ans, ont ensuite \u00e9t\u00e9 interpell\u00e9s fin ao\u00fbt puis d\u00e9but septembre en France et mis examen pour association de malfaiteurs terroriste en vue de la pr\u00e9paration d&rsquo;un ou plusieurs crimes d&rsquo;atteintes aux personnes. Ils \u00e9changeaient, notamment via des messageries crypt\u00e9es, \u00absur les cibles et la fabrication d&rsquo;explosifs\u00bb. \u00abInitialement, c&rsquo;\u00e9tait quelque chose d&rsquo;assez na\u00eff. Lui, il ne percevait pas la gravit\u00e9 de ce qu&rsquo;il \u00e9tait en train de commettre. Il n&rsquo;avait pas la conscience de participer \u00e0 une organisation terroriste ou de fomenter r\u00e9ellement des projets terroristes\u00bb, a r\u00e9agi sur BFM l&rsquo;avocate d&rsquo;un des adolescents, Alexandra Hawrylyszyn.<\/p>\n\n\n\n<p>\u00abIl a \u00e9t\u00e9 approch\u00e9 par ces organisations terroristes de fa\u00e7on assez ludique, on parle de jeux en ligne, de messageries TikTok, Instagram. C&rsquo;est vrai que, m\u00eame s&rsquo;il a pu malheureusement \u00eatre approch\u00e9 par des terroristes d&rsquo;un niveau assez \u00e9lev\u00e9, ce n&rsquo;est quand m\u00eame qu&rsquo;un adolescent de 15 ans et il ne pensait pas \u00eatre inqui\u00e9t\u00e9 plus que \u00e7a pour des propos qu&rsquo;il \u00e9changeait sur internet\u00bb, a-t-elle ajout\u00e9. \u00abNotre client appara\u00eet comme particuli\u00e8rement jeune et vuln\u00e9rable\u00bb, ont \u00e9galement d\u00e9clar\u00e9 les conseils de l&rsquo;adolescent de 16 ans. \u00abSans commenter le fond du dossier, nous constatons le cheminement encourageant qu&rsquo;il a d&rsquo;ores et d\u00e9j\u00e0 entrepris dans le cadre de sa prise en charge judiciaire\u00bb, ont assur\u00e9 \u00e0 l&rsquo;AFP Mes Pierre-Henri Baert et Jean-Baptiste Riolacci.<\/p>\n\n\n\n<p>Le 15 septembre, lorsque l&rsquo;AFP avait fait \u00e9tat de ses interpellations, le parquet national antiterroriste avait confirm\u00e9 qu&rsquo;il \u00ableur est effectivement reproch\u00e9 d&rsquo;avoir, mus par une id\u00e9ologie djihadiste, constitu\u00e9 des groupes sur les r\u00e9seaux s\u00e9curis\u00e9s en vue de la pr\u00e9paration d&rsquo;une action violente\u00bb. Ils avaient cr\u00e9\u00e9 des \u00abgroupes sur des messageries crypt\u00e9es\u00bb, mais \u00abn&rsquo;\u00e9taient pas \u00e0 la veille de passer \u00e0 l&rsquo;acte\u00bb, avait soulign\u00e9 une source proche du dossier. Comme dans de r\u00e9centes arrestations de jeunes radicalis\u00e9s, il s&rsquo;agit \u00abencore une fois de profils jeunes, avec sans doute une part d&rsquo;immaturit\u00e9, de mal-\u00eatre adolescent\u00bb, avait d\u00e9taill\u00e9 cette source. Les investigations se poursuivent.<\/p>\n","protected":false},"excerpt":{"rendered":"<p>Les&nbsp;trois adolescents radicalis\u00e9s&nbsp;arr\u00eat\u00e9s fin ao\u00fbt et d\u00e9but septembre en&nbsp;Indre-et-Loire&nbsp;et mis en examen par un juge antiterroriste \u00e0 Paris auraient envisag\u00e9 une \u00abaction violente au pr\u00e9judice de repr\u00e9sentation diplomatique isra\u00e9lienne en Belgique\u00bb, a indiqu\u00e9 une source judiciaire. L&rsquo;enqu\u00eate avait \u00e9t\u00e9 ouverte en juin \u00e0 la suite d&rsquo;une visite domiciliaire men\u00e9e quelques semaines plus t\u00f4t chez un [&hellip;]<\/p>\n","protected":false},"author":2,"featured_media":25885,"comment_status":"open","ping_status":"open","sticky":false,"template":"","format":"standard","meta":{"_jetpack_memberships_contains_paid_content":false,"footnotes":"","jetpack_publicize_message":"","jetpack_publicize_feature_enabled":true,"jetpack_social_post_already_shared":true,"jetpack_social_options":{"image_generator_settings":{"template":"highway","default_image_id":0,"font":"","enabled":false},"version":2},"_wpas_customize_per_network":false},"categories":[405],"tags":[],"class_list":["post-25884","post","type-post","status-publish","format-standard","has-post-thumbnail","hentry","category-actu-france-monde"],"jetpack_publicize_connections":[],"jetpack_featured_media_url":"https:\/\/i0.wp.com\/www.iceagetv.com\/radiosite\/wp-content\/uploads\/2023\/10\/Trois-adolescents-radicalises.jpg?fit=679%2C293&ssl=1","jetpack_sharing_enabled":true,"_links":{"self":[{"href":"https:\/\/www.iceagetv.com\/radiosite\/wp-json\/wp\/v2\/posts\/25884","targetHints":{"allow":["GET"]}}],"collection":[{"href":"https:\/\/www.iceagetv.com\/radiosite\/wp-json\/wp\/v2\/posts"}],"about":[{"href":"https:\/\/www.iceagetv.com\/radiosite\/wp-json\/wp\/v2\/types\/post"}],"author":[{"embeddable":true,"href":"https:\/\/www.iceagetv.com\/radiosite\/wp-json\/wp\/v2\/users\/2"}],"replies":[{"embeddable":true,"href":"https:\/\/www.iceagetv.com\/radiosite\/wp-json\/wp\/v2\/comments?post=25884"}],"version-history":[{"count":1,"href":"https:\/\/www.iceagetv.com\/radiosite\/wp-json\/wp\/v2\/posts\/25884\/revisions"}],"predecessor-version":[{"id":25886,"href":"https:\/\/www.iceagetv.com\/radiosite\/wp-json\/wp\/v2\/posts\/25884\/revisions\/25886"}],"wp:featuredmedia":[{"embeddable":true,"href":"https:\/\/www.iceagetv.com\/radiosite\/wp-json\/wp\/v2\/media\/25885"}],"wp:attachment":[{"href":"https:\/\/www.iceagetv.com\/radiosite\/wp-json\/wp\/v2\/media?parent=25884"}],"wp:term":[{"taxonomy":"category","embeddable":true,"href":"https:\/\/www.iceagetv.com\/radiosite\/wp-json\/wp\/v2\/categories?post=25884"},{"taxonomy":"post_tag","embeddable":true,"href":"https:\/\/www.iceagetv.com\/radiosite\/wp-json\/wp\/v2\/tags?post=25884"}],"curies":[{"name":"wp","href":"https:\/\/api.w.org\/{rel}","templated":true}]}}