{"id":25890,"date":"2023-10-24T18:38:03","date_gmt":"2023-10-24T18:38:03","guid":{"rendered":"https:\/\/www.iceagetv.com\/radiosite\/?p=25890"},"modified":"2023-10-24T18:38:03","modified_gmt":"2023-10-24T18:38:03","slug":"emmanuel-macron-est-a-ramallah-en-cisjordanie-pour-rencontrer-le-president-de-lautorite-palestinienne-le-president-francais-propose-une-coalition-regionale-et-internationale-pour-lutter-contre","status":"publish","type":"post","link":"https:\/\/www.iceagetv.com\/radiosite\/emmanuel-macron-est-a-ramallah-en-cisjordanie-pour-rencontrer-le-president-de-lautorite-palestinienne-le-president-francais-propose-une-coalition-regionale-et-internationale-pour-lutter-contre\/","title":{"rendered":"Emmanuel Macron est \u00e0 Ramallah, en Cisjordanie, pour rencontrer le pr\u00e9sident de l&rsquo;Autorit\u00e9 palestinienne &#8211; Le pr\u00e9sident fran\u00e7ais propose une \u00ab\u00a0coalition r\u00e9gionale et internationale pour lutter contre les terroristes\u00a0\u00bb"},"content":{"rendered":"\n<p><strong>Emmanuel Macron rappelle que la France soutient les populations civiles palestiniennes \u00abpar l\u2019aide que nous finan\u00e7ons chaque ann\u00e9e<\/strong>, que nous n&rsquo;avons jamais cess\u00e9, que nous avons augment\u00e9 de 10 millions d&rsquo;euros ces derni\u00e8res semaines, \u00e0 l&rsquo;endroit des populations palestiniens en lien tr\u00e8s \u00e9troit avec les organisations non gouvernementales, les nations unies \u00bb.<\/p>\n\n\n\n<p>Le pr\u00e9sident fran\u00e7ais propose \u00e9galement \u00abune initiative permettant un soutien particulier aux populations de Cisojordanie sur le plan \u00e9conomique et social et que nous voyons avec les Etats de la r\u00e9gion pour mettre en place une aide pour venir en aide aux populations civiles qui sont frapp\u00e9es par la situation\u00bb.Emmanuel Macron arrive \u00e0 Ramallah, en Cisjordanie, au si\u00e8ge de l&rsquo;Autorit\u00e9 palestinienne o\u00f9 il doit rencontrer Mahmoud Abbas,le pr\u00e9sident de l&rsquo;Autorit\u00e9 palestinienne.\u00a0<\/p>\n\n\n\n<p>Le secr\u00e9taire g\u00e9n\u00e9ral de l&rsquo;ONU Antonio Guterres a d\u00e9nonc\u00e9 mardi devant le Conseil de s\u00e9curit\u00e9 les \u00ab\u00a0claires violations du droit international humanitaire \u00e0 Gaza\u00a0\u00bb, au 18e jour de la guerre entre Isra\u00ebl et le Hamas.<\/p>\n\n\n\n<p>\u00ab\u00a0Je suis profond\u00e9ment inquiet concernant les claires violations du droit international humanitaire que nous voyons \u00e0 Gaza. Soyons clairs: aucune partie \u00e0 un conflit arm\u00e9 n&rsquo;est au dessus du droit humanitaire international\u00a0\u00bb, a-t-il insist\u00e9, sans mentionner Isra\u00ebl.<\/p>\n\n\n\n<p>L&rsquo;Elys\u00e9e apporte des pr\u00e9cisions sur la proposition d&rsquo;Emmanuel Macron pour que la coalition internationale contre Daech&nbsp;\u00ab\u00a0puisse lutter aussi contre le Hamas\u00a0\u00bb.&nbsp;\u00ab\u00a0Il s&rsquo;agit de s&rsquo;inspirer de l&rsquo;exp\u00e9rience de la Coalition internationale contre Daech et voir quels aspects sont r\u00e9plicables contre le Hamas. Nous sommes donc disponibles pour r\u00e9fl\u00e9chir, avec nos partenaires et Isra\u00ebl, aux pistes d&rsquo;actions pertinentes contre le Hamas\u00a0\u00bb,&nbsp;d\u00e9taille la pr\u00e9sidence.&nbsp;<\/p>\n\n\n\n<p>\u00ab\u00a0Ce sera ensuite aux partenaires et notamment \u00e0 Isra\u00ebl d&rsquo;exprimer leurs besoins\u00a0\u00bb,\u00a0pr\u00e9cise l&rsquo;Elys\u00e9e au sujet de la proposition d&rsquo;Emmanuel Macron pour que la coalition internationale contre Daech\u00a0\u00ab\u00a0puisse lutter aussi contre le Hamas\u00a0\u00bb. \u00ab\u00a0Pour rappel, la Coalition internationale contre Daech ne se limite pas \u00e0 des op\u00e9rations sur le terrain, mais implique aussi des formations des forces irakiennes, le partage d&rsquo;information entre partenaires, la lutte contre le financement du terrorisme\u00a0\u00bb,\u00a0ajoute la pr\u00e9sidence<strong>\u00a0<\/strong>Interpell\u00e9 par le d\u00e9put\u00e9 LFI Aymeric Caron, lors des questions au gouvernement \u00e0 l&rsquo;Assembl\u00e9e nationale, Olivier Becht, ministre d\u00e9l\u00e9gu\u00e9 charg\u00e9 du Commerce ext\u00e9rieur, de l\u2019Attractivit\u00e9 et des Fran\u00e7ais de l\u2019\u00e9tranger, d\u00e9clare que\u00a0\u00ab\u00a0la position de la France est claire, contrairement \u00e0 la v\u00f4tre\u00a0\u00bb. \u00ab\u00a0Nous demandons aujourd&rsquo;hui une tr\u00eave humanitaire qui permette d&rsquo;acheminer l&rsquo;aide humanitaire. Nous n&rsquo;avons jamais fait d&rsquo;assimilation entre le Hamas et le peuple palestinien. Nous d\u00e9fendons la solution \u00e0 deux Etats.\u00a0\u00bb<\/p>\n\n\n\n<p><strong>Le point sur ce que l&rsquo;on sait<\/strong><\/p>\n\n\n\n<p>Le pr\u00e9sident fran\u00e7ais Emmanuel Macron, a propos\u00e9 mardi \u00e0 J\u00e9rusalem de \u00ab&nbsp;b\u00e2tir une coalition internationale&nbsp;\u00bb contre le Hamas et esp\u00e8re avancer sur une \u00ab&nbsp;relance d\u00e9cisive&nbsp;\u00bb du processus de paix avec les Palestiniens.<\/p>\n\n\n\n<p>\u00ab&nbsp;La France est pr\u00eate \u00e0 ce que la coalition internationale contre Daech, dans le cadre de laquelle nous sommes engag\u00e9s pour notre op\u00e9ration en Irak et en Syrie, puisse lutter aussi contre le Hamas&nbsp;\u00bb, a d\u00e9clar\u00e9 M. Macron \u00e0 l\u2019issue d\u2019une rencontre bilat\u00e9rale avec le Premier ministre isra\u00e9lien Benjamin Netanyahu, utilisant un acronyme arabe pour le groupe Etat islamique (EI).<\/p>\n\n\n\n<p>\u00ab&nbsp;Je propose \u00e0 nos partenaires internationaux que nous puissions b\u00e2tir une coalition r\u00e9gionale et internationale pour lutter contre les groupes terroristes qui nous menacent tous&nbsp;\u00bb, a-t-il insist\u00e9. \u00ab&nbsp;C\u2019est l\u2019int\u00e9r\u00eat d\u2019Isra\u00ebl et de sa s\u00e9curit\u00e9, celle aussi de plusieurs de vos voisins menac\u00e9s par ces m\u00eames groupes ou des groupes voisins. La lutte doit \u00eatre sans merci, mais pas sans r\u00e8gles, car nous sommes des d\u00e9mocraties qui luttons contre des terroristes, des d\u00e9mocraties donc qui respectent le droit de la guerre et assurent l\u2019acc\u00e8s humanitaire&nbsp;\u00bb aux populations de Gaza, a-t-il ajout\u00e9.<\/p>\n\n\n\n<p>Alors que la situation est tr\u00e8s tendue \u00e0 la fronti\u00e8re avec le Liban, M. Macron a aussi appel\u00e9 \u00ab&nbsp;le Hezbollah, le r\u00e9gime iranien, les Houthis au Yemen&nbsp;\u00bb \u00e0 \u00ab&nbsp;ne pas prendre le risque inconsid\u00e9r\u00e9 d\u2019ouvrir de nouveaux fronts&nbsp;\u00bb. Il a \u00e9galement appel\u00e9 \u00ab&nbsp;l\u2019attention de chacun sur les actes de quelques-uns \u00e0 l\u2019\u00e9gard de civils palestiniens dont la violence menace de propager le feu \u00e0 la Cisjordanie aussi&nbsp;\u00bb.<\/p>\n\n\n\n<p>Apr\u00e8s l\u2019attaque sans pr\u00e9c\u00e9dent perp\u00e9tr\u00e9e le 7 octobre par le Hamas contre Isra\u00ebl, le chef de l\u2019\u00c9tat fran\u00e7ais a assur\u00e9 la population isra\u00e9lienne de \u00ab&nbsp;la solidarit\u00e9&nbsp;\u00bb et \u00ab&nbsp;l\u2019\u00e9motion&nbsp;\u00bb de la France, estimant qu\u2019avec 30 morts fran\u00e7ais et neuf otages ou disparus, l\u2019attaque constituait \u00ab&nbsp;une page noire de notre propre histoire&nbsp;\u00bb. Il a pr\u00e9sent\u00e9 les \u00ab&nbsp;condol\u00e9ances d\u2019un pays ami \u00e9plor\u00e9&nbsp;\u00bb.<\/p>\n\n\n\n<p>Mais \u00ab&nbsp;la cause palestinienne doit \u00eatre entendue avec raison&nbsp;\u00bb, a-t-il soulign\u00e9. \u00ab&nbsp;La s\u00e9curit\u00e9 d\u2019Isra\u00ebl ne peut \u00eatre durable sans une relance d\u00e9cisive du processus politique avec les Palestiniens&nbsp;\u00bb, a-t-il insist\u00e9.<\/p>\n\n\n\n<p>M. Macron en discutera mardi apr\u00e8s-midi \u00e0 Ramallah avec le pr\u00e9sident de l\u2019Autorit\u00e9 palestinienne, Mahmoud Abbas, et mercredi avec plusieurs dirigeants de la r\u00e9gion \u00ab&nbsp;pour tr\u00e8s concr\u00e8tement avancer sur l\u2019agenda que nous nous sommes donn\u00e9&nbsp;\u00bb.<\/p>\n","protected":false},"excerpt":{"rendered":"<p>Emmanuel Macron rappelle que la France soutient les populations civiles palestiniennes \u00abpar l\u2019aide que nous finan\u00e7ons chaque ann\u00e9e, que nous n&rsquo;avons jamais cess\u00e9, que nous avons augment\u00e9 de 10 millions d&rsquo;euros ces derni\u00e8res semaines, \u00e0 l&rsquo;endroit des populations palestiniens en lien tr\u00e8s \u00e9troit avec les organisations non gouvernementales, les nations unies \u00bb. Le pr\u00e9sident fran\u00e7ais [&hellip;]<\/p>\n","protected":false},"author":2,"featured_media":25891,"comment_status":"open","ping_status":"open","sticky":false,"template":"","format":"standard","meta":{"_jetpack_memberships_contains_paid_content":false,"footnotes":"","jetpack_publicize_message":"","jetpack_publicize_feature_enabled":true,"jetpack_social_post_already_shared":true,"jetpack_social_options":{"image_generator_settings":{"template":"highway","default_image_id":0,"font":"","enabled":false},"version":2},"_wpas_customize_per_network":false},"categories":[405],"tags":[],"class_list":["post-25890","post","type-post","status-publish","format-standard","has-post-thumbnail","hentry","category-actu-france-monde"],"jetpack_publicize_connections":[],"jetpack_featured_media_url":"https:\/\/i0.wp.com\/www.iceagetv.com\/radiosite\/wp-content\/uploads\/2023\/10\/Emmanuel-Macron-est-a-Ramallah.jpg?fit=679%2C293&ssl=1","jetpack_sharing_enabled":true,"_links":{"self":[{"href":"https:\/\/www.iceagetv.com\/radiosite\/wp-json\/wp\/v2\/posts\/25890","targetHints":{"allow":["GET"]}}],"collection":[{"href":"https:\/\/www.iceagetv.com\/radiosite\/wp-json\/wp\/v2\/posts"}],"about":[{"href":"https:\/\/www.iceagetv.com\/radiosite\/wp-json\/wp\/v2\/types\/post"}],"author":[{"embeddable":true,"href":"https:\/\/www.iceagetv.com\/radiosite\/wp-json\/wp\/v2\/users\/2"}],"replies":[{"embeddable":true,"href":"https:\/\/www.iceagetv.com\/radiosite\/wp-json\/wp\/v2\/comments?post=25890"}],"version-history":[{"count":2,"href":"https:\/\/www.iceagetv.com\/radiosite\/wp-json\/wp\/v2\/posts\/25890\/revisions"}],"predecessor-version":[{"id":25893,"href":"https:\/\/www.iceagetv.com\/radiosite\/wp-json\/wp\/v2\/posts\/25890\/revisions\/25893"}],"wp:featuredmedia":[{"embeddable":true,"href":"https:\/\/www.iceagetv.com\/radiosite\/wp-json\/wp\/v2\/media\/25891"}],"wp:attachment":[{"href":"https:\/\/www.iceagetv.com\/radiosite\/wp-json\/wp\/v2\/media?parent=25890"}],"wp:term":[{"taxonomy":"category","embeddable":true,"href":"https:\/\/www.iceagetv.com\/radiosite\/wp-json\/wp\/v2\/categories?post=25890"},{"taxonomy":"post_tag","embeddable":true,"href":"https:\/\/www.iceagetv.com\/radiosite\/wp-json\/wp\/v2\/tags?post=25890"}],"curies":[{"name":"wp","href":"https:\/\/api.w.org\/{rel}","templated":true}]}}