{"id":25894,"date":"2023-10-24T18:47:49","date_gmt":"2023-10-24T18:47:49","guid":{"rendered":"https:\/\/www.iceagetv.com\/radiosite\/?p=25894"},"modified":"2023-10-24T18:47:49","modified_gmt":"2023-10-24T18:47:49","slug":"dereglement-climatique-un-groupe-de-scientifiques-denonce-une-menace-existentielle-pour-la-vie-sur-terre","status":"publish","type":"post","link":"https:\/\/www.iceagetv.com\/radiosite\/dereglement-climatique-un-groupe-de-scientifiques-denonce-une-menace-existentielle-pour-la-vie-sur-terre\/","title":{"rendered":"D\u00c9R\u00c8GLEMENT CLIMATIQUE: UN GROUPE DE SCIENTIFIQUES D\u00c9NONCE UNE \u00ab\u00a0MENACE EXISTENTIELLE\u00a0\u00bb POUR LA VIE SUR TERRE"},"content":{"rendered":"\n<p>Une \u00e9tude publi\u00e9e dans la revue BioScience alerte sur la \u00ab\u00a0f\u00e9rocit\u00e9 des ph\u00e9nom\u00e8nes m\u00e9t\u00e9orologiques extr\u00eames en 2023\u00a0\u00bb. Alors que l&rsquo;ann\u00e9e \u00e9coul\u00e9e s&rsquo;annonce comme la plus chaude jamais enregistr\u00e9e, ils sonnent l&rsquo;alarme.<\/p>\n\n\n\n<p>Le changement climatique constitue une \u00ab\u00a0menace existentielle\u00a0\u00bb pour la vie sur Terre, a averti mardi un groupe d&rsquo;\u00e9minents scientifiques dans&nbsp;<a href=\"https:\/\/academic.oup.com\/bioscience\/advance-article\/doi\/10.1093\/biosci\/biad080\/7319571?searchresult=1\" target=\"_blank\" rel=\"noreferrer noopener\">un rapport<\/a>&nbsp;analysant les ph\u00e9nom\u00e8nes m\u00e9t\u00e9orologiques extr\u00eames en 2023 et le d\u00e9ficit d&rsquo;action de l&rsquo;humanit\u00e9.<\/p>\n\n\n\n<p>L&rsquo;\u00e9tude, publi\u00e9e dans la revue BioScience, a examin\u00e9 35 \u00ab\u00a0signes vitaux\u00a0\u00bb plan\u00e9taires, dont la pollution par le CO2, la consommation d&rsquo;\u00e9nergie et\u00a0<a href=\"https:\/\/www.bfmtv.com\/politique\/la-consommation-de-viande-est-elle-l-une-des-causes-des-fortes-chaleurs-et-incendies-comme-l-assure-sandrine-rousseau_AN-202307260441.html\">de viande par habitant<\/a>, la d\u00e9forestation par le feu ou les jours de chaleur extr\u00eame. Or 20 de ces indicateurs ont atteint un niveau record en 2023, conclut cette coalition scientifique internationale.<\/p>\n\n\n\n<blockquote class=\"wp-block-quote is-layout-flow wp-block-quote-is-layout-flow\">\n<p>En v\u00e9rit\u00e9, nous sommes choqu\u00e9s par la f\u00e9rocit\u00e9 des ph\u00e9nom\u00e8nes m\u00e9t\u00e9orologiques extr\u00eames en 2023. Nous sommes entr\u00e9s dans un territoire inconnue qui nous effraie\u00a0\u00bb, \u00e9crivent-ils.<\/p>\n<\/blockquote>\n\n\n\n<p>Alors que 2023 est en voie de devenir l&rsquo;ann\u00e9e la plus chaude jamais enregistr\u00e9e, des r\u00e9gions enti\u00e8res ont\u00a0<a href=\"https:\/\/www.bfmtv.com\/environnement\/climat\/incendies-inondations-l-ete-2023-une-saison-de-catastrophes-mondiales-dignes-de-l-apocalypse_GN-202309090043.html\">subi des vagues de chaleur meurtri\u00e8res, des temp\u00eates, des inondations, encha\u00eenant parfois une catastrophe apr\u00e8s l&rsquo;autre.<\/a><\/p>\n\n\n\n<p>C\u00f4t\u00e9 oc\u00e9ans,&nbsp;<a href=\"https:\/\/www.bfmtv.com\/meteo\/meteo-pourquoi-ne-peut-on-pas-parler-d-ete-indien-malgre-la-douceur-des-temperatures-en-france_AN-202309240160.html\">les temp\u00e9ratures \u00ab\u00a0sont compl\u00e8tement hors normes\u00a0\u00bb&nbsp;<\/a>depuis des mois, sans que les scientifiques parviennent encore \u00e0 l&rsquo;expliquer pleinement, souligne Johan Rockstr\u00f6m, directeur de l&rsquo;Institut de Potsdam pour la recherche sur l&rsquo;impact climatique (PIK).<\/p>\n\n\n\n<blockquote class=\"wp-block-quote is-layout-flow wp-block-quote-is-layout-flow\">\n<p>Pour ces scientifiques, le constat est sans appel: \u00ab\u00a0la vie sur la plan\u00e8te Terre est en \u00e9tat de si\u00e8ge\u00a0\u00bb.<\/p>\n<\/blockquote>\n\n\n\n<h2 class=\"wp-block-heading\">Des \u00ab\u00a0progr\u00e8s minimes\u00a0\u00bb de r\u00e9duction des GES<\/h2>\n\n\n\n<p>Or l&rsquo;humanit\u00e9 n&rsquo;a fait que des \u00ab\u00a0progr\u00e8s minimes\u00a0\u00bb dans la r\u00e9duction des \u00e9missions de gaz \u00e0 effet de serre: les concentrations atteignent des niveaux record et les subventions aux \u00e9nergies fossiles ont grimp\u00e9 en fl\u00e8che.<\/p>\n\n\n\n<blockquote class=\"wp-block-quote is-layout-flow wp-block-quote-is-layout-flow\">\n<p>\u00ab\u00a0Nous devons changer notre point de vue sur l&rsquo;urgence climatique, qui n&rsquo;est plus un probl\u00e8me environnemental isol\u00e9 mais une menace syst\u00e9mique et existentielle\u00a0\u00bb, affirme le rapport, \u00e0 un mois de la&nbsp;<a href=\"https:\/\/www.bfmtv.com\/environnement\/le-president-de-la-cop28-appelle-a-reduire-les-emissions-de-co2-mais-pas-le-petrole_AD-202301140241.html\">28e conf\u00e9rence climat des Nations unies \u00e0 Duba\u00ef.<\/a><\/p>\n<\/blockquote>\n\n\n\n<p>L&rsquo;objectif le plus ambitieux de l&rsquo;accord de Paris &#8211; un r\u00e9chauffement limit\u00e9 \u00e0 1,5 \u00b0C par rapport \u00e0 l&rsquo;\u00e8re pr\u00e9-industrielle &#8211; devra \u00eatre mesur\u00e9 sur plusieurs ann\u00e9es pour \u00eatre consid\u00e9r\u00e9 atteint.<\/p>\n\n\n\n<h2 class=\"wp-block-heading\">Des milliards de d\u00e9plac\u00e9s en perspective<\/h2>\n\n\n\n<p>Mais cette limite pourrait \u00eatre d\u00e9sormais franchie annuellement, avertit William Ripple, co-auteur principal, ouvrant la voie \u00e0 un cercle vicieux d&rsquo;aggravation du r\u00e9chauffement: fonte des calottes glaciaires aux p\u00f4les, d\u00e9p\u00e9rissement des for\u00eats, d\u00e9gel des puits de carbone du perg\u00e9lisol, extinction des coraux, etc.<\/p>\n\n\n\n<blockquote class=\"wp-block-quote is-layout-flow wp-block-quote-is-layout-flow\">\n<p>\u00ab\u00a0Une fois franchis, ces points de bascule pourraient modifier notre climat d&rsquo;une mani\u00e8re difficile, voire impossible, \u00e0 inverser\u00a0\u00bb, s&rsquo;alarme ce professeur \u00e0 l&rsquo;universit\u00e9 de l&rsquo;Oregon.<\/p>\n<\/blockquote>\n\n\n\n<p>\u00ab\u00a0Nous n&rsquo;allons pas \u00e9viter certains points de bascule, il s&rsquo;agit plut\u00f4t de ralentir les d\u00e9g\u00e2ts\u00a0\u00bb, a d\u00e9clar\u00e9 Tim Lenton de l&rsquo;universit\u00e9 d&rsquo;Exeter, rappelant la n\u00e9cessit\u00e9 de r\u00e9duire drastiquement les \u00e9missions. Car chaque fraction de degr\u00e9 compte et \u00ab\u00a0la partie n&rsquo;est pas termin\u00e9e\u00a0\u00bb.<\/p>\n","protected":false},"excerpt":{"rendered":"<p>Une \u00e9tude publi\u00e9e dans la revue BioScience alerte sur la \u00ab\u00a0f\u00e9rocit\u00e9 des ph\u00e9nom\u00e8nes m\u00e9t\u00e9orologiques extr\u00eames en 2023\u00a0\u00bb. Alors que l&rsquo;ann\u00e9e \u00e9coul\u00e9e s&rsquo;annonce comme la plus chaude jamais enregistr\u00e9e, ils sonnent l&rsquo;alarme. Le changement climatique constitue une \u00ab\u00a0menace existentielle\u00a0\u00bb pour la vie sur Terre, a averti mardi un groupe d&rsquo;\u00e9minents scientifiques dans&nbsp;un rapport&nbsp;analysant les ph\u00e9nom\u00e8nes m\u00e9t\u00e9orologiques [&hellip;]<\/p>\n","protected":false},"author":2,"featured_media":25895,"comment_status":"open","ping_status":"open","sticky":false,"template":"","format":"standard","meta":{"_jetpack_memberships_contains_paid_content":false,"footnotes":"","jetpack_publicize_message":"","jetpack_publicize_feature_enabled":true,"jetpack_social_post_already_shared":true,"jetpack_social_options":{"image_generator_settings":{"template":"highway","default_image_id":0,"font":"","enabled":false},"version":2},"_wpas_customize_per_network":false},"categories":[405],"tags":[],"class_list":["post-25894","post","type-post","status-publish","format-standard","has-post-thumbnail","hentry","category-actu-france-monde"],"jetpack_publicize_connections":[],"jetpack_featured_media_url":"https:\/\/i0.wp.com\/www.iceagetv.com\/radiosite\/wp-content\/uploads\/2023\/10\/DEREGLEMENT-CLIMATIQUE.jpg?fit=680%2C383&ssl=1","jetpack_sharing_enabled":true,"_links":{"self":[{"href":"https:\/\/www.iceagetv.com\/radiosite\/wp-json\/wp\/v2\/posts\/25894","targetHints":{"allow":["GET"]}}],"collection":[{"href":"https:\/\/www.iceagetv.com\/radiosite\/wp-json\/wp\/v2\/posts"}],"about":[{"href":"https:\/\/www.iceagetv.com\/radiosite\/wp-json\/wp\/v2\/types\/post"}],"author":[{"embeddable":true,"href":"https:\/\/www.iceagetv.com\/radiosite\/wp-json\/wp\/v2\/users\/2"}],"replies":[{"embeddable":true,"href":"https:\/\/www.iceagetv.com\/radiosite\/wp-json\/wp\/v2\/comments?post=25894"}],"version-history":[{"count":1,"href":"https:\/\/www.iceagetv.com\/radiosite\/wp-json\/wp\/v2\/posts\/25894\/revisions"}],"predecessor-version":[{"id":25896,"href":"https:\/\/www.iceagetv.com\/radiosite\/wp-json\/wp\/v2\/posts\/25894\/revisions\/25896"}],"wp:featuredmedia":[{"embeddable":true,"href":"https:\/\/www.iceagetv.com\/radiosite\/wp-json\/wp\/v2\/media\/25895"}],"wp:attachment":[{"href":"https:\/\/www.iceagetv.com\/radiosite\/wp-json\/wp\/v2\/media?parent=25894"}],"wp:term":[{"taxonomy":"category","embeddable":true,"href":"https:\/\/www.iceagetv.com\/radiosite\/wp-json\/wp\/v2\/categories?post=25894"},{"taxonomy":"post_tag","embeddable":true,"href":"https:\/\/www.iceagetv.com\/radiosite\/wp-json\/wp\/v2\/tags?post=25894"}],"curies":[{"name":"wp","href":"https:\/\/api.w.org\/{rel}","templated":true}]}}