{"id":25906,"date":"2023-10-25T18:39:43","date_gmt":"2023-10-25T18:39:43","guid":{"rendered":"https:\/\/www.iceagetv.com\/radiosite\/?p=25906"},"modified":"2023-10-25T18:39:43","modified_gmt":"2023-10-25T18:39:43","slug":"emmanuel-macron-annonce-quil-nest-pas-prevu-denvoyer-des-militaires-a-gaza-31-francais-tues-et-9-toujours-portes-disparus-ou-otages-un-navire-de-la-marine-nationale-envoye-pour-souteni","status":"publish","type":"post","link":"https:\/\/www.iceagetv.com\/radiosite\/emmanuel-macron-annonce-quil-nest-pas-prevu-denvoyer-des-militaires-a-gaza-31-francais-tues-et-9-toujours-portes-disparus-ou-otages-un-navire-de-la-marine-nationale-envoye-pour-souteni\/","title":{"rendered":"Emmanuel Macron annonce qu&rsquo;il n&rsquo;est \u00ab\u00a0pas pr\u00e9vu d&rsquo;envoyer des militaires \u00e0 Gaza\u00a0\u00bb &#8211; 31 Fran\u00e7ais tu\u00e9s et 9 toujours port\u00e9s disparus ou otages &#8211; Un navire de la marine nationale envoy\u00e9 \u00ab\u00a0pour soutenir les h\u00f4pitaux de Gaza\u00a0\u00bb"},"content":{"rendered":"\n<p><strong>Juste avant de rentrer en France, Emmanuel Macron, a accord\u00e9 une interview aux journalistes pr\u00e9sents au pied de son avion.<\/strong>\u00a0Emmanuel Macron plaide pour une coalition internationale pour lutter contre le Hamas. \u00ab\u00a0La lutte contre le terrorisme n&rsquo;est pas l\u2019affaire d\u2019un seul pays\u00a0\u00bb, explique-t-il depuis Le Caire. \u00ab\u00a0<strong>Le pr\u00e9sident l&rsquo;assure: \u00ab\u00a0il n&rsquo;est pas du tout pr\u00e9vu d&rsquo;envoyer quelques militaires fran\u00e7ais que ce soit dans la bande de Gaza\u00a0\u00bb.\u00a0<\/strong><\/p>\n\n\n\n<p><strong>Emmanuel Macron prend maintenant la parole<\/strong>.&nbsp;\u00ab\u00a0La France ne pratique pas de double standard. Le droit international s&rsquo;applique \u00e0 tout le monde (&#8230;) Toutes les vies se valent et il n&rsquo;y a pas de hi\u00e9rarchie\u00a0\u00bb,&nbsp;&nbsp;assure le pr\u00e9sident Fran\u00e7ais.<\/p>\n\n\n\n<p>Et d&rsquo;annoncer depuis le Caire:&nbsp;\u00ab\u00a0L&rsquo;aide humanitaire doit arriver \u00e0 Gaza sans entrave. Je salue ce que l&rsquo;Egypte fait pour la population de Gaza aujourd&rsquo;hui. (&#8230;) La situation est critique. (&#8230;) Un avion fran\u00e7ais se posera d\u00e8s demain sur votre sol pour livrer du mat\u00e9riel m\u00e9dical. D&rsquo;autres suivront\u00a0\u00bb.&nbsp;Emmanuel Macron ajoute qu'\u00a0\u00bbun navire de la marine nationale appareillera prochainement pour soutenir les h\u00f4pitaux de Gaza\u00a0\u00bb. \u00ab\u00a0Il partira de Toulon dans les 48 prochaines heures\u00a0\u00bb,&nbsp;assure le pr\u00e9sident fran\u00e7ais.<\/p>\n\n\n\n<p><strong>Avant d&rsquo;indiquer que \u00ab\u00a031 de nos ressortissants ont \u00e9t\u00e9 tu\u00e9s\u00a0\u00bb.\u00a0Depuis les attaques du Hamas en Isra\u00ebl, neuf Fran\u00e7ais restent \u00e9galement port\u00e9s disparus ou sont otages de l&rsquo;organisation terroriste \u00e0 Gaza, selon le pr\u00e9sident fran\u00e7ais.<\/strong><\/p>\n\n\n\n<p><strong>Le pr\u00e9sident \u00e9gyptien, Abdel Fattah Al-Sissi,&nbsp;&nbsp;S&rsquo;exprime actuellement lors d&rsquo;une d\u00e9claration \u00e0 la presse<\/strong><\/p>\n\n\n\n<p>\u00ab\u00a0Nous sommes tous affect\u00e9s par cette crise.&nbsp;L&rsquo;actuelle crise ne peut pas s&rsquo;\u00e9largir\u00a0\u00bb,&nbsp;d\u00e9clare Abdel Fattah Al-Sissi aux c\u00f4t\u00e9s d&rsquo;Emmanuel Macron. Avant d&rsquo;appeler \u00e0 \u00ab\u00a0contenir la spirale de la violence\u00a0\u00bb dans le Moyen-Orient. \u00ab\u00a0L&rsquo;actuelle crise ne doit pas s&rsquo;\u00e9largir et englober d&rsquo;autres r\u00e9gions\u00a0\u00bb, a-t-il ajout\u00e9.<\/p>\n\n\n\n<p>\u00ab\u00a0Une invasion terrestre&nbsp;(isra\u00e9lienne en bande de Gaza)&nbsp;pourrait avoir comme cons\u00e9quence un grand nombre de victimes parmi les civils\u00a0\u00bb,&nbsp;alerte le pr\u00e9sident \u00e9gyptien, Abdel Fattah Al-Sissi.&nbsp;\u00ab\u00a0Il est important d&rsquo;\u0153uvrer afin d&rsquo;apporter davantage d&rsquo;aide humanitaire\u00a0\u00bb&nbsp;dans l&rsquo;enclave palestinienne,&nbsp;et&nbsp;\u00ab\u00a0afin de lib\u00e9rer davantage d&rsquo;otages\u00a0\u00bb.<\/p>\n\n\n\n<p>&nbsp;\u00ab\u00a0Nous condamnons tous les actes qui touchent les civils, tous les civils\u00a0\u00bb,&nbsp;poursuit Abdel Fattah Al-Sissi, avant de laisser la parole \u00e0 Emmanuel Macron.<\/p>\n","protected":false},"excerpt":{"rendered":"<p>Juste avant de rentrer en France, Emmanuel Macron, a accord\u00e9 une interview aux journalistes pr\u00e9sents au pied de son avion.\u00a0Emmanuel Macron plaide pour une coalition internationale pour lutter contre le Hamas. \u00ab\u00a0La lutte contre le terrorisme n&rsquo;est pas l\u2019affaire d\u2019un seul pays\u00a0\u00bb, explique-t-il depuis Le Caire. \u00ab\u00a0Le pr\u00e9sident l&rsquo;assure: \u00ab\u00a0il n&rsquo;est pas du tout pr\u00e9vu [&hellip;]<\/p>\n","protected":false},"author":2,"featured_media":25907,"comment_status":"open","ping_status":"open","sticky":false,"template":"","format":"standard","meta":{"_jetpack_memberships_contains_paid_content":false,"footnotes":"","jetpack_publicize_message":"","jetpack_publicize_feature_enabled":true,"jetpack_social_post_already_shared":true,"jetpack_social_options":{"image_generator_settings":{"template":"highway","default_image_id":0,"font":"","enabled":false},"version":2},"_wpas_customize_per_network":false},"categories":[405],"tags":[],"class_list":["post-25906","post","type-post","status-publish","format-standard","has-post-thumbnail","hentry","category-actu-france-monde"],"jetpack_publicize_connections":[],"jetpack_featured_media_url":"https:\/\/i0.wp.com\/www.iceagetv.com\/radiosite\/wp-content\/uploads\/2023\/10\/31-Francais-tues-et-9-toujours-portes-disparus.jpg?fit=679%2C293&ssl=1","jetpack_sharing_enabled":true,"_links":{"self":[{"href":"https:\/\/www.iceagetv.com\/radiosite\/wp-json\/wp\/v2\/posts\/25906","targetHints":{"allow":["GET"]}}],"collection":[{"href":"https:\/\/www.iceagetv.com\/radiosite\/wp-json\/wp\/v2\/posts"}],"about":[{"href":"https:\/\/www.iceagetv.com\/radiosite\/wp-json\/wp\/v2\/types\/post"}],"author":[{"embeddable":true,"href":"https:\/\/www.iceagetv.com\/radiosite\/wp-json\/wp\/v2\/users\/2"}],"replies":[{"embeddable":true,"href":"https:\/\/www.iceagetv.com\/radiosite\/wp-json\/wp\/v2\/comments?post=25906"}],"version-history":[{"count":1,"href":"https:\/\/www.iceagetv.com\/radiosite\/wp-json\/wp\/v2\/posts\/25906\/revisions"}],"predecessor-version":[{"id":25908,"href":"https:\/\/www.iceagetv.com\/radiosite\/wp-json\/wp\/v2\/posts\/25906\/revisions\/25908"}],"wp:featuredmedia":[{"embeddable":true,"href":"https:\/\/www.iceagetv.com\/radiosite\/wp-json\/wp\/v2\/media\/25907"}],"wp:attachment":[{"href":"https:\/\/www.iceagetv.com\/radiosite\/wp-json\/wp\/v2\/media?parent=25906"}],"wp:term":[{"taxonomy":"category","embeddable":true,"href":"https:\/\/www.iceagetv.com\/radiosite\/wp-json\/wp\/v2\/categories?post=25906"},{"taxonomy":"post_tag","embeddable":true,"href":"https:\/\/www.iceagetv.com\/radiosite\/wp-json\/wp\/v2\/tags?post=25906"}],"curies":[{"name":"wp","href":"https:\/\/api.w.org\/{rel}","templated":true}]}}