{"id":25914,"date":"2023-10-26T14:51:23","date_gmt":"2023-10-26T14:51:23","guid":{"rendered":"https:\/\/www.iceagetv.com\/radiosite\/?p=25914"},"modified":"2023-10-26T14:51:23","modified_gmt":"2023-10-26T14:51:23","slug":"philippe-de-villiers-fondateur-du-puy-du-fou-attaque-france-televisions-en-diffamation-apres-le-complement-denquete-consacre-au-parc-diffuse-sur-france-2","status":"publish","type":"post","link":"https:\/\/www.iceagetv.com\/radiosite\/philippe-de-villiers-fondateur-du-puy-du-fou-attaque-france-televisions-en-diffamation-apres-le-complement-denquete-consacre-au-parc-diffuse-sur-france-2\/","title":{"rendered":"Philippe de Villiers, fondateur du Puy du Fou, attaque France T\u00e9l\u00e9visions en diffamation apr\u00e8s le \u00ab\u00a0Compl\u00e9ment d&rsquo;enqu\u00eate\u00a0\u00bb consacr\u00e9 au parc diffus\u00e9 sur France 2"},"content":{"rendered":"\n<p>Philippe de Villiers, fondateur du Puy du Fou, a d\u00e9pos\u00e9 plainte en diffamation contre France T\u00e9l\u00e9visions, apr\u00e8s un article et une \u00e9mission sur la \u00ab\u00a0formidable machine \u00e0 cash\u00a0\u00bb que serait le parc d&rsquo;attraction vend\u00e9en r\u00e9put\u00e9 pour ses fresques historiques, selon un document consult\u00e9 par l&rsquo;AFP.<\/p>\n\n\n\n<p>Le 7 septembre, France 2 a diffus\u00e9 un \u00ab\u00a0Compl\u00e9ment d&rsquo;enqu\u00eate\u00a0\u00bb intitul\u00e9 \u00ab\u00a0Histoire, argent, pouvoir: les vrais secrets du Puy du Fou\u00a0\u00bb, accompagn\u00e9 d&rsquo;un article publi\u00e9 sur internet de France Info r\u00e9sumant le synopsis. La plainte a \u00e9t\u00e9 d\u00e9pos\u00e9e le 19 octobre aupr\u00e8s du tribunal judiciaire de Paris pour le compte de Philippe de Villiers et de l&rsquo;association Puy du Fou Strat\u00e9gie.<\/p>\n\n\n\n<p>Les plaignants reprochent \u00e0 l&rsquo;article, toujours en ligne, d&rsquo;avoir rapport\u00e9 les propos d&rsquo;une b\u00e9n\u00e9vole qui soutenait que \u00ab\u00a0le Puy du Fou, qui +appartenait aux b\u00e9n\u00e9voles, appartient maintenant \u00e0 une seule famille+\u00a0\u00bb et que l\u00a0\u00bb+on est pass\u00e9 d&rsquo;une propri\u00e9t\u00e9 collective \u00e0 une propri\u00e9t\u00e9 familiale+\u00a0\u00bb. La plainte vise aussi les propos tenus dans l&rsquo;enqu\u00eate t\u00e9l\u00e9visuelle assurant que \u00ab\u00a0les Villiers vont trouver un stratag\u00e8me, ils vont discr\u00e8tement verrouiller le capital du Grand parc et ses dizaines de millions d&rsquo;euros de chiffre d&rsquo;affaires\u00a0\u00bb. \u00ab\u00a0Alors m\u00eame qu&rsquo;il n&rsquo;a jamais touch\u00e9 le moindre revenu de quelque nature que ce soit, il est imput\u00e9 \u00e0 Philippe de Villiers non seulement de mentir sur son d\u00e9sint\u00e9ressement et ses intentions mais de manipuler les +Puyfolais+ et d&rsquo;exploiter leur travail b\u00e9n\u00e9vole pour s&rsquo;enrichir, \u00e0 titre personnel\u00a0\u00bb, d\u00e9nonce leur avocat Me Gilles-William Goldnadel dans la plainte, consult\u00e9e par l&rsquo;AFP.<\/p>\n\n\n\n<p>La d\u00e9fense de l&rsquo;ancien haut fonctionnaire et homme politique souverainiste, qui \u00e9crivait les scenarii des spectacles, maintient que \u00ab\u00a0d\u00e8s 1977, Philippe de Villiers a formul\u00e9 des engagements de d\u00e9sint\u00e9ressement\u00a0\u00bb et \u00ab\u00a0que le Puy du Fou se pr\u00e9sente et est reconnu comme une oeuvre non mercantile\u00a0\u00bb.<\/p>\n\n\n\n<p>La plainte rapporte qu&rsquo;en 2012 \u00ab\u00a0la propri\u00e9t\u00e9 intellectuelle des scenarii est transf\u00e9r\u00e9e par donation, le 16 mai 2012, \u00e0 l&rsquo;association Puy du Fou Strat\u00e9gie, organisme sans but lucratif\u00a0\u00bb et que \u00ab\u00a0le Puy du fou s&rsquo;enrichit de tout le fonds incorporel ainsi apport\u00e9\u00a0\u00bb. Un \u00e9ventuel proc\u00e8s devant la 17e chambre du tribunal correctionnel de Paris pourrait se tenir d&rsquo;ici un \u00e0 deux ans, en fonction des d\u00e9lais d&rsquo;audiencement.<\/p>\n","protected":false},"excerpt":{"rendered":"<p>Philippe de Villiers, fondateur du Puy du Fou, a d\u00e9pos\u00e9 plainte en diffamation contre France T\u00e9l\u00e9visions, apr\u00e8s un article et une \u00e9mission sur la \u00ab\u00a0formidable machine \u00e0 cash\u00a0\u00bb que serait le parc d&rsquo;attraction vend\u00e9en r\u00e9put\u00e9 pour ses fresques historiques, selon un document consult\u00e9 par l&rsquo;AFP. Le 7 septembre, France 2 a diffus\u00e9 un \u00ab\u00a0Compl\u00e9ment d&rsquo;enqu\u00eate\u00a0\u00bb [&hellip;]<\/p>\n","protected":false},"author":2,"featured_media":25915,"comment_status":"open","ping_status":"open","sticky":false,"template":"","format":"standard","meta":{"_jetpack_memberships_contains_paid_content":false,"footnotes":"","jetpack_publicize_message":"","jetpack_publicize_feature_enabled":true,"jetpack_social_post_already_shared":true,"jetpack_social_options":{"image_generator_settings":{"template":"highway","default_image_id":0,"font":"","enabled":false},"version":2},"_wpas_customize_per_network":false},"categories":[405],"tags":[],"class_list":["post-25914","post","type-post","status-publish","format-standard","has-post-thumbnail","hentry","category-actu-france-monde"],"jetpack_publicize_connections":[],"jetpack_featured_media_url":"https:\/\/i0.wp.com\/www.iceagetv.com\/radiosite\/wp-content\/uploads\/2023\/10\/capture_decran_2022-10-06_a_09.webp?fit=680%2C294&ssl=1","jetpack_sharing_enabled":true,"_links":{"self":[{"href":"https:\/\/www.iceagetv.com\/radiosite\/wp-json\/wp\/v2\/posts\/25914","targetHints":{"allow":["GET"]}}],"collection":[{"href":"https:\/\/www.iceagetv.com\/radiosite\/wp-json\/wp\/v2\/posts"}],"about":[{"href":"https:\/\/www.iceagetv.com\/radiosite\/wp-json\/wp\/v2\/types\/post"}],"author":[{"embeddable":true,"href":"https:\/\/www.iceagetv.com\/radiosite\/wp-json\/wp\/v2\/users\/2"}],"replies":[{"embeddable":true,"href":"https:\/\/www.iceagetv.com\/radiosite\/wp-json\/wp\/v2\/comments?post=25914"}],"version-history":[{"count":2,"href":"https:\/\/www.iceagetv.com\/radiosite\/wp-json\/wp\/v2\/posts\/25914\/revisions"}],"predecessor-version":[{"id":25917,"href":"https:\/\/www.iceagetv.com\/radiosite\/wp-json\/wp\/v2\/posts\/25914\/revisions\/25917"}],"wp:featuredmedia":[{"embeddable":true,"href":"https:\/\/www.iceagetv.com\/radiosite\/wp-json\/wp\/v2\/media\/25915"}],"wp:attachment":[{"href":"https:\/\/www.iceagetv.com\/radiosite\/wp-json\/wp\/v2\/media?parent=25914"}],"wp:term":[{"taxonomy":"category","embeddable":true,"href":"https:\/\/www.iceagetv.com\/radiosite\/wp-json\/wp\/v2\/categories?post=25914"},{"taxonomy":"post_tag","embeddable":true,"href":"https:\/\/www.iceagetv.com\/radiosite\/wp-json\/wp\/v2\/tags?post=25914"}],"curies":[{"name":"wp","href":"https:\/\/api.w.org\/{rel}","templated":true}]}}