{"id":25924,"date":"2023-10-27T15:28:16","date_gmt":"2023-10-27T15:28:16","guid":{"rendered":"https:\/\/www.iceagetv.com\/radiosite\/?p=25924"},"modified":"2023-10-27T15:28:16","modified_gmt":"2023-10-27T15:28:16","slug":"apres-les-emeutes-elisabeth-borne-revoit-lattribution-des-logements-dans-les-quartiers-prioritaires","status":"publish","type":"post","link":"https:\/\/www.iceagetv.com\/radiosite\/apres-les-emeutes-elisabeth-borne-revoit-lattribution-des-logements-dans-les-quartiers-prioritaires\/","title":{"rendered":"Apr\u00e8s les \u00e9meutes, \u00c9lisabeth Borne revoit l\u2019attribution des logements dans les quartiers prioritaires"},"content":{"rendered":"\n<p>\u00c9lisabeth Borne a d\u00e9voil\u00e9 ce vendredi une seconde salve de mesures pour les quartiers populaires, visant \u00e0 y enrayer la concentration de la pauvret\u00e9.L\u2019un des objectifs fix\u00e9 par la Premi\u00e8re ministre \u00e0 l\u2019issue du Comit\u00e9 interminist\u00e9riel des villes \u00e0 Chanteloup-les-Vignes (Yvelines) est de favoriser la mixit\u00e9 sociale. Pour ce faire, \u00c9lisabeth Borne veut s\u2019attaquer \u00e0 la question du logement. \u00ab<em>\u00a0Je demande donc aux pr\u00e9fets de ne plus installer via les attributions de logements ou la cr\u00e9ation de places d\u2019h\u00e9bergement, les personnes les plus pr\u00e9caires dans les quartiers qui concentrent d\u00e9j\u00e0 le plus de difficult\u00e9s\u00a0<\/em>\u00bb, a-t-elle d\u00e9clar\u00e9.<\/p>\n\n\n\n<h2 class=\"wp-block-heading\" id=\"3612670\">Pas de nouvelles places d\u2019h\u00e9bergement d\u2019urgence dans ces quartiers<\/h2>\n\n\n\n<p>Matignon a pr\u00e9cis\u00e9 ensuite que ce sont les m\u00e9nages reconnus&nbsp;<em>\u00ab&nbsp;Dalo&nbsp;\u00bb<\/em>, pour&nbsp;<em>\u00ab&nbsp;droit au logement opposable&nbsp;\u00bb<\/em>, qui ne devront plus se voir attribuer de logements dans ces quartiers. Les m\u00e9nages Dalo disposent d\u2019un droit au logement reconnu par la justice et doivent \u00eatre prioritaires dans l\u2019attribution de logements sociaux. Pr\u00e8s de 35&nbsp;000 ont obtenu la reconnaissance de ce droit en 2022 et plus de 93&nbsp;000 restent en attente d\u2019un relogement malgr\u00e9 cette reconnaissance, en grande majorit\u00e9 en r\u00e9gion parisienne.<\/p>\n\n\n\n<p>Les pr\u00e9fets auront \u00e9galement consigne de stopper la cr\u00e9ation de nouvelles places d\u2019h\u00e9bergement d\u2019urgence, destin\u00e9es aux personnes sans domicile, dans ces m\u00eames quartiers.<\/p>\n\n\n\n<p>Parmi les mesures sociales pr\u00e9sent\u00e9es par \u00c9lisabeth Borne ce vendredi, la Premi\u00e8re ministre a aussi dit vouloir acc\u00e9l\u00e9rer la transition \u00e9cologique dans les quartiers populaires en prolongeant le programme \u00ab\u00a0Quartier r\u00e9silient\u00a0\u00bb qui a pour objectif d\u2019acc\u00e9l\u00e9rer le renouvellement urbain. 24\u00a0quartiers sont ajout\u00e9s au dispositif, avec 250\u00a0millions d\u2019euros fl\u00e9ch\u00e9s en ce sens contre 100\u00a0millions auparavant.<\/p>\n\n\n\n<p>Le gouvernement veut \u00e9galement doubler la part du Fonds vert, dot\u00e9 de 2&nbsp;milliards d\u2019euros, allou\u00e9e aux QPV, pour la porter \u00e0 15&nbsp;%, et va pr\u00e9senter avant la fin de l\u2019ann\u00e9e un projet de loi pour favoriser la r\u00e9novation des copropri\u00e9t\u00e9s d\u00e9grad\u00e9es.<\/p>\n\n\n\n<h2 class=\"wp-block-heading\" id=\"3612718\">Traquer les discriminations<\/h2>\n\n\n\n<p>La discrimination est aussi dans le viseur du gouvernement avec \u00ab<em>&nbsp;le d\u00e9ploiement d\u00e8s 2024 d\u2019une politique de testing pour lutter&nbsp;contre les pratiques discriminatoires dans l\u2019acc\u00e8s aux stages, \u00e0 l\u2019embauche, au logement ou aux pr\u00eats bancaires<\/em>&nbsp;\u00bb. Le&nbsp;<em>\u00ab&nbsp;testing&nbsp;\u00bb<\/em>&nbsp;consiste \u00e0 envoyer au m\u00eame employeur, bailleur ou banquier des CV ou dossiers de personnes diff\u00e9renci\u00e9es seulement par un point pouvant faire l\u2019objet de discrimination (couleur de peau, nom \u00e0 consonance \u00e9trang\u00e8re, adresse, handicap\u2026).<\/p>\n","protected":false},"excerpt":{"rendered":"<p>\u00c9lisabeth Borne a d\u00e9voil\u00e9 ce vendredi une seconde salve de mesures pour les quartiers populaires, visant \u00e0 y enrayer la concentration de la pauvret\u00e9.L\u2019un des objectifs fix\u00e9 par la Premi\u00e8re ministre \u00e0 l\u2019issue du Comit\u00e9 interminist\u00e9riel des villes \u00e0 Chanteloup-les-Vignes (Yvelines) est de favoriser la mixit\u00e9 sociale. Pour ce faire, \u00c9lisabeth Borne veut s\u2019attaquer \u00e0 [&hellip;]<\/p>\n","protected":false},"author":2,"featured_media":25903,"comment_status":"open","ping_status":"open","sticky":false,"template":"","format":"standard","meta":{"_jetpack_memberships_contains_paid_content":false,"footnotes":"","jetpack_publicize_message":"","jetpack_publicize_feature_enabled":true,"jetpack_social_post_already_shared":true,"jetpack_social_options":{"image_generator_settings":{"template":"highway","default_image_id":0,"font":"","enabled":false},"version":2},"_wpas_customize_per_network":false},"categories":[405],"tags":[],"class_list":["post-25924","post","type-post","status-publish","format-standard","has-post-thumbnail","hentry","category-actu-france-monde"],"jetpack_publicize_connections":[],"jetpack_featured_media_url":"https:\/\/i0.wp.com\/www.iceagetv.com\/radiosite\/wp-content\/uploads\/2023\/10\/gdoEUJ1o.jpg?fit=679%2C293&ssl=1","jetpack_sharing_enabled":true,"_links":{"self":[{"href":"https:\/\/www.iceagetv.com\/radiosite\/wp-json\/wp\/v2\/posts\/25924","targetHints":{"allow":["GET"]}}],"collection":[{"href":"https:\/\/www.iceagetv.com\/radiosite\/wp-json\/wp\/v2\/posts"}],"about":[{"href":"https:\/\/www.iceagetv.com\/radiosite\/wp-json\/wp\/v2\/types\/post"}],"author":[{"embeddable":true,"href":"https:\/\/www.iceagetv.com\/radiosite\/wp-json\/wp\/v2\/users\/2"}],"replies":[{"embeddable":true,"href":"https:\/\/www.iceagetv.com\/radiosite\/wp-json\/wp\/v2\/comments?post=25924"}],"version-history":[{"count":1,"href":"https:\/\/www.iceagetv.com\/radiosite\/wp-json\/wp\/v2\/posts\/25924\/revisions"}],"predecessor-version":[{"id":25925,"href":"https:\/\/www.iceagetv.com\/radiosite\/wp-json\/wp\/v2\/posts\/25924\/revisions\/25925"}],"wp:featuredmedia":[{"embeddable":true,"href":"https:\/\/www.iceagetv.com\/radiosite\/wp-json\/wp\/v2\/media\/25903"}],"wp:attachment":[{"href":"https:\/\/www.iceagetv.com\/radiosite\/wp-json\/wp\/v2\/media?parent=25924"}],"wp:term":[{"taxonomy":"category","embeddable":true,"href":"https:\/\/www.iceagetv.com\/radiosite\/wp-json\/wp\/v2\/categories?post=25924"},{"taxonomy":"post_tag","embeddable":true,"href":"https:\/\/www.iceagetv.com\/radiosite\/wp-json\/wp\/v2\/tags?post=25924"}],"curies":[{"name":"wp","href":"https:\/\/api.w.org\/{rel}","templated":true}]}}