{"id":25927,"date":"2023-10-27T15:35:35","date_gmt":"2023-10-27T15:35:35","guid":{"rendered":"https:\/\/www.iceagetv.com\/radiosite\/?p=25927"},"modified":"2023-10-27T15:35:35","modified_gmt":"2023-10-27T15:35:35","slug":"apres-les-ehpad-orpea-le-groupe-medicharme-vise-par-deux-enquetes-administratives","status":"publish","type":"post","link":"https:\/\/www.iceagetv.com\/radiosite\/apres-les-ehpad-orpea-le-groupe-medicharme-vise-par-deux-enquetes-administratives\/","title":{"rendered":"Apr\u00e8s les Ehpad Orp\u00e9a, le groupe Medicharme vis\u00e9 par deux enqu\u00eates administratives"},"content":{"rendered":"\n<p>&nbsp;Un nouveau groupe d\u2019<a href=\"https:\/\/www.huffingtonpost.fr\/life\/article\/dans-les-ehpad-les-repas-ressemblent-trop-souvent-a-une-punition-selon-60-millions-de-consommateurs_224956.html\">Ehpad<\/a>&nbsp;dans le viseur du gouvernement. Medicharme, qui g\u00e8re 43&nbsp;\u00e9tablissements en France, est vis\u00e9 par deux enqu\u00eates administratives apr\u00e8s la d\u00e9couverte de&nbsp;<em>\u00ab&nbsp;difficult\u00e9s au niveau op\u00e9rationnel&nbsp;\u00bb&nbsp;<\/em>dans l\u2019entreprise, annonc\u00e9 ce vendredi 27&nbsp;octobre le&nbsp;<a href=\"https:\/\/www.huffingtonpost.fr\/politique\/article\/jours-de-repit-guichet-unique-les-annonces-du-gouvernement-pour-les-aidants_224077.html\">minist\u00e8re des Solidarit\u00e9s<\/a>&nbsp;dans un communiqu\u00e9, confirmant des informations du&nbsp;<em>Parisien<\/em>.<\/p>\n\n\n\n<p>Les difficult\u00e9s de Medicharme ont \u00e9t\u00e9 mises au jour dans le cadre du vaste plan de contr\u00f4le men\u00e9 par le gouvernement dans les 7\u00a0500\u00a0Ehpad de France. Il se voulait une r\u00e9ponse au\u00a0<a href=\"https:\/\/www.huffingtonpost.fr\/life\/article\/ehpad-un-an-apres-le-scandale-orpea-qu-est-ce-que-les-revelations-ont-change_213168.html\">scandale Orp\u00e9a<\/a>, du nom de ce groupe de maisons de retraite o\u00f9 de nombreux dysfonctionnements ont \u00e9t\u00e9 r\u00e9v\u00e9l\u00e9s par le livre de\u00a0<a href=\"https:\/\/www.huffingtonpost.fr\/actualites\/article\/ehpad-orpea-le-journaliste-victor-castanet-dit-avoir-refuse-15-millions-d-euros_191478.html\">Victor Castanet<\/a>\u00a0<em>Les Fossoyeurs\u00a0<\/em>en janvier\u00a02022, dont des maltraitances sur personnes \u00e2g\u00e9es.<\/p>\n\n\n\n<p>Le contr\u00f4le effectu\u00e9 \u00e0 Medicharme a permis de constater la situation financi\u00e8re \u00ab<em>&nbsp;d\u00e9grad\u00e9e&nbsp;\u00bb&nbsp;<\/em>du groupe (qui n\u2019est pas cot\u00e9 en Bourse) \u00ab<em>&nbsp;en raison d\u2019une&nbsp;augmentation des co\u00fbts et d\u2019une faiblesse du taux d\u2019occupation&nbsp;\u00bb&nbsp;<\/em>des \u00e9tablissements, pr\u00e9cise la lettre de mission des minist\u00e8res des Comptes publics, du Travail et des Solidarit\u00e9s adress\u00e9e \u00e0 l\u2019Igas (Inspection g\u00e9n\u00e9rale des affaires sociales) et \u00e0 l\u2019IGF (Inspection g\u00e9n\u00e9rale des finances) que l\u2019AFP a pu obtenir.<\/p>\n\n\n\n<h2 class=\"wp-block-heading\" id=\"3612869\">Conclusions attendues en d\u00e9but 2024<\/h2>\n\n\n\n<p>Cette lettre \u00e9voque des \u00ab<em>&nbsp;risques budg\u00e9taires et financiers&nbsp;\u00bb,&nbsp;<\/em>mais surtout la crainte d\u2019un \u00ab<em>&nbsp;impact sur la prise en charge des r\u00e9sidents&nbsp;\u00bb&nbsp;<\/em>li\u00e9 \u00e0 certaines pratiques manag\u00e9riales, d\u00e9taill\u00e9es comme ayant trait \u00e0 \u00ab<em>&nbsp;la rotation importante du personnel, la politique de recrutement fond\u00e9e pour partie sur une logique de suppression de postes et le recours \u00e0 l\u2019int\u00e9rim&nbsp;\u00bb<\/em>.<\/p>\n\n\n\n<p>C\u2019est pourquoi le minist\u00e8re des Solidarit\u00e9s a charg\u00e9 l\u2019IGF et l\u2019Igas d\u2019examiner la situation de Medicharme pour des conclusions attendues d\u00e9but 2024. Leur mission sera d\u2019examiner\u00a0<em>\u00ab\u00a0les pratiques commerciales et financi\u00e8res du groupe\u00a0\u00bb<\/em>, ses<em>\u00a0\u00ab\u00a0pratiques manag\u00e9riales\u00a0\u00bb,<\/em>\u00a0le \u00ab<em>\u00a0temps de pr\u00e9sence effectif des personnels\u00a0\u00bb\u00a0<\/em>aupr\u00e8s des r\u00e9sidents, et ses \u00ab<em>\u00a0modalit\u00e9s de signalement\u00a0\u00bb\u00a0<\/em>d\u2019incidents.<\/p>\n\n\n\n<h2 class=\"wp-block-heading\" id=\"3612941\">Contexte \u00e9conomique d\u00e9favorable&nbsp;\u00bb<\/h2>\n\n\n\n<p>Dans une d\u00e9claration transmise au&nbsp;<em>HuffPost<\/em>, Medicharme se dit&nbsp;<em>\u00ab&nbsp;indign\u00e9 par la campagne de d\u00e9nigrement orchestr\u00e9e par l\u2019ancien fondateur [Patrick Boulard] et pr\u00e9sident du groupe, r\u00e9voqu\u00e9 en 2022&nbsp;\u00bb<\/em>. Le groupe ajoute que<em>&nbsp;\u00ab&nbsp;la nouvelle gouvernance a mis fin \u00e0 la strat\u00e9gie d\u2019achat de nouveaux Ehpad&nbsp;\u00bb<\/em>&nbsp;et<em>&nbsp;\u00ab&nbsp;a mobilis\u00e9 toutes les ressources de l\u2019entreprise pour renforcer la qualit\u00e9 de prise en soin des r\u00e9sidents et \u00e9viter toute situation de maltraitance&nbsp;\u00bb.<\/em><\/p>\n\n\n\n<p>Medicharme dit travailler \u00ab<em>&nbsp;sereinement&nbsp;\u00bb&nbsp;<\/em>avec les services de l\u2019\u00c9tat et assure que les r\u00e9sultats des enqu\u00eates \u00ab<em>&nbsp;seront communiqu\u00e9s de mani\u00e8re transparente&nbsp;\u00bb<\/em>. Mais reconna\u00eet aussi que&nbsp;<em>\u00ab&nbsp;comme tous les Ehpad, publics ou priv\u00e9s, nous sommes confront\u00e9s \u00e0 des difficult\u00e9s financi\u00e8res dans un contexte \u00e9conomique d\u00e9favorable&nbsp;\u00bb.<\/em><\/p>\n\n\n\n<p><em>\u00ab&nbsp;La mise en place de cette mission d\u2019inspection d\u00e9montre la n\u00e9cessit\u00e9 d\u2019une v\u00e9ritable culture du contr\u00f4le que nous avons mise en place&nbsp;\u00bb,&nbsp;<\/em>f\u00e9licite pour sa part la ministre des Solidarit\u00e9s&nbsp;<a href=\"https:\/\/www.huffingtonpost.fr\/france\/article\/aurore-berge-affirme-que-l-influenceur-sebydaddy-ne-touche-pas-le-rsa-contrairement-a-ses-declarations_223723.html\">Aurore Berg\u00e9<\/a>&nbsp;dans le communiqu\u00e9 du minist\u00e8re.&nbsp;<em>Nous restons pleinement mobilis\u00e9s pour garantir la continuit\u00e9 de l\u2019accompagnement, la qualit\u00e9 de la prise en charge et la s\u00e9curit\u00e9 des r\u00e9sidents de ces \u00e9tablissements&nbsp;\u00bb,<\/em>&nbsp;ajoute-t-elle<em>.<\/em><\/p>\n","protected":false},"excerpt":{"rendered":"<p>&nbsp;Un nouveau groupe d\u2019Ehpad&nbsp;dans le viseur du gouvernement. Medicharme, qui g\u00e8re 43&nbsp;\u00e9tablissements en France, est vis\u00e9 par deux enqu\u00eates administratives apr\u00e8s la d\u00e9couverte de&nbsp;\u00ab&nbsp;difficult\u00e9s au niveau op\u00e9rationnel&nbsp;\u00bb&nbsp;dans l\u2019entreprise, annonc\u00e9 ce vendredi 27&nbsp;octobre le&nbsp;minist\u00e8re des Solidarit\u00e9s&nbsp;dans un communiqu\u00e9, confirmant des informations du&nbsp;Parisien. Les difficult\u00e9s de Medicharme ont \u00e9t\u00e9 mises au jour dans le cadre du vaste [&hellip;]<\/p>\n","protected":false},"author":2,"featured_media":25928,"comment_status":"open","ping_status":"open","sticky":false,"template":"","format":"standard","meta":{"_jetpack_memberships_contains_paid_content":false,"footnotes":"","jetpack_publicize_message":"","jetpack_publicize_feature_enabled":true,"jetpack_social_post_already_shared":true,"jetpack_social_options":{"image_generator_settings":{"template":"highway","default_image_id":0,"font":"","enabled":false},"version":2},"_wpas_customize_per_network":false},"categories":[405],"tags":[],"class_list":["post-25927","post","type-post","status-publish","format-standard","has-post-thumbnail","hentry","category-actu-france-monde"],"jetpack_publicize_connections":[],"jetpack_featured_media_url":"https:\/\/i0.wp.com\/www.iceagetv.com\/radiosite\/wp-content\/uploads\/2023\/10\/le-groupe-Medicharme.png?fit=623%2C343&ssl=1","jetpack_sharing_enabled":true,"_links":{"self":[{"href":"https:\/\/www.iceagetv.com\/radiosite\/wp-json\/wp\/v2\/posts\/25927","targetHints":{"allow":["GET"]}}],"collection":[{"href":"https:\/\/www.iceagetv.com\/radiosite\/wp-json\/wp\/v2\/posts"}],"about":[{"href":"https:\/\/www.iceagetv.com\/radiosite\/wp-json\/wp\/v2\/types\/post"}],"author":[{"embeddable":true,"href":"https:\/\/www.iceagetv.com\/radiosite\/wp-json\/wp\/v2\/users\/2"}],"replies":[{"embeddable":true,"href":"https:\/\/www.iceagetv.com\/radiosite\/wp-json\/wp\/v2\/comments?post=25927"}],"version-history":[{"count":1,"href":"https:\/\/www.iceagetv.com\/radiosite\/wp-json\/wp\/v2\/posts\/25927\/revisions"}],"predecessor-version":[{"id":25929,"href":"https:\/\/www.iceagetv.com\/radiosite\/wp-json\/wp\/v2\/posts\/25927\/revisions\/25929"}],"wp:featuredmedia":[{"embeddable":true,"href":"https:\/\/www.iceagetv.com\/radiosite\/wp-json\/wp\/v2\/media\/25928"}],"wp:attachment":[{"href":"https:\/\/www.iceagetv.com\/radiosite\/wp-json\/wp\/v2\/media?parent=25927"}],"wp:term":[{"taxonomy":"category","embeddable":true,"href":"https:\/\/www.iceagetv.com\/radiosite\/wp-json\/wp\/v2\/categories?post=25927"},{"taxonomy":"post_tag","embeddable":true,"href":"https:\/\/www.iceagetv.com\/radiosite\/wp-json\/wp\/v2\/tags?post=25927"}],"curies":[{"name":"wp","href":"https:\/\/api.w.org\/{rel}","templated":true}]}}