{"id":25945,"date":"2023-10-29T12:19:57","date_gmt":"2023-10-29T12:19:57","guid":{"rendered":"https:\/\/www.iceagetv.com\/radiosite\/?p=25945"},"modified":"2023-10-29T12:19:57","modified_gmt":"2023-10-29T12:19:57","slug":"au-moins-624-personnes-vivant-dans-la-rue-ou-en-structures-dhebergement-provisoire-sont-decedees-en-2022-un-chiffre-stable-par-rapport-a-lannee-precedente-selon-un-rapport-un-collectif-denonce","status":"publish","type":"post","link":"https:\/\/www.iceagetv.com\/radiosite\/au-moins-624-personnes-vivant-dans-la-rue-ou-en-structures-dhebergement-provisoire-sont-decedees-en-2022-un-chiffre-stable-par-rapport-a-lannee-precedente-selon-un-rapport-un-collectif-denonce\/","title":{"rendered":"Au moins 624 personnes vivant dans la rue ou en structures d&rsquo;h\u00e9bergement provisoire sont d\u00e9c\u00e9d\u00e9es en 2022, un chiffre stable par rapport \u00e0 l&rsquo;ann\u00e9e pr\u00e9c\u00e9dente, selon un rapport &#8211; Un collectif d\u00e9nonce un \u00abdrame soci\u00e9tal scandaleux"},"content":{"rendered":"\n<p>Au moins 624&nbsp;personnes vivant dans la rue&nbsp;ou en structures d&rsquo;h\u00e9bergement provisoire sont d\u00e9c\u00e9d\u00e9es en 2022, un chiffre stable par rapport \u00e0 l&rsquo;ann\u00e9e pr\u00e9c\u00e9dente, selon un rapport publi\u00e9 par le collectif \u00abLes morts de la rue\u00bb. Il s&rsquo;agit d&rsquo;un \u00abdrame soci\u00e9tal scandaleux\u00bb, a comment\u00e9 le collectif dans un communiqu\u00e9.<\/p>\n\n\n\n<p>D&rsquo;apr\u00e8s les donn\u00e9es qu&rsquo;il a recueillies, 87% de ces personnes \u00e9taient des hommes, plus nombreux \u00e0 vivre dans la rue et pour des dur\u00e9es plus longues. Ces personnes SDF sont d\u00e9c\u00e9d\u00e9es avec une \u00abtr\u00e8s grande pr\u00e9maturit\u00e9\u00bb&nbsp;: \u00e0 49 ans en moyenne, soit un \u00e9cart d&rsquo;esp\u00e9rance de vie de plus de 30 ans avec la population g\u00e9n\u00e9rale.<\/p>\n\n\n\n<p>\u00c0 noter, l&rsquo;\u00e2ge moyen des femmes sans domicile fixe mortes en 2022 \u00e9tait de 46 ans, contre 50 ans pour les hommes SDF, alors que les femmes ont une esp\u00e9rance de vie sup\u00e9rieure (85 ans en 2022) \u00e0 celle des hommes (79 ans) dans la population fran\u00e7aise globale. Cette diff\u00e9rence \u00e0 la rue peut s&rsquo;expliquer par \u00abla pr\u00e9sence de certaines maladies plus fr\u00e9quentes chez les femmes que chez les hommes\u00bb, pr\u00e9cise le rapport, indiquant qu&rsquo;elles sont aussi davantage hospitalis\u00e9es avant leur d\u00e9c\u00e8s que les hommes. L&rsquo;espace public est le lieu de d\u00e9c\u00e8s le plus fr\u00e9quent, pour 34% des hommes et 21% des femmes.<\/p>\n\n\n\n<p>Les femmes sont l\u00e9g\u00e8rement plus nombreuses que les hommes \u00e0 finir leur vie dans un lieu de soin (38% contre 31% des hommes), correspondant aussi au fait qu&rsquo;elles sont plus nombreuses que les hommes \u00e0 se trouver en structure d&rsquo;h\u00e9bergement. Un d\u00e9c\u00e8s sur cinq est li\u00e9 \u00e0 une mort violente (agression, accident, suicide) et un sur sept \u00e0 une maladie.<\/p>\n\n\n\n<p>Le nombre de sans domicile en France a doubl\u00e9 en dix ans, avec plus de 330.000 personnes selon le dernier d\u00e9compte de la&nbsp;Fondation Abb\u00e9 Pierre&nbsp;en 2022. Les femmes, familles et mineurs sont de plus en plus nombreux \u00e0 la rue.<\/p>\n","protected":false},"excerpt":{"rendered":"<p>Au moins 624&nbsp;personnes vivant dans la rue&nbsp;ou en structures d&rsquo;h\u00e9bergement provisoire sont d\u00e9c\u00e9d\u00e9es en 2022, un chiffre stable par rapport \u00e0 l&rsquo;ann\u00e9e pr\u00e9c\u00e9dente, selon un rapport publi\u00e9 par le collectif \u00abLes morts de la rue\u00bb. Il s&rsquo;agit d&rsquo;un \u00abdrame soci\u00e9tal scandaleux\u00bb, a comment\u00e9 le collectif dans un communiqu\u00e9. D&rsquo;apr\u00e8s les donn\u00e9es qu&rsquo;il a recueillies, 87% [&hellip;]<\/p>\n","protected":false},"author":2,"featured_media":25946,"comment_status":"open","ping_status":"open","sticky":false,"template":"","format":"standard","meta":{"_jetpack_memberships_contains_paid_content":false,"footnotes":"","jetpack_publicize_message":"","jetpack_publicize_feature_enabled":true,"jetpack_social_post_already_shared":true,"jetpack_social_options":{"image_generator_settings":{"template":"highway","default_image_id":0,"font":"","enabled":false},"version":2},"_wpas_customize_per_network":false},"categories":[405],"tags":[],"class_list":["post-25945","post","type-post","status-publish","format-standard","has-post-thumbnail","hentry","category-actu-france-monde"],"jetpack_publicize_connections":[],"jetpack_featured_media_url":"https:\/\/i0.wp.com\/www.iceagetv.com\/radiosite\/wp-content\/uploads\/2023\/10\/Au-moins-624-personnes-vivant-dans-la-rue-ou-en-structures-dhebergement-provisoire.jpg?fit=679%2C293&ssl=1","jetpack_sharing_enabled":true,"_links":{"self":[{"href":"https:\/\/www.iceagetv.com\/radiosite\/wp-json\/wp\/v2\/posts\/25945","targetHints":{"allow":["GET"]}}],"collection":[{"href":"https:\/\/www.iceagetv.com\/radiosite\/wp-json\/wp\/v2\/posts"}],"about":[{"href":"https:\/\/www.iceagetv.com\/radiosite\/wp-json\/wp\/v2\/types\/post"}],"author":[{"embeddable":true,"href":"https:\/\/www.iceagetv.com\/radiosite\/wp-json\/wp\/v2\/users\/2"}],"replies":[{"embeddable":true,"href":"https:\/\/www.iceagetv.com\/radiosite\/wp-json\/wp\/v2\/comments?post=25945"}],"version-history":[{"count":1,"href":"https:\/\/www.iceagetv.com\/radiosite\/wp-json\/wp\/v2\/posts\/25945\/revisions"}],"predecessor-version":[{"id":25947,"href":"https:\/\/www.iceagetv.com\/radiosite\/wp-json\/wp\/v2\/posts\/25945\/revisions\/25947"}],"wp:featuredmedia":[{"embeddable":true,"href":"https:\/\/www.iceagetv.com\/radiosite\/wp-json\/wp\/v2\/media\/25946"}],"wp:attachment":[{"href":"https:\/\/www.iceagetv.com\/radiosite\/wp-json\/wp\/v2\/media?parent=25945"}],"wp:term":[{"taxonomy":"category","embeddable":true,"href":"https:\/\/www.iceagetv.com\/radiosite\/wp-json\/wp\/v2\/categories?post=25945"},{"taxonomy":"post_tag","embeddable":true,"href":"https:\/\/www.iceagetv.com\/radiosite\/wp-json\/wp\/v2\/tags?post=25945"}],"curies":[{"name":"wp","href":"https:\/\/api.w.org\/{rel}","templated":true}]}}