{"id":25952,"date":"2023-10-29T17:27:38","date_gmt":"2023-10-29T17:27:38","guid":{"rendered":"https:\/\/www.iceagetv.com\/radiosite\/?p=25952"},"modified":"2023-10-29T17:27:38","modified_gmt":"2023-10-29T17:27:38","slug":"espagne-lamnistie-des-independantistes-catalans-le-nouveau-pari-de-pedro-sanchez","status":"publish","type":"post","link":"https:\/\/www.iceagetv.com\/radiosite\/espagne-lamnistie-des-independantistes-catalans-le-nouveau-pari-de-pedro-sanchez\/","title":{"rendered":"Espagne\u00a0: l\u2019amnistie des ind\u00e9pendantistes catalans, le nouveau pari de Pedro S\u00e1nchez"},"content":{"rendered":"\n<p>Le leader socialiste espagnol offre cl\u00e9mence aux catalans en \u00e9change de leur soutien au Parlement. Il d\u00e9fend la r\u00e9conciliation nationale, l\u2019opposition d\u00e9nonce une op\u00e9ration opportuniste<\/p>\n\n\n\n<p>\u00ab&nbsp;La Catalogne est pr\u00eate pour les retrouvailles totales, en d\u00e9fense de la coexistence entre les Espagnols, je d\u00e9fends aujourd\u2019hui l\u2019amnistie en Catalogne pour les faits survenus durant les dix derni\u00e8res ann\u00e9es&nbsp;\u00bb, a affirm\u00e9 ce samedi, \u00e0 Madrid,&nbsp;<a href=\"https:\/\/www.sudouest.fr\/international\/europe\/espagne\/espagne-la-main-repasse-a-gauche-avec-pedro-sanchez-pour-tenter-de-former-un-gouvernement-16911825.php\" target=\"_blank\" rel=\"noreferrer noopener\">le leader socialiste Pedro S\u00e1nchez<\/a>&nbsp;devant le comit\u00e9 f\u00e9d\u00e9ral de son parti, le PSOE.<\/p>\n\n\n\n<p>Amnistie. \u00c7a y est, le mot est officiellement l\u00e2ch\u00e9. Apr\u00e8s des semaines de silence et de circonvolutions, le candidat socialiste joue le tout pour le tout. Il affirme que s\u2019il obtient l\u2019approbation du Parlement pour un nouveau mandat, il demandera l\u2019amnistie pour les ind\u00e9pendantistes catalans impliqu\u00e9s dans la tentative de s\u00e9cession de 2017 qui avait conduit&nbsp;<a href=\"https:\/\/www.sudouest.fr\/international\/europe\/espagne\/\" target=\"_blank\" rel=\"noreferrer noopener\">l\u2019Espagne<\/a>&nbsp;au bord de la rupture.<\/p>\n\n\n\n<p>\u00ab&nbsp;Notre histoire nous montre que c\u2019est \u00e0 travers les accords et la g\u00e9n\u00e9rosit\u00e9 que notre pays et notre d\u00e9mocratie se font plus forts, insiste-t-il. Avec des mesures de gr\u00e2ce d\u2019abord, et avec l\u2019amnistie maintenant, nous ferons que beaucoup de Catalans se sentent identifi\u00e9s \u00e0 notre projet commun.&nbsp;\u00bb<\/p>\n","protected":false},"excerpt":{"rendered":"<p>Le leader socialiste espagnol offre cl\u00e9mence aux catalans en \u00e9change de leur soutien au Parlement. Il d\u00e9fend la r\u00e9conciliation nationale, l\u2019opposition d\u00e9nonce une op\u00e9ration opportuniste \u00ab&nbsp;La Catalogne est pr\u00eate pour les retrouvailles totales, en d\u00e9fense de la coexistence entre les Espagnols, je d\u00e9fends aujourd\u2019hui l\u2019amnistie en Catalogne pour les faits survenus durant les dix derni\u00e8res [&hellip;]<\/p>\n","protected":false},"author":2,"featured_media":25953,"comment_status":"open","ping_status":"open","sticky":false,"template":"","format":"standard","meta":{"_jetpack_memberships_contains_paid_content":false,"footnotes":"","jetpack_publicize_message":"","jetpack_publicize_feature_enabled":true,"jetpack_social_post_already_shared":true,"jetpack_social_options":{"image_generator_settings":{"template":"highway","default_image_id":0,"font":"","enabled":false},"version":2},"_wpas_customize_per_network":false},"categories":[405],"tags":[],"class_list":["post-25952","post","type-post","status-publish","format-standard","has-post-thumbnail","hentry","category-actu-france-monde"],"jetpack_publicize_connections":[],"jetpack_featured_media_url":"https:\/\/i0.wp.com\/www.iceagetv.com\/radiosite\/wp-content\/uploads\/2023\/10\/20231024144515-58722912-1.jpg?fit=1000%2C500&ssl=1","jetpack_sharing_enabled":true,"_links":{"self":[{"href":"https:\/\/www.iceagetv.com\/radiosite\/wp-json\/wp\/v2\/posts\/25952","targetHints":{"allow":["GET"]}}],"collection":[{"href":"https:\/\/www.iceagetv.com\/radiosite\/wp-json\/wp\/v2\/posts"}],"about":[{"href":"https:\/\/www.iceagetv.com\/radiosite\/wp-json\/wp\/v2\/types\/post"}],"author":[{"embeddable":true,"href":"https:\/\/www.iceagetv.com\/radiosite\/wp-json\/wp\/v2\/users\/2"}],"replies":[{"embeddable":true,"href":"https:\/\/www.iceagetv.com\/radiosite\/wp-json\/wp\/v2\/comments?post=25952"}],"version-history":[{"count":1,"href":"https:\/\/www.iceagetv.com\/radiosite\/wp-json\/wp\/v2\/posts\/25952\/revisions"}],"predecessor-version":[{"id":25954,"href":"https:\/\/www.iceagetv.com\/radiosite\/wp-json\/wp\/v2\/posts\/25952\/revisions\/25954"}],"wp:featuredmedia":[{"embeddable":true,"href":"https:\/\/www.iceagetv.com\/radiosite\/wp-json\/wp\/v2\/media\/25953"}],"wp:attachment":[{"href":"https:\/\/www.iceagetv.com\/radiosite\/wp-json\/wp\/v2\/media?parent=25952"}],"wp:term":[{"taxonomy":"category","embeddable":true,"href":"https:\/\/www.iceagetv.com\/radiosite\/wp-json\/wp\/v2\/categories?post=25952"},{"taxonomy":"post_tag","embeddable":true,"href":"https:\/\/www.iceagetv.com\/radiosite\/wp-json\/wp\/v2\/tags?post=25952"}],"curies":[{"name":"wp","href":"https:\/\/api.w.org\/{rel}","templated":true}]}}