{"id":25958,"date":"2023-10-30T19:50:15","date_gmt":"2023-10-30T19:50:15","guid":{"rendered":"https:\/\/www.iceagetv.com\/radiosite\/?p=25958"},"modified":"2023-10-30T19:50:15","modified_gmt":"2023-10-30T19:50:15","slug":"halloween-gerald-darmanin-demande-un-niveau-de-vigilance-eleve-aux-prefets","status":"publish","type":"post","link":"https:\/\/www.iceagetv.com\/radiosite\/halloween-gerald-darmanin-demande-un-niveau-de-vigilance-eleve-aux-prefets\/","title":{"rendered":"HALLOWEEN: G\u00c9RALD DARMANIN DEMANDE \u00ab\u00a0UN NIVEAU DE VIGILANCE \u00c9LEV\u00c9\u00a0\u00bb AUX PR\u00c9FETS"},"content":{"rendered":"\n<p>Le ministre de l&rsquo;Int\u00e9rieur s&rsquo;inqui\u00e8te que les festivit\u00e9s du 31 octobre soient \u00e9maill\u00e9es d&rsquo;incidents, comme lors de son \u00e9dition 2022. Il demande une vigilance marqu\u00e9e en raison des \u00ab\u00a0\u00e9v\u00e9nements survenus sur le territoire\u00a0\u00bb et du \u00ab\u00a0contexte international\u00a0\u00bb.<\/p>\n\n\n\n<p>Pas de frayeurs pour&nbsp;<a href=\"https:\/\/www.bfmtv.com\/paris\/parc-d-attractions-murder-party-nos-idees-sorties-pour-halloween-en-ile-de-france_AN-202310270509.html\">Halloween<\/a>&nbsp;en France? Le 27 octobre, quatre jours avant les festivit\u00e9s de la fin du mois, le ministre de l&rsquo;Int\u00e9rieur G\u00e9rald Darmanin a envoy\u00e9 un t\u00e9l\u00e9gramme aux pr\u00e9fets pour leur demander une vigilance accrue.<\/p>\n\n\n\n<p>\u00ab\u00a0\u00c0 l&rsquo;occasion des pr\u00e9c\u00e9dentes f\u00eates d&rsquo;Halloween, certains incidents ont \u00e9t\u00e9 constat\u00e9s sur l&rsquo;ensemble du territoire national, notamment des v\u00e9hicules incendi\u00e9s et des atteintes aux forces de l&rsquo;ordre et des sapeurs-pompiers\u00a0\u00bb, rappelle Beauvau dans sa missive.<\/p>\n\n\n\n<p>En 2022, un \u00ab\u00a0guet-apens d&rsquo;Halloween\u00a0\u00bb avait par exemple \u00e9t\u00e9 organis\u00e9 contre les forces de les policiers du Val-de-Marne. Dans la Dr\u00f4me, une cinquantaine de jeunes s&rsquo;\u00e9taient rassembl\u00e9s pour mener la vie dure aux forces de l&rsquo;ordre. Un peu partout&nbsp;<a href=\"https:\/\/www.bfmtv.com\/cote-d-azur\/cannes-trois-personnes-interpellees-pour-des-tirs-de-mortiers-le-soir-d-halloween_AN-202210310734.html\">dans l&rsquo;Hexagone, des voitures ont aussi \u00e9t\u00e9 br\u00fbl\u00e9es.<\/a><\/p>\n\n\n\n<h2 class=\"wp-block-heading\">Menace terroriste<\/h2>\n\n\n\n<p>Le minist\u00e8re de l&rsquo;Int\u00e9rieur semble particuli\u00e8rement pr\u00e9occup\u00e9 par un mauvais cocktail de facteurs internes et externes. G\u00e9rald Darmanin rappelle aux pr\u00e9fets que \u00ab\u00a0la\u00a0<a href=\"https:\/\/www.bfmtv.com\/politique\/gouvernement\/il-faut-faire-tres-attention-darmanin-indique-que-la-menace-terroriste-est-toujours-tres-pregnante_AV-202309210275.html\">menace terroriste<\/a>\u00a0que conna\u00eet la France est actuellement \u00e0 son plus haut niveau\u00a0\u00bb.<\/p>\n\n\n\n<p>Il pointe sans les nommer les \u00ab\u00a0faits survenus r\u00e9cemment sur le territoire\u00a0\u00bb, une possible r\u00e9f\u00e9rence \u00e0 l&rsquo;attentat d&rsquo;Arras. Le membre de l&rsquo;ex\u00e9cutif cite \u00e9galement le \u00ab\u00a0contexte international\u00a0\u00bb, en r\u00e9f\u00e9rence&nbsp;<a href=\"https:\/\/www.bfmtv.com\/international\/moyen-orient\/palestine\/en-direct-gaza-de-violents-combats-en-cours-entre-israel-et-le-hamas-les-appels-a-la-desescalade-se-multiplient_LN-202310300040.html\">au conflit au Proche-Orient<\/a>&nbsp;opposant Isra\u00ebl et l&rsquo;organisation terroriste du Hamas.<\/p>\n\n\n\n<p>Les acteurs locaux sont invit\u00e9s \u00e0 mettre en place des dispositifs de s\u00e9curisation \u00ab\u00a0adapt\u00e9s\u00a0\u00bb et \u00ab\u00a0dissuasifs\u00a0\u00bb, \u00ab\u00a0en tenant compte du rehaussement de la posture Vigipirate \u00e0 son stade maximal &lsquo;Urgence attentat'\u00a0\u00bb. Une vigilance particuli\u00e8re est demand\u00e9e pour la s\u00e9curisation des transports publics.<\/p>\n\n\n\n<p>Beauvau demande par ailleurs que des mesures soient prises de mani\u00e8re pr\u00e9ventive \u00ab\u00a0en mati\u00e8re de carburants et de mati\u00e8res explosives\u00a0\u00bb. Dans le Haut-Rhin, en Loire-Atlantique en Haute-Savoie&nbsp;<a href=\"https:\/\/www.bfmtv.com\/var\/alcool-carburant-artifices-le-prefet-du-var-prend-des-mesures-d-interdiction-pour-halloween_AN-202310300815.html\">et dans le Var<\/a>, les pr\u00e9fectures ont d\u00e9cid\u00e9 d&rsquo;interdire les feux d&rsquo;artifice pour Halloween. Les autorit\u00e9s promettent des contr\u00f4les.<\/p>\n\n\n\n<h2 class=\"wp-block-heading\">\u00ab\u00a0Veille sur les r\u00e9seaux sociaux\u00a0\u00bb<\/h2>\n\n\n\n<p>Un souvenir des \u00e9meutes du mois de juillet? Dans ce courrier, les autorit\u00e9s locales sont invit\u00e9es \u00e0 jauger les \u00ab\u00a0risques susceptibles de survenir\u00a0\u00bb pendant les festivit\u00e9s. Le gouvernement insiste sur la n\u00e9cessit\u00e9 d&rsquo;une \u00ab\u00a0veille \u00e9troite des r\u00e9seaux sociaux\u00a0\u00bb.<\/p>\n\n\n\n<p>Lors des violences urbaines qui ont marqu\u00e9 la France au d\u00e9but de l&rsquo;\u00e9t\u00e9 2023, les forces de l&rsquo;ordre et la justice ont fait un usage important des r\u00e9seaux sociaux, notamment des vid\u00e9os publi\u00e9es sur Snapchat et TikTok, pour identifier les auteurs de violences.<\/p>\n\n\n\n<p>Une cinquantaine de&nbsp;<a href=\"https:\/\/www.bfmtv.com\/tech\/actualites\/reseaux-sociaux\/emeutes-les-cyberenqueteurs-investissent-les-reseaux-sociaux-pour-traquer-les-violences_AD-202307070191.html\">gendarmes du cyberespace avaient \u00e9t\u00e9 mobilis\u00e9s<\/a>&nbsp;pour \u00ab\u00a0anticiper les appels \u00e0 commettre des exactions\u00a0\u00bb.<\/p>\n","protected":false},"excerpt":{"rendered":"<p>Le ministre de l&rsquo;Int\u00e9rieur s&rsquo;inqui\u00e8te que les festivit\u00e9s du 31 octobre soient \u00e9maill\u00e9es d&rsquo;incidents, comme lors de son \u00e9dition 2022. Il demande une vigilance marqu\u00e9e en raison des \u00ab\u00a0\u00e9v\u00e9nements survenus sur le territoire\u00a0\u00bb et du \u00ab\u00a0contexte international\u00a0\u00bb. Pas de frayeurs pour&nbsp;Halloween&nbsp;en France? Le 27 octobre, quatre jours avant les festivit\u00e9s de la fin du mois, [&hellip;]<\/p>\n","protected":false},"author":2,"featured_media":25959,"comment_status":"open","ping_status":"open","sticky":false,"template":"","format":"standard","meta":{"_jetpack_memberships_contains_paid_content":false,"footnotes":"","jetpack_publicize_message":"","jetpack_publicize_feature_enabled":true,"jetpack_social_post_already_shared":true,"jetpack_social_options":{"image_generator_settings":{"template":"highway","default_image_id":0,"font":"","enabled":false},"version":2},"_wpas_customize_per_network":false},"categories":[405],"tags":[],"class_list":["post-25958","post","type-post","status-publish","format-standard","has-post-thumbnail","hentry","category-actu-france-monde"],"jetpack_publicize_connections":[],"jetpack_featured_media_url":"https:\/\/i0.wp.com\/www.iceagetv.com\/radiosite\/wp-content\/uploads\/2023\/10\/HALLOWEEN.jpg?fit=680%2C383&ssl=1","jetpack_sharing_enabled":true,"_links":{"self":[{"href":"https:\/\/www.iceagetv.com\/radiosite\/wp-json\/wp\/v2\/posts\/25958","targetHints":{"allow":["GET"]}}],"collection":[{"href":"https:\/\/www.iceagetv.com\/radiosite\/wp-json\/wp\/v2\/posts"}],"about":[{"href":"https:\/\/www.iceagetv.com\/radiosite\/wp-json\/wp\/v2\/types\/post"}],"author":[{"embeddable":true,"href":"https:\/\/www.iceagetv.com\/radiosite\/wp-json\/wp\/v2\/users\/2"}],"replies":[{"embeddable":true,"href":"https:\/\/www.iceagetv.com\/radiosite\/wp-json\/wp\/v2\/comments?post=25958"}],"version-history":[{"count":2,"href":"https:\/\/www.iceagetv.com\/radiosite\/wp-json\/wp\/v2\/posts\/25958\/revisions"}],"predecessor-version":[{"id":25961,"href":"https:\/\/www.iceagetv.com\/radiosite\/wp-json\/wp\/v2\/posts\/25958\/revisions\/25961"}],"wp:featuredmedia":[{"embeddable":true,"href":"https:\/\/www.iceagetv.com\/radiosite\/wp-json\/wp\/v2\/media\/25959"}],"wp:attachment":[{"href":"https:\/\/www.iceagetv.com\/radiosite\/wp-json\/wp\/v2\/media?parent=25958"}],"wp:term":[{"taxonomy":"category","embeddable":true,"href":"https:\/\/www.iceagetv.com\/radiosite\/wp-json\/wp\/v2\/categories?post=25958"},{"taxonomy":"post_tag","embeddable":true,"href":"https:\/\/www.iceagetv.com\/radiosite\/wp-json\/wp\/v2\/tags?post=25958"}],"curies":[{"name":"wp","href":"https:\/\/api.w.org\/{rel}","templated":true}]}}