{"id":25981,"date":"2023-11-02T07:48:39","date_gmt":"2023-11-02T07:48:39","guid":{"rendered":"https:\/\/www.iceagetv.com\/radiosite\/?p=25981"},"modified":"2023-11-02T07:48:39","modified_gmt":"2023-11-02T07:48:39","slug":"tempete-ciaran-une-vague-de-21-metres-mesuree-au-large-du-finistere","status":"publish","type":"post","link":"https:\/\/www.iceagetv.com\/radiosite\/tempete-ciaran-une-vague-de-21-metres-mesuree-au-large-du-finistere\/","title":{"rendered":"TEMP\u00caTE CIARAN: UNE VAGUE DE 21 M\u00c8TRES MESUR\u00c9E AU LARGE DU FINIST\u00c8RE"},"content":{"rendered":"\n<p>Une vague de 21 m\u00e8tres a \u00e9t\u00e9 mesur\u00e9e ce jeudi matin au large du Finist\u00e8re, balay\u00e9 par la temp\u00eate Ciaran.<\/p>\n\n\n\n<p>Une vague de 21 m\u00e8tres de haut a \u00e9t\u00e9 mesur\u00e9e ce jeudi 2 novembre matin au large du Finist\u00e8re, d\u00e9partement frapp\u00e9 par la&nbsp;<a href=\"https:\/\/www.bfmtv.com\/meteo\/intemperies\/en-direct-tempete-ciaran-l-ouest-de-la-france-balaye-par-les-vents-violents-des-rafales-a-plus-de-190km-h_LN-202311020050.html\">temp\u00eate Ciaran<\/a>&nbsp;comme tout l&rsquo;ouest de la France.<\/p>\n\n\n\n<p>La vague la plus haute a \u00e9t\u00e9 observ\u00e9e vers 6 heures du matin \u00e0 la bou\u00e9e des Pierres noires, au sud de l&rsquo;\u00eele de Mol\u00e8ne.<\/p>\n\n\n\n<p>La bou\u00e9e m\u00e9t\u00e9orologique des Pierres noires, qui permet de&nbsp;<a href=\"https:\/\/www.infoclimat.fr\/mer\/bouees.php?id=CETF02911&amp;jour=20140208\" target=\"_blank\" rel=\"noreferrer noopener\">mesurer la houle en temps r\u00e9el<\/a>, rel\u00e8ve une hauteur significative des vagues de 11 m\u00e8tres en moyenne.<\/p>\n\n\n\n<blockquote class=\"wp-block-quote is-layout-flow wp-block-quote-is-layout-flow\">\n<p>\u00ab\u00a0Ces vagues arrivent apr\u00e8s le passage de la d\u00e9pression. Celle-ci circule dans le rail d&rsquo;Ouessant et \u00e0 l&rsquo;arri\u00e8re, on a toute la houle qui d\u00e9ferle sur le littoral\u00a0\u00bb, explique notre journaliste m\u00e9t\u00e9o Marc Hay.<\/p>\n<cite>La vigilance orange \u00ab\u00a0vagues-submersions\u00a0\u00bb est actuellement activ\u00e9e pour les littoraux du Finist\u00e8re, du Morbihan, de la Loire-Atlantique et de la Vend\u00e9e<\/cite><\/blockquote>\n","protected":false},"excerpt":{"rendered":"<p>Une vague de 21 m\u00e8tres a \u00e9t\u00e9 mesur\u00e9e ce jeudi matin au large du Finist\u00e8re, balay\u00e9 par la temp\u00eate Ciaran. Une vague de 21 m\u00e8tres de haut a \u00e9t\u00e9 mesur\u00e9e ce jeudi 2 novembre matin au large du Finist\u00e8re, d\u00e9partement frapp\u00e9 par la&nbsp;temp\u00eate Ciaran&nbsp;comme tout l&rsquo;ouest de la France. La vague la plus haute a [&hellip;]<\/p>\n","protected":false},"author":2,"featured_media":25982,"comment_status":"open","ping_status":"open","sticky":false,"template":"","format":"standard","meta":{"_jetpack_memberships_contains_paid_content":false,"footnotes":"","jetpack_publicize_message":"","jetpack_publicize_feature_enabled":true,"jetpack_social_post_already_shared":true,"jetpack_social_options":{"image_generator_settings":{"template":"highway","default_image_id":0,"font":"","enabled":false},"version":2},"_wpas_customize_per_network":false},"categories":[405],"tags":[],"class_list":["post-25981","post","type-post","status-publish","format-standard","has-post-thumbnail","hentry","category-actu-france-monde"],"jetpack_publicize_connections":[],"jetpack_featured_media_url":"https:\/\/i0.wp.com\/www.iceagetv.com\/radiosite\/wp-content\/uploads\/2023\/11\/TEMPETE-CIARAN-UNE-VAGUE-DE-21-METRES-MESUREE-AU-LARGE-DU-FINISTERE.png?fit=455%2C194&ssl=1","jetpack_sharing_enabled":true,"_links":{"self":[{"href":"https:\/\/www.iceagetv.com\/radiosite\/wp-json\/wp\/v2\/posts\/25981","targetHints":{"allow":["GET"]}}],"collection":[{"href":"https:\/\/www.iceagetv.com\/radiosite\/wp-json\/wp\/v2\/posts"}],"about":[{"href":"https:\/\/www.iceagetv.com\/radiosite\/wp-json\/wp\/v2\/types\/post"}],"author":[{"embeddable":true,"href":"https:\/\/www.iceagetv.com\/radiosite\/wp-json\/wp\/v2\/users\/2"}],"replies":[{"embeddable":true,"href":"https:\/\/www.iceagetv.com\/radiosite\/wp-json\/wp\/v2\/comments?post=25981"}],"version-history":[{"count":1,"href":"https:\/\/www.iceagetv.com\/radiosite\/wp-json\/wp\/v2\/posts\/25981\/revisions"}],"predecessor-version":[{"id":25983,"href":"https:\/\/www.iceagetv.com\/radiosite\/wp-json\/wp\/v2\/posts\/25981\/revisions\/25983"}],"wp:featuredmedia":[{"embeddable":true,"href":"https:\/\/www.iceagetv.com\/radiosite\/wp-json\/wp\/v2\/media\/25982"}],"wp:attachment":[{"href":"https:\/\/www.iceagetv.com\/radiosite\/wp-json\/wp\/v2\/media?parent=25981"}],"wp:term":[{"taxonomy":"category","embeddable":true,"href":"https:\/\/www.iceagetv.com\/radiosite\/wp-json\/wp\/v2\/categories?post=25981"},{"taxonomy":"post_tag","embeddable":true,"href":"https:\/\/www.iceagetv.com\/radiosite\/wp-json\/wp\/v2\/tags?post=25981"}],"curies":[{"name":"wp","href":"https:\/\/api.w.org\/{rel}","templated":true}]}}