{"id":25984,"date":"2023-11-02T16:16:52","date_gmt":"2023-11-02T16:16:52","guid":{"rendered":"https:\/\/www.iceagetv.com\/radiosite\/?p=25984"},"modified":"2023-11-02T16:16:52","modified_gmt":"2023-11-02T16:16:52","slug":"tempete-ciaran-deux-morts-dont-un-homme-de-70-ans-apres-un-coup-de-vent-au-havre-et-15-blesses-dont-7-pompiers-selon-un-nouveau-bilan-12-departements-restent-en-vigilance-orange-ce-soir-et","status":"publish","type":"post","link":"https:\/\/www.iceagetv.com\/radiosite\/tempete-ciaran-deux-morts-dont-un-homme-de-70-ans-apres-un-coup-de-vent-au-havre-et-15-blesses-dont-7-pompiers-selon-un-nouveau-bilan-12-departements-restent-en-vigilance-orange-ce-soir-et\/","title":{"rendered":"Temp\u00eate Ciaran: Deux morts, dont un homme de 70 ans apr\u00e8s \u00ab\u00a0un coup de vent\u00a0\u00bb au Havre, et 15 bless\u00e9s, dont 7 pompiers, selon un nouveau bilan &#8211; 12 d\u00e9partements restent en vigilance orange ce soir et 6 pour la journ\u00e9e de demain"},"content":{"rendered":"\n<p>La temp\u00eate Ciaran qui frappait jeudi l&rsquo;ouest de l&rsquo;Europe a fait au moins cinq morts, dont un en Belgique, et provoqu\u00e9 d&rsquo;importantes perturbations, avec des ports ferm\u00e9s et des vols annul\u00e9s.<\/p>\n\n\n\n<p>Des chutes d&rsquo;arbres caus\u00e9es par les violentes rafales de vent sont \u00e0 l&rsquo;origine des accidents mortels: une victime dans un parc de Gand en Belgique, une deuxi\u00e8me en plein centre de Madrid, un chauffeur routier en France, une quadrag\u00e9naire en Allemagne et un cinqui\u00e8me mort aux Pays-Bas.<\/p>\n\n\n\n<p>La personne d\u00e9c\u00e9d\u00e9e jeudi \u00e0 Gand (ouest) a \u00e9t\u00e9 victime de la chute d&rsquo;un arbre provoqu\u00e9e par les violentes rafales de vent dues \u00e0 la temp\u00eate Ciaran, a annonc\u00e9 la police locale.<\/p>\n\n\n\n<p>Cette chute d&rsquo;arbre, dans un parc dans la ville flamande, a \u00e9galement bless\u00e9 \u00e0 la jambe une seconde personne, a indiqu\u00e9 un porte-parole \u00e0 l&rsquo;AFP.<\/p>\n\n\n\n<p>L&rsquo;Institut royal m\u00e9t\u00e9orologique belge avait \u00e9mis une alerte \u00ab orange \u00bb sur quatre provinces proches de la c\u00f4te flamande et \u00ab jaune \u00bb pour le reste du pays.<\/p>\n\n\n\n<p>La temp\u00eate Ciaran a fortement perturb\u00e9 le trafic ferroviaire belge, entra\u00eenant l&rsquo;interruption des liaisons vers la c\u00f4te en Flandre, tandis que les trains roulaient \u00e0 vitesse r\u00e9duite dans le reste de la Belgique, selon l&rsquo;op\u00e9rateur national.<\/p>\n\n\n\n<p>Le trafic maritime a \u00e9galement \u00e9t\u00e9 interrompu pour la journ\u00e9e dans la zone portuaire d&rsquo;Anvers en raison des conditions m\u00e9t\u00e9orologiques, tandis qu&rsquo;\u00e0 l&rsquo;a\u00e9roport de Bruxelles, les vols enregistraient de nombreux retards, selon la presse belge.<strong>:\u00a0M\u00e9t\u00e9o France vient de publier deux nouvelles cartes de vigilance. En cette fin de journ\u00e9e, 12 d\u00e9partements restent plac\u00e9s en vigilance orange. Pour la journ\u00e9e de demain, 6 d\u00e9partements le seront.<\/strong><\/p>\n","protected":false},"excerpt":{"rendered":"<p>La temp\u00eate Ciaran qui frappait jeudi l&rsquo;ouest de l&rsquo;Europe a fait au moins cinq morts, dont un en Belgique, et provoqu\u00e9 d&rsquo;importantes perturbations, avec des ports ferm\u00e9s et des vols annul\u00e9s. Des chutes d&rsquo;arbres caus\u00e9es par les violentes rafales de vent sont \u00e0 l&rsquo;origine des accidents mortels: une victime dans un parc de Gand en [&hellip;]<\/p>\n","protected":false},"author":2,"featured_media":25985,"comment_status":"open","ping_status":"open","sticky":false,"template":"","format":"standard","meta":{"_jetpack_memberships_contains_paid_content":false,"footnotes":"","jetpack_publicize_message":"","jetpack_publicize_feature_enabled":true,"jetpack_social_post_already_shared":true,"jetpack_social_options":{"image_generator_settings":{"template":"highway","default_image_id":0,"font":"","enabled":false},"version":2},"_wpas_customize_per_network":false},"categories":[405],"tags":[],"class_list":["post-25984","post","type-post","status-publish","format-standard","has-post-thumbnail","hentry","category-actu-france-monde"],"jetpack_publicize_connections":[],"jetpack_featured_media_url":"https:\/\/i0.wp.com\/www.iceagetv.com\/radiosite\/wp-content\/uploads\/2023\/11\/6-departeement-en-vigilance-orange.png?fit=751%2C417&ssl=1","jetpack_sharing_enabled":true,"_links":{"self":[{"href":"https:\/\/www.iceagetv.com\/radiosite\/wp-json\/wp\/v2\/posts\/25984","targetHints":{"allow":["GET"]}}],"collection":[{"href":"https:\/\/www.iceagetv.com\/radiosite\/wp-json\/wp\/v2\/posts"}],"about":[{"href":"https:\/\/www.iceagetv.com\/radiosite\/wp-json\/wp\/v2\/types\/post"}],"author":[{"embeddable":true,"href":"https:\/\/www.iceagetv.com\/radiosite\/wp-json\/wp\/v2\/users\/2"}],"replies":[{"embeddable":true,"href":"https:\/\/www.iceagetv.com\/radiosite\/wp-json\/wp\/v2\/comments?post=25984"}],"version-history":[{"count":1,"href":"https:\/\/www.iceagetv.com\/radiosite\/wp-json\/wp\/v2\/posts\/25984\/revisions"}],"predecessor-version":[{"id":25986,"href":"https:\/\/www.iceagetv.com\/radiosite\/wp-json\/wp\/v2\/posts\/25984\/revisions\/25986"}],"wp:featuredmedia":[{"embeddable":true,"href":"https:\/\/www.iceagetv.com\/radiosite\/wp-json\/wp\/v2\/media\/25985"}],"wp:attachment":[{"href":"https:\/\/www.iceagetv.com\/radiosite\/wp-json\/wp\/v2\/media?parent=25984"}],"wp:term":[{"taxonomy":"category","embeddable":true,"href":"https:\/\/www.iceagetv.com\/radiosite\/wp-json\/wp\/v2\/categories?post=25984"},{"taxonomy":"post_tag","embeddable":true,"href":"https:\/\/www.iceagetv.com\/radiosite\/wp-json\/wp\/v2\/tags?post=25984"}],"curies":[{"name":"wp","href":"https:\/\/api.w.org\/{rel}","templated":true}]}}