{"id":25987,"date":"2023-11-02T16:18:48","date_gmt":"2023-11-02T16:18:48","guid":{"rendered":"https:\/\/www.iceagetv.com\/radiosite\/?p=25987"},"modified":"2023-11-02T16:18:48","modified_gmt":"2023-11-02T16:18:48","slug":"eric-dupond-moretti-restera-a-son-poste-pendant-son-proces","status":"publish","type":"post","link":"https:\/\/www.iceagetv.com\/radiosite\/eric-dupond-moretti-restera-a-son-poste-pendant-son-proces\/","title":{"rendered":"\u00c9RIC DUPOND-MORETTI RESTERA \u00c0 SON POSTE PENDANT SON PROC\u00c8S"},"content":{"rendered":"\n<p>Alors qu&rsquo;il sera jug\u00e9 pour prise ill\u00e9gale d&rsquo;int\u00e9r\u00eats du 6 au 17 novembre, \u00c9ric Dupond-Moretti gardera les r\u00eanes du minist\u00e8re de la Justice.<\/p>\n\n\n\n<p>Pas de remplacement ou de d\u00e9cret d&rsquo;int\u00e9rim pour&nbsp;<a href=\"https:\/\/www.bfmtv.com\/politique\/gouvernement\/irresponsables-politiques-la-charge-d-eric-dupond-moretti-contre-lfi-et-le-npa_AV-202310120347.html\">\u00c9ric Dupond-Moretti<\/a>. Le ministre de la Justice restera \u00e0 son poste pendant son proc\u00e8s pour&nbsp;<a href=\"https:\/\/www.bfmtv.com\/politique\/proces-pour-prise-illegale-d-interet-eric-dupond-moretti-compte-bien-demontrer-son-innocence_AV-202310150259.html\">prise ill\u00e9gale d&rsquo;int\u00e9r\u00eats<\/a>&nbsp;qui se d\u00e9roulera du 6 au 17 novembre, affirme une source proche de l&rsquo;ex\u00e9cutif \u00e0 BFMTV.<\/p>\n\n\n\n<blockquote class=\"wp-block-quote is-layout-flow wp-block-quote-is-layout-flow\">\n<p>\u00ab\u00a0Des mesures pratiques et classiques d\u2019organisation du travail gouvernemental seront mis en place\u00a0\u00bb, nous assure cette m\u00eame source.<\/p>\n<\/blockquote>\n\n\n\n<p>Alors qu&rsquo;il sera jug\u00e9 par la\u00a0<a href=\"https:\/\/www.bfmtv.com\/police-justice\/dupond-moretti-renvoye-en-proces-les-syndicats-de-magistrats-evoquent-une-situation-inedite_AD-202307280662.html\">Cour de justice de la R\u00e9publique<\/a>, le garde des Sceaux pourra par exemple \u00eatre excus\u00e9 du Conseil des ministres, \u00eatre remplac\u00e9 sur les bancs de l&rsquo;assembl\u00e9e ou encore d\u00e9l\u00e9guer des signatures \u00e0 son directeur de cabinet si n\u00e9cessaire.<\/p>\n\n\n\n<h2 class=\"wp-block-heading\">\u00ab\u00a0Continuit\u00e9 assur\u00e9e\u00a0\u00bb<\/h2>\n\n\n\n<p>Le gouvernement assure que le bon fonctionnement des pouvoirs publics et la continuit\u00e9 de l\u2019\u00e9tat seront assur\u00e9s, tout en permettant \u00e0 \u00c9ric Dupond-Moretti de se concentrer sur sa d\u00e9fense.<\/p>\n","protected":false},"excerpt":{"rendered":"<p>Alors qu&rsquo;il sera jug\u00e9 pour prise ill\u00e9gale d&rsquo;int\u00e9r\u00eats du 6 au 17 novembre, \u00c9ric Dupond-Moretti gardera les r\u00eanes du minist\u00e8re de la Justice. Pas de remplacement ou de d\u00e9cret d&rsquo;int\u00e9rim pour&nbsp;\u00c9ric Dupond-Moretti. Le ministre de la Justice restera \u00e0 son poste pendant son proc\u00e8s pour&nbsp;prise ill\u00e9gale d&rsquo;int\u00e9r\u00eats&nbsp;qui se d\u00e9roulera du 6 au 17 novembre, affirme [&hellip;]<\/p>\n","protected":false},"author":2,"featured_media":25988,"comment_status":"open","ping_status":"open","sticky":false,"template":"","format":"standard","meta":{"_jetpack_memberships_contains_paid_content":false,"footnotes":"","jetpack_publicize_message":"","jetpack_publicize_feature_enabled":true,"jetpack_social_post_already_shared":true,"jetpack_social_options":{"image_generator_settings":{"template":"highway","default_image_id":0,"font":"","enabled":false},"version":2},"_wpas_customize_per_network":false},"categories":[405],"tags":[],"class_list":["post-25987","post","type-post","status-publish","format-standard","has-post-thumbnail","hentry","category-actu-france-monde"],"jetpack_publicize_connections":[],"jetpack_featured_media_url":"https:\/\/i0.wp.com\/www.iceagetv.com\/radiosite\/wp-content\/uploads\/2023\/11\/Le-ministre-francais-de-la-Justice-Eric-Dupont-Moretti-le-26-octobre-2022-a-Paris-1524369.jpg?fit=768%2C432&ssl=1","jetpack_sharing_enabled":true,"_links":{"self":[{"href":"https:\/\/www.iceagetv.com\/radiosite\/wp-json\/wp\/v2\/posts\/25987","targetHints":{"allow":["GET"]}}],"collection":[{"href":"https:\/\/www.iceagetv.com\/radiosite\/wp-json\/wp\/v2\/posts"}],"about":[{"href":"https:\/\/www.iceagetv.com\/radiosite\/wp-json\/wp\/v2\/types\/post"}],"author":[{"embeddable":true,"href":"https:\/\/www.iceagetv.com\/radiosite\/wp-json\/wp\/v2\/users\/2"}],"replies":[{"embeddable":true,"href":"https:\/\/www.iceagetv.com\/radiosite\/wp-json\/wp\/v2\/comments?post=25987"}],"version-history":[{"count":1,"href":"https:\/\/www.iceagetv.com\/radiosite\/wp-json\/wp\/v2\/posts\/25987\/revisions"}],"predecessor-version":[{"id":25989,"href":"https:\/\/www.iceagetv.com\/radiosite\/wp-json\/wp\/v2\/posts\/25987\/revisions\/25989"}],"wp:featuredmedia":[{"embeddable":true,"href":"https:\/\/www.iceagetv.com\/radiosite\/wp-json\/wp\/v2\/media\/25988"}],"wp:attachment":[{"href":"https:\/\/www.iceagetv.com\/radiosite\/wp-json\/wp\/v2\/media?parent=25987"}],"wp:term":[{"taxonomy":"category","embeddable":true,"href":"https:\/\/www.iceagetv.com\/radiosite\/wp-json\/wp\/v2\/categories?post=25987"},{"taxonomy":"post_tag","embeddable":true,"href":"https:\/\/www.iceagetv.com\/radiosite\/wp-json\/wp\/v2\/tags?post=25987"}],"curies":[{"name":"wp","href":"https:\/\/api.w.org\/{rel}","templated":true}]}}