{"id":26014,"date":"2023-11-03T06:35:09","date_gmt":"2023-11-03T06:35:09","guid":{"rendered":"https:\/\/www.iceagetv.com\/radiosite\/?p=26014"},"modified":"2023-11-03T06:35:09","modified_gmt":"2023-11-03T06:35:09","slug":"tempete-ciaran-emmanuel-macron-attendu-en-bretagne-elisabeth-borne-en-normandie","status":"publish","type":"post","link":"https:\/\/www.iceagetv.com\/radiosite\/tempete-ciaran-emmanuel-macron-attendu-en-bretagne-elisabeth-borne-en-normandie\/","title":{"rendered":"Temp\u00eate Ciaran : Emmanuel Macron attendu en Bretagne, Elisabeth Borne en Normandie"},"content":{"rendered":"\n<p>Au lendemain du passage de la temp\u00eate Ciaran dans le grand Ouest, l&rsquo;executif est sur le terrain afin de \u00ab\u00a0rencontrer et remercier les forces de secours mobilis\u00e9esEmmanuel Macron se rendra en Bretagne ce vendredi, indique l&rsquo;\u00c9lys\u00e9e \u00e0 franceinfo. La r\u00e9gion a \u00e9t\u00e9 fortement touch\u00e9e par le passage de la temp\u00eate Ciaran dans la nuit de mercredi \u00e0 jeudi.\u00a0<\/p>\n\n\n\n<p>Le chef de l&rsquo;\u00c9tat veut \u00ab\u00a0<em>rencontrer et remercier les forces de secours mobilis\u00e9es durant et apr\u00e8s le passage de la temp\u00eate et dont l&rsquo;action a \u00e9t\u00e9 d\u00e9terminante<\/em>\u00ab\u00a0, explique l&rsquo;\u00c9lys\u00e9e. Emmanuel Macron \u00e9changera \u00e9galement avec des habitants \u00ab\u00a0<em>qui ont eu \u00e0 traverser cette \u00e9preuve<\/em>\u00ab\u00a0.&nbsp;<\/p>\n\n\n\n<p>La Premi\u00e8re ministre Elisabeth Borne se rendra \u00e0 la caserne de Caen vendredi 3 novembre \u00e0 10h15 o\u00f9 elle \u00e9changera \u00ab\u00a0<em>avec les sapeurs-pompiers, policiers, gendarmes, agents territoriaux et \u00e9lus locaux mobilis\u00e9s et saluer leur action sur le terrain<\/em>\u00ab\u00a0, indique la pr\u00e9fecture du Calvados dans un communiqu\u00e9. Elisabeth Borne visitera \u00e0 15h ce vendredi le centre \u00e9questre de Landes-sur-Ajon \u00ab\u00a0<em>afin d&rsquo;\u00e9changer avec des professionnels de l\u2019\u00e9quitation de loisirs sur le r\u00e9tablissement du taux de taxe sur la valeur ajout\u00e9e (TVA) de 5,5 % sur les activit\u00e9s des centres \u00e9questres qui figure dans le texte de projet de loi de finances 2024 qui sera examin\u00e9 au S\u00e9nat<\/em>\u00ab\u00a0, explique la pr\u00e9fecture du Calvados. &nbsp;<\/p>\n","protected":false},"excerpt":{"rendered":"<p>Au lendemain du passage de la temp\u00eate Ciaran dans le grand Ouest, l&rsquo;executif est sur le terrain afin de \u00ab\u00a0rencontrer et remercier les forces de secours mobilis\u00e9esEmmanuel Macron se rendra en Bretagne ce vendredi, indique l&rsquo;\u00c9lys\u00e9e \u00e0 franceinfo. La r\u00e9gion a \u00e9t\u00e9 fortement touch\u00e9e par le passage de la temp\u00eate Ciaran dans la nuit de [&hellip;]<\/p>\n","protected":false},"author":2,"featured_media":25818,"comment_status":"open","ping_status":"open","sticky":false,"template":"","format":"standard","meta":{"_jetpack_memberships_contains_paid_content":false,"footnotes":"","jetpack_publicize_message":"","jetpack_publicize_feature_enabled":true,"jetpack_social_post_already_shared":true,"jetpack_social_options":{"image_generator_settings":{"template":"highway","default_image_id":0,"font":"","enabled":false},"version":2},"_wpas_customize_per_network":false},"categories":[405],"tags":[],"class_list":["post-26014","post","type-post","status-publish","format-standard","has-post-thumbnail","hentry","category-actu-france-monde"],"jetpack_publicize_connections":[],"jetpack_featured_media_url":"https:\/\/i0.wp.com\/www.iceagetv.com\/radiosite\/wp-content\/uploads\/2023\/10\/Qr1WTJmB-1.jpeg?fit=899%2C388&ssl=1","jetpack_sharing_enabled":true,"_links":{"self":[{"href":"https:\/\/www.iceagetv.com\/radiosite\/wp-json\/wp\/v2\/posts\/26014","targetHints":{"allow":["GET"]}}],"collection":[{"href":"https:\/\/www.iceagetv.com\/radiosite\/wp-json\/wp\/v2\/posts"}],"about":[{"href":"https:\/\/www.iceagetv.com\/radiosite\/wp-json\/wp\/v2\/types\/post"}],"author":[{"embeddable":true,"href":"https:\/\/www.iceagetv.com\/radiosite\/wp-json\/wp\/v2\/users\/2"}],"replies":[{"embeddable":true,"href":"https:\/\/www.iceagetv.com\/radiosite\/wp-json\/wp\/v2\/comments?post=26014"}],"version-history":[{"count":1,"href":"https:\/\/www.iceagetv.com\/radiosite\/wp-json\/wp\/v2\/posts\/26014\/revisions"}],"predecessor-version":[{"id":26015,"href":"https:\/\/www.iceagetv.com\/radiosite\/wp-json\/wp\/v2\/posts\/26014\/revisions\/26015"}],"wp:featuredmedia":[{"embeddable":true,"href":"https:\/\/www.iceagetv.com\/radiosite\/wp-json\/wp\/v2\/media\/25818"}],"wp:attachment":[{"href":"https:\/\/www.iceagetv.com\/radiosite\/wp-json\/wp\/v2\/media?parent=26014"}],"wp:term":[{"taxonomy":"category","embeddable":true,"href":"https:\/\/www.iceagetv.com\/radiosite\/wp-json\/wp\/v2\/categories?post=26014"},{"taxonomy":"post_tag","embeddable":true,"href":"https:\/\/www.iceagetv.com\/radiosite\/wp-json\/wp\/v2\/tags?post=26014"}],"curies":[{"name":"wp","href":"https:\/\/api.w.org\/{rel}","templated":true}]}}