{"id":26019,"date":"2023-11-03T12:14:44","date_gmt":"2023-11-03T12:14:44","guid":{"rendered":"https:\/\/www.iceagetv.com\/radiosite\/?p=26019"},"modified":"2023-11-03T12:14:44","modified_gmt":"2023-11-03T12:14:44","slug":"ariege-une-jeune-fille-de-15-ans-battue-et-violee-sur-un-chemin-de-campagne-un-homme-ecroue","status":"publish","type":"post","link":"https:\/\/www.iceagetv.com\/radiosite\/ariege-une-jeune-fille-de-15-ans-battue-et-violee-sur-un-chemin-de-campagne-un-homme-ecroue\/","title":{"rendered":"Ari\u00e8ge : Une jeune fille de 15 ans battue et viol\u00e9e sur un chemin de campagne, un homme \u00e9crou\u00e9"},"content":{"rendered":"\n<p>Des faits aussi choquants que sordides. Une lyc\u00e9enne de 15 ans a \u00e9t\u00e9 victime d&rsquo;un viol le samedi 7 octobre dernier dans la soir\u00e9e, dans la petite commune d&rsquo;Ornolac-Ussat-les-Bains, proche de Tarascon-sur-Ari\u00e8ge (Ari\u00e8ge), rapporte\u00a0<a rel=\"noreferrer noopener\" href=\"https:\/\/www.ladepeche.fr\/2023\/11\/03\/adolescente-violemment-battue-et-violee-en-ariege-le-principal-suspect-nie-les-faits-et-parle-dune-relation-sexuelle-consentie-11555064.php\" target=\"_blank\"><em>La D\u00e9p\u00eache<\/em><\/a>. Dans cette affaire, une information judiciaire a \u00e9t\u00e9 ouverte pour \u00ab\u00a0viol aggrav\u00e9 sur mineure de plus de 15 ans\u00a0\u00bb. L&rsquo;agresseur pr\u00e9sum\u00e9, un homme de 31 ans d\u00e9j\u00e0 connu des services de justice pour des faits de violence, a \u00e9t\u00e9 rapidement interpell\u00e9 avant d&rsquo;\u00eatre mis en examen et plac\u00e9 en d\u00e9tention provisoire.<\/p>\n\n\n\n<p>Le jour des faits vers 22h30, l&rsquo;adolescente a accept\u00e9 de monter dans la voiture du suspect, qu&rsquo;elle avait d\u00e9j\u00e0 vu, et qui lui a demand\u00e9 avec insistance de l&rsquo;accompagner jusqu&rsquo;\u00e0 Tarascon-sur-Ari\u00e8ge, commune voisine, pour acheter des cigarettes. Le trentenaire a finalement pris la direction d&rsquo;un chemin de campagne isol\u00e9 et s&rsquo;est arr\u00eat\u00e9. C&rsquo;est l\u00e0 que la victime a \u00e9t\u00e9 battue et viol\u00e9e. Le suspect nie les faits, malgr\u00e9 le recit de la victime et les preuves recueillies par les enqu\u00eateurs.<\/p>\n\n\n\n<h2 class=\"wp-block-heading\">\u00abElle a pass\u00e9 huit jours o\u00f9 elle ne parlait plus\u00bb<\/h2>\n\n\n\n<p>Le trentenaire est d\u00e9j\u00e0 connu des services de police et de justice, a indiqu\u00e9 le parquet de Toulouse, en charge de ce dossier criminel.\u00a0<em>\u00ab\u00a0Je ne sais pas comment ils \u00e9taient au courant, mais le PSIG<\/em>\u00a0(les gendarmes du peloton de surveillance et d&rsquo;intervention, ndlr)\u00a0<em>savait qui c&rsquo;\u00e9tait, apparemment il n&rsquo;en est pas \u00e0 son coup d&rsquo;essai\u00a0\u00bb<\/em>, a r\u00e9agi le p\u00e8re de la victime, sous le choc, \u00e0\u00a0<a rel=\"noreferrer noopener\" href=\"https:\/\/www.ladepeche.fr\/2023\/10\/17\/elle-est-tombee-dans-le-piege-dun-predateur-une-adolescente-de-15-ans-violemment-battue-et-violee-en-ariege-11525566.php\" target=\"_blank\"><em>La D\u00e9p\u00eache<\/em><\/a>.\u00a0<em>\u00ab\u00a0Elle [la victime] a pass\u00e9 huit jours o\u00f9 elle ne parlait plus (&#8230;) elle est tomb\u00e9e dans le pi\u00e8ge d&rsquo;un pr\u00e9dateur. Je suis quelqu&rsquo;un de calme et de pos\u00e9 mais l\u00e0, j&rsquo;accuse le coup, j&rsquo;ai du mal \u00e0 accepter\u00a0\u00bb<\/em>.<\/p>\n\n\n\n<p>L&rsquo;avocat de la victime, Me Dedieu, a expliqu\u00e9 avec gravit\u00e9 les circonstances de l&rsquo;agression et a soulign\u00e9 l&rsquo;importance d&rsquo;une famille structurante qui a permis \u00e0 la jeune fille de parler rapidement, malgr\u00e9 la sid\u00e9ration et la honte qui suivent souvent ce type d&rsquo;agression.&nbsp;<em>\u00ab\u00a0Ma cliente est mont\u00e9e volontairement dans son v\u00e9hicule. Ce n&rsquo;est pas un ami, ni un copain, mais pas, non plus, un total inconnu. Il est all\u00e9 s&rsquo;isoler sur une petite route communale et a abus\u00e9 d&rsquo;elle\u00a0\u00bb<\/em>, a d\u00e9crit l&rsquo;avocat, au quotidien r\u00e9gional. Selon Me Dedieu, le suspect est d\u00e9j\u00e0 connu pour des faits de violences sur son ex-compagne. L&rsquo;adolescente se trouve toujours&nbsp;<em>\u00ab\u00a0dans la sid\u00e9ration\u00a0\u00bb&nbsp;<\/em>selon son avocat.<\/p>\n\n\n\n<p>Quant \u00e0 la d\u00e9fense, l&rsquo;avocat de l&rsquo;auteur pr\u00e9sum\u00e9, Me Andrieu, a choisi de ne pas s&rsquo;exprimer pour pr\u00e9server le secret de l&rsquo;instruction. Le suspect a \u00e9voqu\u00e9, durant ses 48 heures de garde \u00e0 vue, un acte sexuel consenti avec la victime.<\/p>\n","protected":false},"excerpt":{"rendered":"<p>Des faits aussi choquants que sordides. Une lyc\u00e9enne de 15 ans a \u00e9t\u00e9 victime d&rsquo;un viol le samedi 7 octobre dernier dans la soir\u00e9e, dans la petite commune d&rsquo;Ornolac-Ussat-les-Bains, proche de Tarascon-sur-Ari\u00e8ge (Ari\u00e8ge), rapporte\u00a0La D\u00e9p\u00eache. Dans cette affaire, une information judiciaire a \u00e9t\u00e9 ouverte pour \u00ab\u00a0viol aggrav\u00e9 sur mineure de plus de 15 ans\u00a0\u00bb. L&rsquo;agresseur [&hellip;]<\/p>\n","protected":false},"author":2,"featured_media":26020,"comment_status":"open","ping_status":"open","sticky":false,"template":"","format":"standard","meta":{"_jetpack_memberships_contains_paid_content":false,"footnotes":"","jetpack_publicize_message":"","jetpack_publicize_feature_enabled":true,"jetpack_social_post_already_shared":true,"jetpack_social_options":{"image_generator_settings":{"template":"highway","default_image_id":0,"font":"","enabled":false},"version":2},"_wpas_customize_per_network":false},"categories":[405],"tags":[],"class_list":["post-26019","post","type-post","status-publish","format-standard","has-post-thumbnail","hentry","category-actu-france-monde"],"jetpack_publicize_connections":[],"jetpack_featured_media_url":"https:\/\/i0.wp.com\/www.iceagetv.com\/radiosite\/wp-content\/uploads\/2023\/11\/Ariege-Une-jeune-fille-de-15-ans-battue-et-violee-sur-un-chemin-de-campagne-un-homme-ecroue.png?fit=892%2C483&ssl=1","jetpack_sharing_enabled":true,"_links":{"self":[{"href":"https:\/\/www.iceagetv.com\/radiosite\/wp-json\/wp\/v2\/posts\/26019","targetHints":{"allow":["GET"]}}],"collection":[{"href":"https:\/\/www.iceagetv.com\/radiosite\/wp-json\/wp\/v2\/posts"}],"about":[{"href":"https:\/\/www.iceagetv.com\/radiosite\/wp-json\/wp\/v2\/types\/post"}],"author":[{"embeddable":true,"href":"https:\/\/www.iceagetv.com\/radiosite\/wp-json\/wp\/v2\/users\/2"}],"replies":[{"embeddable":true,"href":"https:\/\/www.iceagetv.com\/radiosite\/wp-json\/wp\/v2\/comments?post=26019"}],"version-history":[{"count":1,"href":"https:\/\/www.iceagetv.com\/radiosite\/wp-json\/wp\/v2\/posts\/26019\/revisions"}],"predecessor-version":[{"id":26021,"href":"https:\/\/www.iceagetv.com\/radiosite\/wp-json\/wp\/v2\/posts\/26019\/revisions\/26021"}],"wp:featuredmedia":[{"embeddable":true,"href":"https:\/\/www.iceagetv.com\/radiosite\/wp-json\/wp\/v2\/media\/26020"}],"wp:attachment":[{"href":"https:\/\/www.iceagetv.com\/radiosite\/wp-json\/wp\/v2\/media?parent=26019"}],"wp:term":[{"taxonomy":"category","embeddable":true,"href":"https:\/\/www.iceagetv.com\/radiosite\/wp-json\/wp\/v2\/categories?post=26019"},{"taxonomy":"post_tag","embeddable":true,"href":"https:\/\/www.iceagetv.com\/radiosite\/wp-json\/wp\/v2\/tags?post=26019"}],"curies":[{"name":"wp","href":"https:\/\/api.w.org\/{rel}","templated":true}]}}