{"id":26022,"date":"2023-11-04T06:20:29","date_gmt":"2023-11-04T06:20:29","guid":{"rendered":"https:\/\/www.iceagetv.com\/radiosite\/?p=26022"},"modified":"2023-11-04T06:20:29","modified_gmt":"2023-11-04T06:20:29","slug":"tempete-domingos-avant-son-arrivee-meteo-france-place-10-nouveaux-departements-en-vigilance-orange-voici-la-carte-detaillee-publiee-ce-matin","status":"publish","type":"post","link":"https:\/\/www.iceagetv.com\/radiosite\/tempete-domingos-avant-son-arrivee-meteo-france-place-10-nouveaux-departements-en-vigilance-orange-voici-la-carte-detaillee-publiee-ce-matin\/","title":{"rendered":"Temp\u00eate Domingos : Avant son arriv\u00e9e, M\u00e9t\u00e9o France place 10 nouveaux d\u00e9partements en vigilance orange &#8211; Voici la carte d\u00e9taill\u00e9e publi\u00e9e ce matin"},"content":{"rendered":"\n<p>M\u00e9t\u00e9o-France place ce samedi 10 nouveaux d\u00e9partements en vigilance orange \u00e0 l&rsquo;approche de la temp\u00eate Domingos qui occasionnera de \u00ab\u00a0violentes rafales de vent\u00a0\u00bb sur la fa\u00e7ade atlantique, ont indiqu\u00e9 les m\u00e9t\u00e9orologues dans leur dernier bulletin. La Vend\u00e9e, les Deux-S\u00e8vres, la Vienne, la Charente-Maritime, la Charente et la Gironde passeront en vigilance orange \u00ab\u00a0vents\u00a0\u00bb \u00e0 partir de 18 heures.<\/p>\n\n\n\n<p>D\u00e8s la fin de nuit, sur toute la fa\u00e7ade atlantique jusqu&rsquo;\u00e0 la Normandie, l&rsquo;ouest du bassin parisien et l&rsquo;ouest des Pyr\u00e9n\u00e9es, une nouvelle perturbation active apporte des pluies marqu\u00e9es, avec du vent de sud \u00e0 sud-ouest atteignant 90 \u00e0 100 km\/h sur le littoral, 70 \u00e0 80 km\/h dans les terres du nord-ouest ainsi que sur les cr\u00eates pyr\u00e9n\u00e9ennes.<\/p>\n\n\n\n<p>En matin\u00e9e, le temps pluvieux s&rsquo;installe des fronti\u00e8res du nord \u00e0 l&rsquo;Aquitaine et jusqu&rsquo;aux Alpes du Nord, s&rsquo;accompagnant de rafales souvent comprises entre 70 et 90 km\/h dans les terres sur une bonne moiti\u00e9 nord, jusqu&rsquo;\u00e0 100 \u00e0 120 km\/h sur le relief des Pyr\u00e9n\u00e9es.<\/p>\n\n\n\n<p>L&rsquo;apr\u00e8s-midi, les pluies se poursuivent des Pyr\u00e9n\u00e9es jusqu&rsquo;aux fronti\u00e8res de l&rsquo;est, avec du vent de sud jusqu&rsquo;\u00e0 70 \u00e0 90 km\/h d&rsquo;Auvergne Rh\u00f4ne-Alpes jusqu&rsquo;au Nord-Est. Sur le pourtour m\u00e9diterran\u00e9en, les ond\u00e9es sont faibles, hormis sur l&rsquo;est de PACA et la Corse o\u00f9 l&rsquo;activit\u00e9 pluvieuse se renforce en fin d&rsquo;apr\u00e8s-midi et soir\u00e9e.<\/p>\n\n\n\n<p>Sur les Alpes, la limite pluie-neige remonte au-dessus de 2000 m. Sur le nord-ouest du pays, de la Bretagne et les Hauts de France jusqu&rsquo;au Poitou-Charentes, les pluies g\u00e9n\u00e9ralis\u00e9es font place d\u00e8s le matin \u00e0 de nombreuses averses et quelques br\u00e8ves \u00e9claircies, mais le vent reste assez fort avec des pointes entre 60 et 80 km\/h dans les terres, 80 \u00e0 100 km\/h sur les c\u00f4tes. Mais \u00e0 partir du milieu d&rsquo;apr\u00e8s-midi sur le littoral du sud de la Bretagne, des Pays de Loire puis jusqu&rsquo;aux Charentes et nord Aquitaine, le vent de sud-ouest se renforce sensiblement, les rafales atteignent 100 \u00e0 130 km\/h sur les c\u00f4tes, puis dans les terres les bourrasques peuvent atteindre 100 \u00e0 120 km\/h en soir\u00e9e.<\/p>\n\n\n\n<p>Les temp\u00e9ratures minimales sont le plus souvent comprises entre 3 et 8 degr\u00e9s, entre 6 et 11 degr\u00e9s pr\u00e8s des c\u00f4tes, 10 \u00e0 14 en Corse. Les maximales varient entre 10 et 14 degr\u00e9s sur un grand quart nord-est du pays et le Massif central, entre 12 et 17 degr\u00e9s sur le reste du pays, avec 16 \u00e0 21 degr\u00e9s sur les r\u00e9gions m\u00e9diterran\u00e9ennes et les Pyr\u00e9n\u00e9es, jusqu&rsquo;\u00e0 18 \u00e0 23 degr\u00e9s en Corse.<\/p>\n","protected":false},"excerpt":{"rendered":"<p>M\u00e9t\u00e9o-France place ce samedi 10 nouveaux d\u00e9partements en vigilance orange \u00e0 l&rsquo;approche de la temp\u00eate Domingos qui occasionnera de \u00ab\u00a0violentes rafales de vent\u00a0\u00bb sur la fa\u00e7ade atlantique, ont indiqu\u00e9 les m\u00e9t\u00e9orologues dans leur dernier bulletin. La Vend\u00e9e, les Deux-S\u00e8vres, la Vienne, la Charente-Maritime, la Charente et la Gironde passeront en vigilance orange \u00ab\u00a0vents\u00a0\u00bb \u00e0 partir [&hellip;]<\/p>\n","protected":false},"author":2,"featured_media":26023,"comment_status":"open","ping_status":"open","sticky":false,"template":"","format":"standard","meta":{"_jetpack_memberships_contains_paid_content":false,"footnotes":"","jetpack_publicize_message":"","jetpack_publicize_feature_enabled":true,"jetpack_social_post_already_shared":true,"jetpack_social_options":{"image_generator_settings":{"template":"highway","default_image_id":0,"font":"","enabled":false},"version":2},"_wpas_customize_per_network":false},"categories":[14],"tags":[],"class_list":["post-26022","post","type-post","status-publish","format-standard","has-post-thumbnail","hentry","category-actu-meteo"],"jetpack_publicize_connections":[],"jetpack_featured_media_url":"https:\/\/i0.wp.com\/www.iceagetv.com\/radiosite\/wp-content\/uploads\/2023\/11\/f-ej61sxsae-ss0.webp?fit=1200%2C673&ssl=1","jetpack_sharing_enabled":true,"_links":{"self":[{"href":"https:\/\/www.iceagetv.com\/radiosite\/wp-json\/wp\/v2\/posts\/26022","targetHints":{"allow":["GET"]}}],"collection":[{"href":"https:\/\/www.iceagetv.com\/radiosite\/wp-json\/wp\/v2\/posts"}],"about":[{"href":"https:\/\/www.iceagetv.com\/radiosite\/wp-json\/wp\/v2\/types\/post"}],"author":[{"embeddable":true,"href":"https:\/\/www.iceagetv.com\/radiosite\/wp-json\/wp\/v2\/users\/2"}],"replies":[{"embeddable":true,"href":"https:\/\/www.iceagetv.com\/radiosite\/wp-json\/wp\/v2\/comments?post=26022"}],"version-history":[{"count":1,"href":"https:\/\/www.iceagetv.com\/radiosite\/wp-json\/wp\/v2\/posts\/26022\/revisions"}],"predecessor-version":[{"id":26024,"href":"https:\/\/www.iceagetv.com\/radiosite\/wp-json\/wp\/v2\/posts\/26022\/revisions\/26024"}],"wp:featuredmedia":[{"embeddable":true,"href":"https:\/\/www.iceagetv.com\/radiosite\/wp-json\/wp\/v2\/media\/26023"}],"wp:attachment":[{"href":"https:\/\/www.iceagetv.com\/radiosite\/wp-json\/wp\/v2\/media?parent=26022"}],"wp:term":[{"taxonomy":"category","embeddable":true,"href":"https:\/\/www.iceagetv.com\/radiosite\/wp-json\/wp\/v2\/categories?post=26022"},{"taxonomy":"post_tag","embeddable":true,"href":"https:\/\/www.iceagetv.com\/radiosite\/wp-json\/wp\/v2\/tags?post=26022"}],"curies":[{"name":"wp","href":"https:\/\/api.w.org\/{rel}","templated":true}]}}