{"id":26025,"date":"2023-11-04T08:40:21","date_gmt":"2023-11-04T08:40:21","guid":{"rendered":"https:\/\/www.iceagetv.com\/radiosite\/?p=26025"},"modified":"2023-11-04T08:40:21","modified_gmt":"2023-11-04T08:40:21","slug":"degats-lies-a-la-tempete-ciaran-etes-vous-automatiquement-couverts","status":"publish","type":"post","link":"https:\/\/www.iceagetv.com\/radiosite\/degats-lies-a-la-tempete-ciaran-etes-vous-automatiquement-couverts\/","title":{"rendered":"D\u00c9G\u00c2TS LI\u00c9S \u00c0 LA TEMP\u00caTE CIARAN: \u00caTES-VOUS AUTOMATIQUEMENT COUVERTS?"},"content":{"rendered":"\n<p>Apr\u00e8s le passage d&rsquo;une temp\u00eate, certains dommages occasionn\u00e9s sont couverts dans tous les cas, d&rsquo;autres pas. Par ailleurs, des mesures exceptionnelles ont \u00e9t\u00e9 mises en place du c\u00f4t\u00e9 des assureurs.<\/p>\n\n\n\n<p>On commence \u00e0 avoir les premi\u00e8res estimations du co\u00fbt des dommages caus\u00e9s&nbsp;<a href=\"https:\/\/www.bfmtv.com\/meteo\/tempete-ciaran_DN-202311020222.html\">par la temp\u00eate Ciaran<\/a>. L\u2019entreprise sp\u00e9cialis\u00e9e dans l\u2019expertise aux assurance, Saretec estime \u00e0 375 millions d\u2019euros le seul co\u00fbt des dommages sur les b\u00e2timents. La soci\u00e9t\u00e9 Risk Weather Tech pr\u00e9voit de son c\u00f4t\u00e9 un co\u00fbt global pour les assureurs ne d\u00e9passant 480 millions d&rsquo;euros.<\/p>\n\n\n\n<p>Il convient n\u00e9anmoins de prendre ces estimations avec des pincettes. Les assureurs jugent en effet qu\u2019il est encore trop t\u00f4t pour avancer des chiffres. Ils pr\u00e9f\u00e8rent communiquer sur les mesures qu\u2019ils mettent en place.<\/p>\n\n\n\n<h2 class=\"wp-block-heading\">30 jours au mlieu de 5 pour envoyer sa d\u00e9claration<\/h2>\n\n\n\n<p>Toutes les compagnies se sont mises d\u2019accord pour rallonger \u00e0 trente jours au lieu de cinq le d\u00e9lai maximum pour l&rsquo;envoi de la d\u00e9claration de sinistre. De quoi rassurer les propri\u00e9taires d&rsquo;une r\u00e9sidence secondaire qui ne sont pas en mesure de se rendre rapidement sur place.<\/p>\n\n\n\n<p>Certains assureurs ont par ailleurs annonc\u00e9 des mesures exceptionnelles. Le groupe\u00a0<a href=\"https:\/\/www.bfmtv.com\/economie\/replay-emissions\/good-evening-business\/thierry-derez-directeur-general-de-covea-28-08_EN-202308280899.html\">Covea<\/a>\u00a0(Maaf, MMA, GMF) promet, dans la mesure du possible, de rembourser ses clients sans expertise, sur la base des photos envoy\u00e9es. De son c\u00f4t\u00e9,\u00a0<a href=\"https:\/\/www.tradingsat.com\/axa-FR0000120628\/actualites\/axa-penalise-par-des-inquietudes-sur-les-catastrophes-naturelles-axa-recule-en-bourse-1092091.html\">Axa<\/a>\u00a0a doubl\u00e9 la dur\u00e9e du relogement d\u2019urgence pr\u00e9vu dans ses contrats (quatorze jours au lieu de sept) et ses clients peuvent b\u00e9n\u00e9ficier d\u2019une avance sur indemnit\u00e9s pouvant atteindre 1500 euros.<\/p>\n\n\n\n<p>Pour autant, il faut savoir que tous les&nbsp;<a href=\"https:\/\/www.bfmtv.com\/replay-emissions\/le-dej-info\/ciaran-comment-se-faire-indemniser-03-11_VN-202311030462.html\">dommages occasionn\u00e9s par cette temp\u00eate<\/a>&nbsp;ne sont pas automatiquement couverts. La garantie \u00ab\u00a0temp\u00eate\u00a0\u00bb de base, commune \u00e0 tous les contrats d&rsquo;assurance habitation, couvre int\u00e9gralement les dommages caus\u00e9s par le vent sur la toiture et la fa\u00e7ade du b\u00e2timent principal. En revanche, pour les constructions annexes (hangar, abri, piscine, cl\u00f4ture&#8230;), la prise en charge d\u00e9pend de ce qui est pr\u00e9vu dans le contrat.<\/p>\n\n\n\n<p>Il en va de m\u00eame pour les antennes paraboliques ou hertziennes et les panneaux solaires. Les vitrages sont, eux, couverts par la garantie \u00ab\u00a0bris de glace\u00a0\u00bb. Et pour les voitures, il faut avoir souscrit une assurance tout risque. Car m\u00eame si l\u2019arbre de votre voisin est tomb\u00e9 sur votre v\u00e9hicule, il ne sera pas jug\u00e9 responsable, l\u2019assurance au tiers ne fonctionnera donc pas.<\/p>\n\n\n\n<h2 class=\"wp-block-heading\">Une liste des zones concern\u00e9es par l&rsquo;\u00e9tat de catastrophe naturelle \u00e9tablie dans les prochains jours<\/h2>\n\n\n\n<p>Restent les d\u00e9gats caus\u00e9s par les inondations qui, en bord de mer, ont parfois \u00e9t\u00e9 importants. Pour ces dommages sp\u00e9cifiques, l\u2019\u00e9tat de&nbsp;<a href=\"https:\/\/www.bfmtv.com\/economie\/un-dispositif-de-remboursement-automatique-pour-indemniser-les-catastrophes-naturelles_VN-202207110103.html\">catastrophe naturelle<\/a>&nbsp;entra\u00eene une prise en charge automatique. Elle concerne les biens situ\u00e9s sur les communes mentionn\u00e9es dans l&rsquo;arr\u00eat\u00e9 qui doit \u00eatre publi\u00e9 au journal officiel.<\/p>\n\n\n\n<p>Lors de sa visite en Bretagne, ce vendredi apr\u00e8s-midi, Emmanuel Macron a annonc\u00e9 que des commissions seraient lanc\u00e9es ce week-end pour aborder ce sujet, \u00ab\u00a0<a href=\"https:\/\/www.bfmtv.com\/meteo\/intemperies\/tempete-ciaran-macron-promet-l-etat-de-catastrophe-naturelle-dans-tous-les-endroits-qui-correspondent_AV-202311030600.html\">pas au niveau d\u2019une r\u00e9gion, mais dans tous les endroits qui correspondent\u00a0\u00bb<\/a>. Le chef de l&rsquo;Etat s&rsquo;est engag\u00e9 pour celles qui \u00ab\u00a0seront \u00e9ligibles\u00a0\u00bb, \u00e0 ce que l&rsquo;\u00e9tat de catastrophe naturelle soit d\u00e9clar\u00e9 \u00ab\u00a0dans les prochains jours\u00a0\u00bb.<\/p>\n","protected":false},"excerpt":{"rendered":"<p>Apr\u00e8s le passage d&rsquo;une temp\u00eate, certains dommages occasionn\u00e9s sont couverts dans tous les cas, d&rsquo;autres pas. Par ailleurs, des mesures exceptionnelles ont \u00e9t\u00e9 mises en place du c\u00f4t\u00e9 des assureurs. On commence \u00e0 avoir les premi\u00e8res estimations du co\u00fbt des dommages caus\u00e9s&nbsp;par la temp\u00eate Ciaran. L\u2019entreprise sp\u00e9cialis\u00e9e dans l\u2019expertise aux assurance, Saretec estime \u00e0 375 [&hellip;]<\/p>\n","protected":false},"author":2,"featured_media":26026,"comment_status":"open","ping_status":"open","sticky":false,"template":"","format":"standard","meta":{"_jetpack_memberships_contains_paid_content":false,"footnotes":"","jetpack_publicize_message":"","jetpack_publicize_feature_enabled":true,"jetpack_social_post_already_shared":true,"jetpack_social_options":{"image_generator_settings":{"template":"highway","default_image_id":0,"font":"","enabled":false},"version":2},"_wpas_customize_per_network":false},"categories":[405],"tags":[],"class_list":["post-26025","post","type-post","status-publish","format-standard","has-post-thumbnail","hentry","category-actu-france-monde"],"jetpack_publicize_connections":[],"jetpack_featured_media_url":"https:\/\/i0.wp.com\/www.iceagetv.com\/radiosite\/wp-content\/uploads\/2023\/11\/DEGATS-LIES-A-LA-TEMPETE-CIARAN-ETESVOUS-AUTOMATIQUEMENT-COUVERTS.png?fit=687%2C393&ssl=1","jetpack_sharing_enabled":true,"_links":{"self":[{"href":"https:\/\/www.iceagetv.com\/radiosite\/wp-json\/wp\/v2\/posts\/26025","targetHints":{"allow":["GET"]}}],"collection":[{"href":"https:\/\/www.iceagetv.com\/radiosite\/wp-json\/wp\/v2\/posts"}],"about":[{"href":"https:\/\/www.iceagetv.com\/radiosite\/wp-json\/wp\/v2\/types\/post"}],"author":[{"embeddable":true,"href":"https:\/\/www.iceagetv.com\/radiosite\/wp-json\/wp\/v2\/users\/2"}],"replies":[{"embeddable":true,"href":"https:\/\/www.iceagetv.com\/radiosite\/wp-json\/wp\/v2\/comments?post=26025"}],"version-history":[{"count":1,"href":"https:\/\/www.iceagetv.com\/radiosite\/wp-json\/wp\/v2\/posts\/26025\/revisions"}],"predecessor-version":[{"id":26027,"href":"https:\/\/www.iceagetv.com\/radiosite\/wp-json\/wp\/v2\/posts\/26025\/revisions\/26027"}],"wp:featuredmedia":[{"embeddable":true,"href":"https:\/\/www.iceagetv.com\/radiosite\/wp-json\/wp\/v2\/media\/26026"}],"wp:attachment":[{"href":"https:\/\/www.iceagetv.com\/radiosite\/wp-json\/wp\/v2\/media?parent=26025"}],"wp:term":[{"taxonomy":"category","embeddable":true,"href":"https:\/\/www.iceagetv.com\/radiosite\/wp-json\/wp\/v2\/categories?post=26025"},{"taxonomy":"post_tag","embeddable":true,"href":"https:\/\/www.iceagetv.com\/radiosite\/wp-json\/wp\/v2\/tags?post=26025"}],"curies":[{"name":"wp","href":"https:\/\/api.w.org\/{rel}","templated":true}]}}