{"id":26051,"date":"2023-11-11T05:56:07","date_gmt":"2023-11-11T05:56:07","guid":{"rendered":"https:\/\/www.iceagetv.com\/radiosite\/?p=26051"},"modified":"2023-11-11T05:56:07","modified_gmt":"2023-11-11T05:56:07","slug":"marche-contre-lantisemitisme-emmanuel-macron-ny-participera-pas-qui-sera-present-dimanche-a-paris","status":"publish","type":"post","link":"https:\/\/www.iceagetv.com\/radiosite\/marche-contre-lantisemitisme-emmanuel-macron-ny-participera-pas-qui-sera-present-dimanche-a-paris\/","title":{"rendered":"Marche contre l&rsquo;antis\u00e9mitisme\u00a0: Emmanuel Macron n&rsquo;y participera pas, qui sera pr\u00e9sent dimanche \u00e0 Paris\u00a0?"},"content":{"rendered":"\n<p>Au lieu de r\u00e9unir la classe politique, la \u00ab\u00a0grande marche civique\u00a0\u00bb contre l&rsquo;antis\u00e9mitisme pr\u00e9vue dimanche divise. \u00c9lisabeth Borne s&rsquo;y rendra, au contraire d&rsquo;Emmanuel Macron qui \u00ab\u00a0salue\u00a0\u00bb ceux qui s&rsquo;y rendront. La France insoumise boycotte et la participation du RN embarrasseCe devait \u00eatre un moment d&rsquo;union nationale pour dire non \u00e0 l&rsquo;antis\u00e9mitisme,\u00a0<a rel=\"noreferrer noopener\" href=\"https:\/\/www.francebleu.fr\/infos\/societe\/antisemitisme-le-president-du-senat-et-la-presidente-de-l-assemblee-appellent-a-une-grande-marche-dimanche-6399165\" target=\"_blank\">\u00ab\u00a0la grande marche civique\u00a0\u00bb<\/a>\u00a0pr\u00e9vue dimanche, \u00e0 l&rsquo;appel de G\u00e9rard Larcher et Ya\u00ebl Braun-Pivet, pr\u00e9sident du S\u00e9nat et pr\u00e9sidente de l&rsquo;Assembl\u00e9e nationale, tourne \u00e0 la division. Chaque parti se positionne pour faire savoir s&rsquo;il se rendra \u00e0 ce d\u00e9fil\u00e9 visant \u00e0 protester contre la recrudescence d&rsquo;actes antis\u00e9mites depuis le d\u00e9but du conflit entre Isra\u00ebl et le Hamas.\u00a0<\/p>\n\n\n\n<p>1.247 incidents antis\u00e9mites ont \u00e9t\u00e9 recens\u00e9s&nbsp;<em>\u00ab\u00a0depuis le 7 octobre\u00a0\u00bb<\/em>, soit&nbsp;\u00ab\u00a0<em>trois fois plus que depuis le d\u00e9but de l&rsquo;ann\u00e9e\u00a0\u00bb<\/em>,&nbsp;a indiqu\u00e9 G\u00e9rald Darmanin sur BFM ce vendredi soir.&nbsp;<em>\u00ab\u00a0Il y a eu 539 interpell\u00e9s, dont 54 \u00e9trangers\u00a0\u00bb,<\/em>&nbsp;a-t-il pr\u00e9cis\u00e9.&nbsp;<em>\u00ab\u00a0On retire le titre de s\u00e9jour \u00e0 tous ceux qui ont commis ces actes\u00a0\u00bb.<\/em><\/p>\n\n\n\n<p>Signe de tensions importantes,&nbsp;<em>\u00ab\u00a0Plus de 3.000 policiers et de gendarmes\u00a0\u00bb<\/em>&nbsp;seront mobilis\u00e9s ce dimanche \u00e0 Paris, a-t-il \u00e9galement annonc\u00e9.<\/p>\n\n\n\n<h2 class=\"wp-block-heading\">Emmanuel Macron n&rsquo;ira pas<\/h2>\n\n\n\n<p>Emmanuel Macron n&rsquo;ira pas \u00e0 la marche dimanche contre l&rsquo;antis\u00e9mitisme, a fait savoir l&rsquo;\u00c9lys\u00e9e \u00e0 franceinfo ce vendredi soir. Toutefois, le pr\u00e9sident&nbsp;<em>\u00ab\u00a0salue avec respect\u00a0\u00bb<\/em>&nbsp;ceux qui d\u00e9fileront dimanche, des rassemblements qui sont&nbsp;<em>\u00ab\u00a0un motif d&rsquo;esp\u00e9rance\u00a0\u00bb.<\/em><\/p>\n\n\n\n<p><em>\u00ab\u00a0Le pr\u00e9sident de la R\u00e9publique combat sans rel\u00e2che toutes les formes d&rsquo;antis\u00e9mitisme depuis le premier jour. Que des rassemblements viennent, partout en France, relayer ce combat est un motif d&rsquo;esp\u00e9rance. Voil\u00e0 pourquoi le pr\u00e9sident salue avec respect celles et ceux qui, dimanche, marcheront pour la R\u00e9publique, contre l&rsquo;antis\u00e9mitisme et pour la lib\u00e9ration des otages\u00a0\u00bb<\/em>, \u00e9crit l&rsquo;\u00c9lys\u00e9e.<\/p>\n","protected":false},"excerpt":{"rendered":"<p>Au lieu de r\u00e9unir la classe politique, la \u00ab\u00a0grande marche civique\u00a0\u00bb contre l&rsquo;antis\u00e9mitisme pr\u00e9vue dimanche divise. \u00c9lisabeth Borne s&rsquo;y rendra, au contraire d&rsquo;Emmanuel Macron qui \u00ab\u00a0salue\u00a0\u00bb ceux qui s&rsquo;y rendront. La France insoumise boycotte et la participation du RN embarrasseCe devait \u00eatre un moment d&rsquo;union nationale pour dire non \u00e0 l&rsquo;antis\u00e9mitisme,\u00a0\u00ab\u00a0la grande marche civique\u00a0\u00bb\u00a0pr\u00e9vue dimanche, [&hellip;]<\/p>\n","protected":false},"author":2,"featured_media":26052,"comment_status":"open","ping_status":"open","sticky":false,"template":"","format":"standard","meta":{"_jetpack_memberships_contains_paid_content":false,"footnotes":"","jetpack_publicize_message":"","jetpack_publicize_feature_enabled":true,"jetpack_social_post_already_shared":true,"jetpack_social_options":{"image_generator_settings":{"template":"highway","default_image_id":0,"font":"","enabled":false},"version":2},"_wpas_customize_per_network":false},"categories":[405],"tags":[],"class_list":["post-26051","post","type-post","status-publish","format-standard","has-post-thumbnail","hentry","category-actu-france-monde"],"jetpack_publicize_connections":[],"jetpack_featured_media_url":"https:\/\/i0.wp.com\/www.iceagetv.com\/radiosite\/wp-content\/uploads\/2023\/11\/1200x680_sc_080-hl-xbouzas-1688944.jpg?fit=1024%2C580&ssl=1","jetpack_sharing_enabled":true,"_links":{"self":[{"href":"https:\/\/www.iceagetv.com\/radiosite\/wp-json\/wp\/v2\/posts\/26051","targetHints":{"allow":["GET"]}}],"collection":[{"href":"https:\/\/www.iceagetv.com\/radiosite\/wp-json\/wp\/v2\/posts"}],"about":[{"href":"https:\/\/www.iceagetv.com\/radiosite\/wp-json\/wp\/v2\/types\/post"}],"author":[{"embeddable":true,"href":"https:\/\/www.iceagetv.com\/radiosite\/wp-json\/wp\/v2\/users\/2"}],"replies":[{"embeddable":true,"href":"https:\/\/www.iceagetv.com\/radiosite\/wp-json\/wp\/v2\/comments?post=26051"}],"version-history":[{"count":1,"href":"https:\/\/www.iceagetv.com\/radiosite\/wp-json\/wp\/v2\/posts\/26051\/revisions"}],"predecessor-version":[{"id":26053,"href":"https:\/\/www.iceagetv.com\/radiosite\/wp-json\/wp\/v2\/posts\/26051\/revisions\/26053"}],"wp:featuredmedia":[{"embeddable":true,"href":"https:\/\/www.iceagetv.com\/radiosite\/wp-json\/wp\/v2\/media\/26052"}],"wp:attachment":[{"href":"https:\/\/www.iceagetv.com\/radiosite\/wp-json\/wp\/v2\/media?parent=26051"}],"wp:term":[{"taxonomy":"category","embeddable":true,"href":"https:\/\/www.iceagetv.com\/radiosite\/wp-json\/wp\/v2\/categories?post=26051"},{"taxonomy":"post_tag","embeddable":true,"href":"https:\/\/www.iceagetv.com\/radiosite\/wp-json\/wp\/v2\/tags?post=26051"}],"curies":[{"name":"wp","href":"https:\/\/api.w.org\/{rel}","templated":true}]}}