{"id":26059,"date":"2023-11-12T08:13:30","date_gmt":"2023-11-12T08:13:30","guid":{"rendered":"https:\/\/www.iceagetv.com\/radiosite\/?p=26059"},"modified":"2023-11-12T08:13:30","modified_gmt":"2023-11-12T08:13:30","slug":"marche-contre-lantisemitisme-emmanuel-macron-adresse-une-lettre-aux-francais-une-france-ou-nos-concitoyens-juifs-ont-peur-nest-pas-la-france","status":"publish","type":"post","link":"https:\/\/www.iceagetv.com\/radiosite\/marche-contre-lantisemitisme-emmanuel-macron-adresse-une-lettre-aux-francais-une-france-ou-nos-concitoyens-juifs-ont-peur-nest-pas-la-france\/","title":{"rendered":"Marche contre l&rsquo;antis\u00e9mitisme &#8211; Emmanuel Macron adresse une lettre aux Fran\u00e7ais : \u00ab\u00a0Une France o\u00f9 nos concitoyens juifs ont peur n&rsquo;est pas la France"},"content":{"rendered":"\n<p>L&rsquo;\u00c9lys\u00e9e avait fait savoir que le pr\u00e9sident de la R\u00e9publique entendait s&rsquo;adresser aux Fran\u00e7ais avant cette manifestation organis\u00e9e dimanche \u00e0 Paris \u00e0 l&rsquo;appel des pr\u00e9sidents de l&rsquo;Assembl\u00e9e nationale et du S\u00e9nat, Ya\u00ebl Braun-Pivet et G\u00e9rard Larcher.. Dans une lettre adress\u00e9e aux Fran\u00e7ais et publi\u00e9e ce matin dans le Parisien, le pr\u00e9sident de la R\u00e9publique fait le v\u0153u d\u2019un pays \u00abuni derri\u00e8re ses valeurs\u00bb lors des manifestations contre l&rsquo;antis\u00e9mitisme et affirme qu\u2019\u00abune France o\u00f9 nos concitoyens juifs ont peur n&rsquo;est pas la France\u00bb.<\/p>\n\n\n\n<p>Emmanuel Macron d\u00e9plore ainsi \u00abl&rsquo;insupportable r\u00e9surgence d&rsquo;un antis\u00e9mitisme d\u00e9brid\u00e9\u00bb :&nbsp;<\/p>\n\n\n\n<p>\u00ab\u00a0Qu&rsquo;il soit religieux, social, identitaire ou racial, l&rsquo;antis\u00e9mitisme est toujours tel que le pr\u00e9sentait \u00c9mile Zola : odieux.&nbsp;Une France o\u00f9 nos concitoyens juifs ont peur n&rsquo;est pas la France. Une France o\u00f9 des Fran\u00e7ais ont peur en raison de leur religion ou de leur origine n&rsquo;est pas la France.&nbsp;Nos compatriotes juifs \u00e9prouvent d\u00e8s lors une l\u00e9gitime angoisse. Peur d&#8217;emmener leurs enfants \u00e0 l&rsquo;\u00e9cole. Peur de rentrer seuls chez eux. Peur jusqu&rsquo;\u00e0 gommer leur nom pour se prot\u00e9ger.<\/p>\n\n\n\n<p>Comme si le chagrin ne suffisait pas, les voil\u00e0 \u00e9treints par l&rsquo;angoisse et la solitude. Comme si les sentiments pass\u00e9s transmis par leurs parents, leurs grands-parents ressurgissaient soudain.&nbsp;<\/p>\n\n\n\n<p>Je vois donc comme un motif d&rsquo;esp\u00e9rance les marches qui sont organis\u00e9es pour la R\u00e9publique, contre l&rsquo;antis\u00e9mitisme, pour la lib\u00e9ration des otages et pour la paix.<\/p>\n\n\n\n<p>Elles exprimeront ce qui est l&rsquo;essence-m\u00eame du projet fran\u00e7ais: le refus de l&rsquo;assignation \u00e0 diff\u00e9rence. La d\u00e9fense de l&rsquo;universalisme\u00bb. La France doit rester unie derri\u00e8re ses valeurs, son universalisme, unie pour elle-m\u00eame, pour porter son projet et \u0153uvrer \u00e0 la paix et la s\u00e9curit\u00e9 de tous au Proche-Orient.\u00a0\u00bb<\/p>\n","protected":false},"excerpt":{"rendered":"<p>L&rsquo;\u00c9lys\u00e9e avait fait savoir que le pr\u00e9sident de la R\u00e9publique entendait s&rsquo;adresser aux Fran\u00e7ais avant cette manifestation organis\u00e9e dimanche \u00e0 Paris \u00e0 l&rsquo;appel des pr\u00e9sidents de l&rsquo;Assembl\u00e9e nationale et du S\u00e9nat, Ya\u00ebl Braun-Pivet et G\u00e9rard Larcher.. Dans une lettre adress\u00e9e aux Fran\u00e7ais et publi\u00e9e ce matin dans le Parisien, le pr\u00e9sident de la R\u00e9publique fait [&hellip;]<\/p>\n","protected":false},"author":2,"featured_media":26060,"comment_status":"open","ping_status":"open","sticky":false,"template":"","format":"standard","meta":{"_jetpack_memberships_contains_paid_content":false,"footnotes":"","jetpack_publicize_message":"","jetpack_publicize_feature_enabled":true,"jetpack_social_post_already_shared":true,"jetpack_social_options":{"image_generator_settings":{"template":"highway","default_image_id":0,"font":"","enabled":false},"version":2},"_wpas_customize_per_network":false},"categories":[405],"tags":[],"class_list":["post-26059","post","type-post","status-publish","format-standard","has-post-thumbnail","hentry","category-actu-france-monde"],"jetpack_publicize_connections":[],"jetpack_featured_media_url":"https:\/\/i0.wp.com\/www.iceagetv.com\/radiosite\/wp-content\/uploads\/2023\/11\/Marche-contre-lantisemitisme.jpg?fit=679%2C293&ssl=1","jetpack_sharing_enabled":true,"_links":{"self":[{"href":"https:\/\/www.iceagetv.com\/radiosite\/wp-json\/wp\/v2\/posts\/26059","targetHints":{"allow":["GET"]}}],"collection":[{"href":"https:\/\/www.iceagetv.com\/radiosite\/wp-json\/wp\/v2\/posts"}],"about":[{"href":"https:\/\/www.iceagetv.com\/radiosite\/wp-json\/wp\/v2\/types\/post"}],"author":[{"embeddable":true,"href":"https:\/\/www.iceagetv.com\/radiosite\/wp-json\/wp\/v2\/users\/2"}],"replies":[{"embeddable":true,"href":"https:\/\/www.iceagetv.com\/radiosite\/wp-json\/wp\/v2\/comments?post=26059"}],"version-history":[{"count":1,"href":"https:\/\/www.iceagetv.com\/radiosite\/wp-json\/wp\/v2\/posts\/26059\/revisions"}],"predecessor-version":[{"id":26061,"href":"https:\/\/www.iceagetv.com\/radiosite\/wp-json\/wp\/v2\/posts\/26059\/revisions\/26061"}],"wp:featuredmedia":[{"embeddable":true,"href":"https:\/\/www.iceagetv.com\/radiosite\/wp-json\/wp\/v2\/media\/26060"}],"wp:attachment":[{"href":"https:\/\/www.iceagetv.com\/radiosite\/wp-json\/wp\/v2\/media?parent=26059"}],"wp:term":[{"taxonomy":"category","embeddable":true,"href":"https:\/\/www.iceagetv.com\/radiosite\/wp-json\/wp\/v2\/categories?post=26059"},{"taxonomy":"post_tag","embeddable":true,"href":"https:\/\/www.iceagetv.com\/radiosite\/wp-json\/wp\/v2\/tags?post=26059"}],"curies":[{"name":"wp","href":"https:\/\/api.w.org\/{rel}","templated":true}]}}