{"id":26068,"date":"2023-11-12T16:55:31","date_gmt":"2023-11-12T16:55:31","guid":{"rendered":"https:\/\/www.iceagetv.com\/radiosite\/?p=26068"},"modified":"2023-11-12T16:55:31","modified_gmt":"2023-11-12T16:55:31","slug":"marche-contre-lantisemitisme-le-senateur-reconquete-stephane-ravier-agresse-physiquement-a-marseille-par-2-personnes-provoquant-la-colere-de-la-foule","status":"publish","type":"post","link":"https:\/\/www.iceagetv.com\/radiosite\/marche-contre-lantisemitisme-le-senateur-reconquete-stephane-ravier-agresse-physiquement-a-marseille-par-2-personnes-provoquant-la-colere-de-la-foule\/","title":{"rendered":"Marche contre l&rsquo;antis\u00e9mitisme : Le s\u00e9nateur \u00ab\u00a0Reconqu\u00eate\u00a0\u00bb St\u00e9phane Ravier agress\u00e9 physiquement \u00e0 Marseille par 2 personnes, provoquant la col\u00e8re de la foule"},"content":{"rendered":"\n<p>Le s\u00e9nateur St\u00e9phane Ravier a \u00e9t\u00e9 agress\u00e9 physiquement par des manifestants au beau milieu de la marche contre l\u2019antis\u00e9mitisme organis\u00e9 ce dimanche, \u00e0 Marseille. Un individu a dans un premier tent\u00e9 de frapper l\u2019\u00e9lu puis un autre aurait tent\u00e9 de lui d\u00e9verser des cendres sur le visage.<\/p>\n\n\n\n<p>La s\u00e9curit\u00e9 du s\u00e9nateur est alors intervenu pour le prot\u00e9ger et le mettre \u00e0 l&rsquo;abri alors que la foule protestait contre cette agression. Le s\u00e9nateur n&rsquo;a pas \u00e9t\u00e9 bless\u00e9 dans cette agression.&nbsp;Apr\u00e8s un mouvement de foule, le calme est revenu.&nbsp;<\/p>\n\n\n\n<p>La foule, compos\u00e9e de milliers de personnes, \u00e9tait nombreuse et silencieuse \u00e0 Marseille.<\/p>\n\n\n\n<p>Peu de jeunes, quelques familles et surtout beaucoup de personnes \u00e2g\u00e9es parmi les manifestants qui marchent contre l\u2019antis\u00e9mitisme ce dimanche apr\u00e8s-midi \u00e0 dans la cit\u00e9 phoc\u00e9enne.&nbsp;&nbsp;<\/p>\n\n\n\n<p>Partie \u00e0 15 heures de la pr\u00e9fecture, la marche civique contre l\u2019antis\u00e9mitisme \u00e0 Marseille s\u2019est arr\u00eat\u00e9e sur le parvis du palais de justice. Apr\u00e8s avoir scand\u00e9 quelques slogans et chant\u00e9 La Marseillaise, les manifestants ont dit&nbsp; \u00ab\u00a0non \u00e0 l\u2019antis\u00e9mitisme\u00a0\u00bb alors que les actes contre la communaut\u00e9 juive ont explos\u00e9 depuis l\u2019attaque du Hamas contre Isra\u00ebl le 7 octobre.<\/p>\n","protected":false},"excerpt":{"rendered":"<p>Le s\u00e9nateur St\u00e9phane Ravier a \u00e9t\u00e9 agress\u00e9 physiquement par des manifestants au beau milieu de la marche contre l\u2019antis\u00e9mitisme organis\u00e9 ce dimanche, \u00e0 Marseille. Un individu a dans un premier tent\u00e9 de frapper l\u2019\u00e9lu puis un autre aurait tent\u00e9 de lui d\u00e9verser des cendres sur le visage. La s\u00e9curit\u00e9 du s\u00e9nateur est alors intervenu pour [&hellip;]<\/p>\n","protected":false},"author":2,"featured_media":26069,"comment_status":"open","ping_status":"open","sticky":false,"template":"","format":"standard","meta":{"_jetpack_memberships_contains_paid_content":false,"footnotes":"","jetpack_publicize_message":"","jetpack_publicize_feature_enabled":true,"jetpack_social_post_already_shared":true,"jetpack_social_options":{"image_generator_settings":{"template":"highway","default_image_id":0,"font":"","enabled":false},"version":2},"_wpas_customize_per_network":false},"categories":[405],"tags":[],"class_list":["post-26068","post","type-post","status-publish","format-standard","has-post-thumbnail","hentry","category-actu-france-monde"],"jetpack_publicize_connections":[],"jetpack_featured_media_url":"https:\/\/i0.wp.com\/www.iceagetv.com\/radiosite\/wp-content\/uploads\/2023\/11\/Stephane-Ravier.jpg?fit=679%2C293&ssl=1","jetpack_sharing_enabled":true,"_links":{"self":[{"href":"https:\/\/www.iceagetv.com\/radiosite\/wp-json\/wp\/v2\/posts\/26068","targetHints":{"allow":["GET"]}}],"collection":[{"href":"https:\/\/www.iceagetv.com\/radiosite\/wp-json\/wp\/v2\/posts"}],"about":[{"href":"https:\/\/www.iceagetv.com\/radiosite\/wp-json\/wp\/v2\/types\/post"}],"author":[{"embeddable":true,"href":"https:\/\/www.iceagetv.com\/radiosite\/wp-json\/wp\/v2\/users\/2"}],"replies":[{"embeddable":true,"href":"https:\/\/www.iceagetv.com\/radiosite\/wp-json\/wp\/v2\/comments?post=26068"}],"version-history":[{"count":1,"href":"https:\/\/www.iceagetv.com\/radiosite\/wp-json\/wp\/v2\/posts\/26068\/revisions"}],"predecessor-version":[{"id":26070,"href":"https:\/\/www.iceagetv.com\/radiosite\/wp-json\/wp\/v2\/posts\/26068\/revisions\/26070"}],"wp:featuredmedia":[{"embeddable":true,"href":"https:\/\/www.iceagetv.com\/radiosite\/wp-json\/wp\/v2\/media\/26069"}],"wp:attachment":[{"href":"https:\/\/www.iceagetv.com\/radiosite\/wp-json\/wp\/v2\/media?parent=26068"}],"wp:term":[{"taxonomy":"category","embeddable":true,"href":"https:\/\/www.iceagetv.com\/radiosite\/wp-json\/wp\/v2\/categories?post=26068"},{"taxonomy":"post_tag","embeddable":true,"href":"https:\/\/www.iceagetv.com\/radiosite\/wp-json\/wp\/v2\/tags?post=26068"}],"curies":[{"name":"wp","href":"https:\/\/api.w.org\/{rel}","templated":true}]}}