{"id":26094,"date":"2023-11-15T19:31:38","date_gmt":"2023-11-15T19:31:38","guid":{"rendered":"https:\/\/www.iceagetv.com\/radiosite\/?p=26094"},"modified":"2023-11-15T19:31:38","modified_gmt":"2023-11-15T19:31:38","slug":"mort-de-nahel-le-policier-a-lorigine-du-tir-a-ete-remis-en-liberte-et-place-sous-controle-judiciaire-aujourdhui-annonce-le-parquet-de-nanterre","status":"publish","type":"post","link":"https:\/\/www.iceagetv.com\/radiosite\/mort-de-nahel-le-policier-a-lorigine-du-tir-a-ete-remis-en-liberte-et-place-sous-controle-judiciaire-aujourdhui-annonce-le-parquet-de-nanterre\/","title":{"rendered":"Mort de Nahel: Le policier \u00e0 l&rsquo;origine du tir a \u00e9t\u00e9 remis en libert\u00e9 et plac\u00e9 sous contr\u00f4le judiciaire aujourd&rsquo;hui, annonce le parquet de Nanterre"},"content":{"rendered":"\n<p><strong>&nbsp;Le policier a quitt\u00e9 la prison de la Sant\u00e9 discr\u00e8tement aujourd&rsquo;hui \u00e0 17h30 selon les infos de BFM ce soir.<\/strong><\/p>\n\n\n\n<p>Le policier, auteur du tir mortel sur Nahel, dont le d\u00e9c\u00e8s le 27 juin apr\u00e8s un contr\u00f4le routier avait d\u00e9clench\u00e9 une semaine d\u2019\u00e9meutes en France, a \u00e9t\u00e9 remis en libert\u00e9 sous contr\u00f4le judiciaire mercredi, a indiqu\u00e9 \u00e0 l\u2019AFP le parquet de Nanterre, confirmant une information de France Inter.<\/p>\n\n\n\n<p>Son avocat avait d\u00e9pos\u00e9 une nouvelle demande de remise en libert\u00e9 jeudi dernier, a pr\u00e9cis\u00e9 le minist\u00e8re public. Les juges d\u2019instruction \u00ab&nbsp;ont d\u00e9cid\u00e9 d\u2019y faire droit, estimant que les crit\u00e8res l\u00e9gaux de la d\u00e9tention provisoire du policier incarc\u00e9r\u00e9 depuis le 29 juin 2023 n\u2019apparaissaient plus remplis \u00e0 ce stade de l\u2019instruction&nbsp;\u00bb, a ajout\u00e9 le parquet.<\/p>\n\n\n\n<p>Florian M., 38 ans, mis en examen pour meurtre, avait \u00e9t\u00e9 interrog\u00e9 jeudi par les juges d\u2019instruction. Plac\u00e9 sous contr\u00f4le judiciaire, il doit \u00ab&nbsp;verser un cautionnement&nbsp;\u00bb et a interdiction d\u2019entrer en contact avec les t\u00e9moins et les parties civiles, \u00ab&nbsp;de para\u00eetre \u00e0 Nanterre&nbsp;\u00bb et de \u00ab&nbsp;d\u00e9tenir une arme&nbsp;\u00bb, a d\u00e9taill\u00e9 cette m\u00eame source.<\/p>\n\n\n\n<p>La mort de Nahel, adolescent de 17 ans, lors d\u2019un contr\u00f4le routier, avait \u00e9t\u00e9 l\u2019\u00e9l\u00e9ment d\u00e9clencheur de plusieurs nuits de violences urbaines en r\u00e9gion parisienne et dans le reste du pays. Elles avaient \u00e9t\u00e9 marqu\u00e9es par des sc\u00e8nes de pillages, des tirs de mortiers d\u2019artifice sur des b\u00e2timents publics et des incendies.<\/p>\n","protected":false},"excerpt":{"rendered":"<p>&nbsp;Le policier a quitt\u00e9 la prison de la Sant\u00e9 discr\u00e8tement aujourd&rsquo;hui \u00e0 17h30 selon les infos de BFM ce soir. Le policier, auteur du tir mortel sur Nahel, dont le d\u00e9c\u00e8s le 27 juin apr\u00e8s un contr\u00f4le routier avait d\u00e9clench\u00e9 une semaine d\u2019\u00e9meutes en France, a \u00e9t\u00e9 remis en libert\u00e9 sous contr\u00f4le judiciaire mercredi, a [&hellip;]<\/p>\n","protected":false},"author":2,"featured_media":26095,"comment_status":"open","ping_status":"open","sticky":false,"template":"","format":"standard","meta":{"_jetpack_memberships_contains_paid_content":false,"footnotes":"","jetpack_publicize_message":"","jetpack_publicize_feature_enabled":true,"jetpack_social_post_already_shared":true,"jetpack_social_options":{"image_generator_settings":{"template":"highway","default_image_id":0,"font":"","enabled":false},"version":2},"_wpas_customize_per_network":false},"categories":[405],"tags":[],"class_list":["post-26094","post","type-post","status-publish","format-standard","has-post-thumbnail","hentry","category-actu-france-monde"],"jetpack_publicize_connections":[],"jetpack_featured_media_url":"https:\/\/i0.wp.com\/www.iceagetv.com\/radiosite\/wp-content\/uploads\/2023\/11\/Mort-de-Nahel-Le-policier-a-lorigine-du-tir-a-ete-remis-en-liberte-et-place-sous-controle-judiciaire-aujourdhui-annonce-le-parquet-de-Nanterre.jpg?fit=597%2C261&ssl=1","jetpack_sharing_enabled":true,"_links":{"self":[{"href":"https:\/\/www.iceagetv.com\/radiosite\/wp-json\/wp\/v2\/posts\/26094","targetHints":{"allow":["GET"]}}],"collection":[{"href":"https:\/\/www.iceagetv.com\/radiosite\/wp-json\/wp\/v2\/posts"}],"about":[{"href":"https:\/\/www.iceagetv.com\/radiosite\/wp-json\/wp\/v2\/types\/post"}],"author":[{"embeddable":true,"href":"https:\/\/www.iceagetv.com\/radiosite\/wp-json\/wp\/v2\/users\/2"}],"replies":[{"embeddable":true,"href":"https:\/\/www.iceagetv.com\/radiosite\/wp-json\/wp\/v2\/comments?post=26094"}],"version-history":[{"count":1,"href":"https:\/\/www.iceagetv.com\/radiosite\/wp-json\/wp\/v2\/posts\/26094\/revisions"}],"predecessor-version":[{"id":26096,"href":"https:\/\/www.iceagetv.com\/radiosite\/wp-json\/wp\/v2\/posts\/26094\/revisions\/26096"}],"wp:featuredmedia":[{"embeddable":true,"href":"https:\/\/www.iceagetv.com\/radiosite\/wp-json\/wp\/v2\/media\/26095"}],"wp:attachment":[{"href":"https:\/\/www.iceagetv.com\/radiosite\/wp-json\/wp\/v2\/media?parent=26094"}],"wp:term":[{"taxonomy":"category","embeddable":true,"href":"https:\/\/www.iceagetv.com\/radiosite\/wp-json\/wp\/v2\/categories?post=26094"},{"taxonomy":"post_tag","embeddable":true,"href":"https:\/\/www.iceagetv.com\/radiosite\/wp-json\/wp\/v2\/tags?post=26094"}],"curies":[{"name":"wp","href":"https:\/\/api.w.org\/{rel}","templated":true}]}}