{"id":26111,"date":"2023-11-16T19:36:02","date_gmt":"2023-11-16T19:36:02","guid":{"rendered":"https:\/\/www.iceagetv.com\/radiosite\/?p=26111"},"modified":"2023-11-16T19:36:02","modified_gmt":"2023-11-16T19:36:02","slug":"la-redaction-du-quotidien-regional-la-provence-reunie-en-assemblee-generale-ce-soir-decide-dune-greve-immediate-et-reconductible-pour-protester-contre-la-suppression-de-trente-postes-de-journa","status":"publish","type":"post","link":"https:\/\/www.iceagetv.com\/radiosite\/la-redaction-du-quotidien-regional-la-provence-reunie-en-assemblee-generale-ce-soir-decide-dune-greve-immediate-et-reconductible-pour-protester-contre-la-suppression-de-trente-postes-de-journa\/","title":{"rendered":"La r\u00e9daction du quotidien r\u00e9gional La Provence, r\u00e9unie en assembl\u00e9e g\u00e9n\u00e9rale ce soir, d\u00e9cide d&rsquo;une gr\u00e8ve \u00ab\u00a0imm\u00e9diate et reconductible\u00a0\u00bb pour protester contre la suppression de trente postes de journalistes"},"content":{"rendered":"\n<p>La r\u00e9daction du quotidien r\u00e9gional La Provence, r\u00e9unie en assembl\u00e9e g\u00e9n\u00e9rale ce soir, d\u00e9cide d&rsquo;une gr\u00e8ve \u00ab\u00a0imm\u00e9diate et reconductible\u00a0\u00bb pour protester contre la suppression de trente postes de journalistes annonc\u00e9e la veille par la direction, a indiqu\u00e9 le syndicat SNJ.<\/p>\n\n\n\n<p>\u00ab\u00a0Une gr\u00e8ve imm\u00e9diate et reconductible a \u00e9t\u00e9 vot\u00e9e \u00e0 89%, avec une participation de 90%\u00a0\u00bb des membres de la r\u00e9daction (214 inscrits), comprenant des journalistes titulaires ou en contrat \u00e0 dur\u00e9e d\u00e9termin\u00e9e, des documentalistes, secr\u00e9taires et community managers, a d\u00e9taill\u00e9 aupr\u00e8s de l&rsquo;AFP Sophie Manelli, d\u00e9l\u00e9gu\u00e9e du Syndicat national des journalistes (SNJ).<\/p>\n\n\n\n<p>Sur 192 votants, 170 se sont prononc\u00e9s en faveur de la gr\u00e8ve, 20 s&rsquo;y sont oppos\u00e9s, un bulletin \u00e9tait nul et l&rsquo;autre blanc, a d\u00e9taill\u00e9 la repr\u00e9sentante syndicale. La r\u00e9daction demande \u00e0 la direction du quotidien r\u00e9gional bas\u00e9 \u00e0 Marseille de renoncer \u00e0 son plan de suppression de trente postes de journalistes.<\/p>\n\n\n\n<p>En pr\u00e9sentant ce plan mercredi, le directeur g\u00e9n\u00e9ral du groupe, Gabriel d&rsquo;Harcourt, avait invoqu\u00e9 la perte d&rsquo;exploitation de 12,5 millions d&rsquo;euros enregistr\u00e9e par le quotidien en 2022. Cette r\u00e9duction pr\u00e9vue de la masse salariale, dont la r\u00e9daction supporterait la moiti\u00e9 de l&rsquo;effort (30 postes sur 61 suppressions envisag\u00e9es au total pour un effectif global de 610 salari\u00e9s, toutes professions confondues), la ferait passer de 185 \u00e0 155 journalistes.<\/p>\n\n\n\n<p>Ainsi, seuls 34 des 60 journalistes en CDD embauch\u00e9s pour remplacer les titulaires ayant fait jouer la clause de cession, apr\u00e8s la reprise fin septembre 2022 de La Provence par CMA CGM, le g\u00e9ant du transport maritime, seront conserv\u00e9s, a pr\u00e9cis\u00e9 Gabriel d&rsquo;Harcourt, en soulignant que les effectifs de la r\u00e9daction n&rsquo;avaient pas boug\u00e9 depuis 2018, alors que dans le m\u00eame temps le journal a perdu plus de 25.000 exemplaires vendus en moyenne jour (de 92.000 \u00e0 65.000).<\/p>\n\n\n\n<p>\u00ab\u00a030 postes supprim\u00e9s \u00e0 la r\u00e9daction, c&rsquo;est non\u00a0\u00bb, avait r\u00e9agi mercredi dans l&rsquo;apr\u00e8s-midi l&rsquo;intersyndicale du journal (SNJ, CFE-CGC, CFDT) via un communiqu\u00e9: \u00ab\u00a0C&rsquo;est une saign\u00e9e sans pr\u00e9c\u00e9dent dans l&rsquo;histoire de La Provence\u00a0\u00bb, avait-elle estim\u00e9, jugeant que \u00ab\u00a0la r\u00e9daction paie le prix fort d&rsquo;un plan social qui ne dit pas son nom\u00a0\u00bb.<\/p>\n","protected":false},"excerpt":{"rendered":"<p>La r\u00e9daction du quotidien r\u00e9gional La Provence, r\u00e9unie en assembl\u00e9e g\u00e9n\u00e9rale ce soir, d\u00e9cide d&rsquo;une gr\u00e8ve \u00ab\u00a0imm\u00e9diate et reconductible\u00a0\u00bb pour protester contre la suppression de trente postes de journalistes annonc\u00e9e la veille par la direction, a indiqu\u00e9 le syndicat SNJ. \u00ab\u00a0Une gr\u00e8ve imm\u00e9diate et reconductible a \u00e9t\u00e9 vot\u00e9e \u00e0 89%, avec une participation de 90%\u00a0\u00bb [&hellip;]<\/p>\n","protected":false},"author":2,"featured_media":26112,"comment_status":"open","ping_status":"open","sticky":false,"template":"","format":"standard","meta":{"_jetpack_memberships_contains_paid_content":false,"footnotes":"","jetpack_publicize_message":"","jetpack_publicize_feature_enabled":true,"jetpack_social_post_already_shared":true,"jetpack_social_options":{"image_generator_settings":{"template":"highway","default_image_id":0,"font":"","enabled":false},"version":2},"_wpas_customize_per_network":false},"categories":[68],"tags":[],"class_list":["post-26111","post","type-post","status-publish","format-standard","has-post-thumbnail","hentry","category-actu-culturelle"],"jetpack_publicize_connections":[],"jetpack_featured_media_url":"https:\/\/i0.wp.com\/www.iceagetv.com\/radiosite\/wp-content\/uploads\/2023\/11\/La-redaction-du-quotidien-regional-La-Provence.jpg?fit=679%2C293&ssl=1","jetpack_sharing_enabled":true,"_links":{"self":[{"href":"https:\/\/www.iceagetv.com\/radiosite\/wp-json\/wp\/v2\/posts\/26111","targetHints":{"allow":["GET"]}}],"collection":[{"href":"https:\/\/www.iceagetv.com\/radiosite\/wp-json\/wp\/v2\/posts"}],"about":[{"href":"https:\/\/www.iceagetv.com\/radiosite\/wp-json\/wp\/v2\/types\/post"}],"author":[{"embeddable":true,"href":"https:\/\/www.iceagetv.com\/radiosite\/wp-json\/wp\/v2\/users\/2"}],"replies":[{"embeddable":true,"href":"https:\/\/www.iceagetv.com\/radiosite\/wp-json\/wp\/v2\/comments?post=26111"}],"version-history":[{"count":1,"href":"https:\/\/www.iceagetv.com\/radiosite\/wp-json\/wp\/v2\/posts\/26111\/revisions"}],"predecessor-version":[{"id":26113,"href":"https:\/\/www.iceagetv.com\/radiosite\/wp-json\/wp\/v2\/posts\/26111\/revisions\/26113"}],"wp:featuredmedia":[{"embeddable":true,"href":"https:\/\/www.iceagetv.com\/radiosite\/wp-json\/wp\/v2\/media\/26112"}],"wp:attachment":[{"href":"https:\/\/www.iceagetv.com\/radiosite\/wp-json\/wp\/v2\/media?parent=26111"}],"wp:term":[{"taxonomy":"category","embeddable":true,"href":"https:\/\/www.iceagetv.com\/radiosite\/wp-json\/wp\/v2\/categories?post=26111"},{"taxonomy":"post_tag","embeddable":true,"href":"https:\/\/www.iceagetv.com\/radiosite\/wp-json\/wp\/v2\/tags?post=26111"}],"curies":[{"name":"wp","href":"https:\/\/api.w.org\/{rel}","templated":true}]}}