{"id":26131,"date":"2023-11-19T16:23:37","date_gmt":"2023-11-19T16:23:37","guid":{"rendered":"https:\/\/www.iceagetv.com\/radiosite\/?p=26131"},"modified":"2023-11-19T16:23:37","modified_gmt":"2023-11-19T16:23:37","slug":"guerre-contre-le-hamas-plusieurs-milliers-de-personnes-dont-isabelle-adjani-marek-halter-jack-lang-mobilisees-cet-apres-midi-a-paris-a-lappel-du-monde-de-la-culture-pour-une-marche-pour-la-pa","status":"publish","type":"post","link":"https:\/\/www.iceagetv.com\/radiosite\/guerre-contre-le-hamas-plusieurs-milliers-de-personnes-dont-isabelle-adjani-marek-halter-jack-lang-mobilisees-cet-apres-midi-a-paris-a-lappel-du-monde-de-la-culture-pour-une-marche-pour-la-pa\/","title":{"rendered":"Guerre contre le Hamas : Plusieurs milliers de personnes dont Isabelle Adjani, Marek Halter, Jack Lang&#8230; mobilis\u00e9es cet apr\u00e8s-midi \u00e0 Paris \u00e0 l&rsquo;appel du monde de la culture pour une marche pour la paix"},"content":{"rendered":"\n<p>Plusieurs milliers de personnes se sont mobilis\u00e9es cet apr\u00e8s-midi \u00e0 Paris \u00e0 l&rsquo;appel du monde de la culture pour une \u00ab\u00a0marche silencieuse\u00a0\u00bb et \u00ab\u00a0apolitique\u00a0\u00bb pour la paix au Proche-Orient, a constat\u00e9 une journaliste de l&rsquo;AFP. Parmi elles, l&rsquo;actrice Isabelle Adjani, l&rsquo;\u00e9crivain Marek Halter et l&rsquo;ancien ministre de la Culture Jack Lang \u2013 le cort\u00e8ge s&rsquo;\u00e9lan\u00e7ant de l&rsquo;Institut du monde arabe (IMA), dont il est \u00e0 la t\u00eate.<\/p>\n\n\n\n<p>Les gens sont l\u00e0 pour apaiser. Ils ne pensent pas forc\u00e9ment la m\u00eame chose. Je soutiens \u00e0 fond cette manifestation d&rsquo;unit\u00e9\u00a0\u00bb, a d\u00e9clar\u00e9 l&rsquo;ancien ministre \u00e0 la presse. Parmi les manifestants, peu de jeunes, des personnes portant un brassard blanc ou agitant un drapeau bleu avec une colombe blanche et le mot \u00ab\u00a0peace\u00a0\u00bb.<\/p>\n\n\n\n<p>Avec une grande banderole blanche et sans slogan, le cort\u00e8ge s&rsquo;est \u00e9branl\u00e9 vers 14 h 40 tr\u00e8s symboliquement depuis le parvis de l&rsquo;IMA vers le Mus\u00e9e d&rsquo;art et d&rsquo;histoire du juda\u00efsme.<\/p>\n\n\n\n<p>\u00ab\u00a0Nous avons opt\u00e9 pour une neutralit\u00e9 absolue en r\u00e9ponse au bruit des armes, \u00e0 la vocif\u00e9ration des extr\u00e9mismes\u00a0\u00bb, a d\u00e9clar\u00e9 \u00e0 Lib\u00e9ration l&rsquo;actrice Lubna Azabal, pr\u00e9sidente du collectif \u00e0 l&rsquo;origine de cette initiative soutenue par 600 personnalit\u00e9s du monde de la culture. Cette manifestation se tient une semaine apr\u00e8s la marche contre l&rsquo;antis\u00e9mitisme, suivie par 100 000 personnes \u00e0 Paris.<\/p>\n","protected":false},"excerpt":{"rendered":"<p>Plusieurs milliers de personnes se sont mobilis\u00e9es cet apr\u00e8s-midi \u00e0 Paris \u00e0 l&rsquo;appel du monde de la culture pour une \u00ab\u00a0marche silencieuse\u00a0\u00bb et \u00ab\u00a0apolitique\u00a0\u00bb pour la paix au Proche-Orient, a constat\u00e9 une journaliste de l&rsquo;AFP. Parmi elles, l&rsquo;actrice Isabelle Adjani, l&rsquo;\u00e9crivain Marek Halter et l&rsquo;ancien ministre de la Culture Jack Lang \u2013 le cort\u00e8ge s&rsquo;\u00e9lan\u00e7ant [&hellip;]<\/p>\n","protected":false},"author":2,"featured_media":26132,"comment_status":"open","ping_status":"open","sticky":false,"template":"","format":"standard","meta":{"_jetpack_memberships_contains_paid_content":false,"footnotes":"","jetpack_publicize_message":"","jetpack_publicize_feature_enabled":true,"jetpack_social_post_already_shared":true,"jetpack_social_options":{"image_generator_settings":{"template":"highway","default_image_id":0,"font":"","enabled":false},"version":2},"_wpas_customize_per_network":false},"categories":[405],"tags":[],"class_list":["post-26131","post","type-post","status-publish","format-standard","has-post-thumbnail","hentry","category-actu-france-monde"],"jetpack_publicize_connections":[],"jetpack_featured_media_url":"https:\/\/i0.wp.com\/www.iceagetv.com\/radiosite\/wp-content\/uploads\/2023\/11\/Plusieurs-milliers-de-personnes-dont-Isabelle-Adjani.jpg?fit=679%2C293&ssl=1","jetpack_sharing_enabled":true,"_links":{"self":[{"href":"https:\/\/www.iceagetv.com\/radiosite\/wp-json\/wp\/v2\/posts\/26131","targetHints":{"allow":["GET"]}}],"collection":[{"href":"https:\/\/www.iceagetv.com\/radiosite\/wp-json\/wp\/v2\/posts"}],"about":[{"href":"https:\/\/www.iceagetv.com\/radiosite\/wp-json\/wp\/v2\/types\/post"}],"author":[{"embeddable":true,"href":"https:\/\/www.iceagetv.com\/radiosite\/wp-json\/wp\/v2\/users\/2"}],"replies":[{"embeddable":true,"href":"https:\/\/www.iceagetv.com\/radiosite\/wp-json\/wp\/v2\/comments?post=26131"}],"version-history":[{"count":2,"href":"https:\/\/www.iceagetv.com\/radiosite\/wp-json\/wp\/v2\/posts\/26131\/revisions"}],"predecessor-version":[{"id":26134,"href":"https:\/\/www.iceagetv.com\/radiosite\/wp-json\/wp\/v2\/posts\/26131\/revisions\/26134"}],"wp:featuredmedia":[{"embeddable":true,"href":"https:\/\/www.iceagetv.com\/radiosite\/wp-json\/wp\/v2\/media\/26132"}],"wp:attachment":[{"href":"https:\/\/www.iceagetv.com\/radiosite\/wp-json\/wp\/v2\/media?parent=26131"}],"wp:term":[{"taxonomy":"category","embeddable":true,"href":"https:\/\/www.iceagetv.com\/radiosite\/wp-json\/wp\/v2\/categories?post=26131"},{"taxonomy":"post_tag","embeddable":true,"href":"https:\/\/www.iceagetv.com\/radiosite\/wp-json\/wp\/v2\/tags?post=26131"}],"curies":[{"name":"wp","href":"https:\/\/api.w.org\/{rel}","templated":true}]}}