{"id":26138,"date":"2023-11-19T16:37:35","date_gmt":"2023-11-19T16:37:35","guid":{"rendered":"https:\/\/www.iceagetv.com\/radiosite\/?p=26138"},"modified":"2023-11-19T16:37:35","modified_gmt":"2023-11-19T16:37:35","slug":"marseille-ce-que-lon-sait-de-la-disparition-de-melodie-mendes-da-silva-mere-de-famille-de-34-ans","status":"publish","type":"post","link":"https:\/\/www.iceagetv.com\/radiosite\/marseille-ce-que-lon-sait-de-la-disparition-de-melodie-mendes-da-silva-mere-de-famille-de-34-ans\/","title":{"rendered":"Marseille : ce que l&rsquo;on sait de la disparition de M\u00e9lodie Mendes da Silva, m\u00e8re de famille de 34 ans"},"content":{"rendered":"\n<p>Cette m\u00e8re de deux enfants, esth\u00e9ticienne, n&rsquo;a plus donn\u00e9 signe de vie depuis le 3 novembre. L&rsquo;enqu\u00eate initialement ouverte pour \u00ab\u00a0disparition inqui\u00e9tante\u00a0\u00bb a \u00e9t\u00e9 requalifi\u00e9e samedi pour \u00ab\u00a0enl\u00e8vement et s\u00e9questration\u00a0\u00bb.<\/p>\n\n\n\n<p>Une disparition plus qu&rsquo;inqui\u00e9tante. M\u00e9lodie Mendes da Silva, esth\u00e9ticienne de 34 ans et m\u00e8re de deux enfants, n&rsquo;a plus donn\u00e9 de signe de vie \u00e0 sa famille depuis vendredi 3 novembre \u00e0 Marseille (Bouches-du-Rh\u00f4ne). Son compagnon a signal\u00e9 sa disparition trois jours plus tard, le 6&nbsp;novembre, selon le parquet de Marseille.<\/p>\n\n\n\n<p><a href=\"https:\/\/www.francetvinfo.fr\/marseille\/marseille-l-enquete-pour-la-disparition-d-une-mere-de-famille-bascule-en-enlevement-et-sequestration-annonce-le-procureur_6191895.html\">L&rsquo;enqu\u00eate a \u00e9t\u00e9 requalifi\u00e9e vendredi pour&nbsp;<em>\u00ab\u00a0enl\u00e8vement et s\u00e9questration\u00a0\u00bb,<\/em><\/a>&nbsp;a appris l&rsquo;AFP samedi aupr\u00e8s du parquet. Elle est conduite par une juge d&rsquo;instruction, dans le cadre d&rsquo;une information judiciaire ouverte depuis mardi. Franceinfo fait le point sur ce que l&rsquo;on sait de sa disparition.<\/p>\n\n\n\n<h2 class=\"wp-block-heading\">L&rsquo;hypoth\u00e8se du d\u00e9part volontaire jug\u00e9e peu cr\u00e9dible par ses proches<\/h2>\n\n\n\n<p>D&rsquo;apr\u00e8s les images de la vid\u00e9osurveillance, M\u00e9lodie a quitt\u00e9 son domicile du 4e arrondissement de Marseille le 3&nbsp;novembre en fin d&rsquo;apr\u00e8s-midi, v\u00eatue d&rsquo;un simple jogging noir et de claquettes, sans son sac \u00e0 main, comme si elle s&rsquo;absentait pour une courte dur\u00e9e.&nbsp;<em>\u00ab\u00a0\u00c7a ne lui est jamais arriv\u00e9 de partir et de ne pas donner de nouvelles\u00a0\u00bb<\/em>, a assur\u00e9 sa s\u0153ur Melissa Mendes da Silva, lors d&rsquo;une&nbsp;<a href=\"https:\/\/www.francetvinfo.fr\/faits-divers\/disparition-de-melodie-l-enquete-requalifiee-en-enlevement-et-sequestration_6192117.html\">marche de soutien<\/a>&nbsp;organis\u00e9e samedi dans les rues de la cit\u00e9 phoc\u00e9enne.<\/p>\n\n\n\n<p><em>\u00ab\u00a0Le dernier message que j&rsquo;ai re\u00e7u d&rsquo;elle, c&rsquo;\u00e9tait \u00e0 17h50\u00a0\u00bb<\/em>, a expliqu\u00e9 Pearl Rocha, son compagnon, aupr\u00e8s de&nbsp;<a href=\"https:\/\/france3-regions.francetvinfo.fr\/provence-alpes-cote-d-azur\/bouches-du-rhone\/marseille\/je-ne-lacherai-pas-tant-que-je-ne-l-aurais-pas-retrouvee-5-questions-sur-la-disparition-de-melodie-a-marseille-2874035.html\">France 3 Provence-Alpes-C\u00f4te-d&rsquo;Azur<\/a>.&nbsp;<a href=\"https:\/\/france3-regions.francetvinfo.fr\/provence-alpes-cote-d-azur\/bouches-du-rhone\/marseille\/je-ne-lacherai-pas-tant-que-je-ne-l-aurais-pas-retrouvee-5-questions-sur-la-disparition-de-melodie-a-marseille-2874035.html\"><\/a>La derni\u00e8re g\u00e9olocalisation de M\u00e9lodie, selon son t\u00e9l\u00e9phone, remonte au m\u00eame jour, \u00e0 19h24, \u00e0 quelques kilom\u00e8tres de son domicile, dans le 11e arrondissement.&nbsp;<em>\u00ab\u00a0Elle ne conna\u00eet personne l\u00e0-bas et n&rsquo;a rien de particulier \u00e0 y faire (&#8230;) Ce quartier est loin de l\u00e0 o\u00f9 elle habite et elle n&rsquo;a donc pas pu y aller \u00e0 pied. Elle est peut-\u00eatre mont\u00e9e avec quelqu&rsquo;un en voiture, mais pourquoi ?\u00a0\u00bb<\/em>, interroge son fr\u00e8re, Patrick Tavares, lui aussi interrog\u00e9 par France&nbsp;3.<\/p>\n\n\n\n<h2 class=\"wp-block-heading\">Une enqu\u00eate requalifi\u00e9e pour \u00ab\u00a0enl\u00e8vement et s\u00e9questration\u00a0\u00bb<\/h2>\n\n\n\n<p>Dix jours apr\u00e8s que M\u00e9lodie, m\u00e8re d&rsquo;une adolescente de 15 ans et d&rsquo;un fils de 9 ans selon France&nbsp;3, s&rsquo;est volatilis\u00e9e, une&nbsp;<a href=\"https:\/\/france3-regions.francetvinfo.fr\/provence-alpes-cote-d-azur\/bouches-du-rhone\/marseille\/ce-que-l-on-sait-de-la-disparition-inquietante-depuis-11-jours-a-marseille-de-melodie-mere-de-famille-de-34-ans-2873123.html\">information judiciaire a \u00e9t\u00e9 ouverte<\/a>&nbsp;pour&nbsp;<em>\u00ab\u00a0disparition inqui\u00e9tante\u00a0\u00bb&nbsp;<\/em>par le parquet de Marseille.&nbsp;<em>\u00ab\u00a0Le fait qu&rsquo;elle soit partie sans rien et qu&rsquo;elle soit m\u00e8re de famille est assez troublant pour ouvrir une information judiciaire pour retrouver au plus vite cette jeune femme\u00a0\u00bb<\/em>, a expliqu\u00e9 le procureur de la R\u00e9publique de Marseille, Nicolas Bessonne, \u00e0 France 3 Provence-Alpes-C\u00f4te-d&rsquo;Azur.&nbsp;<a href=\"https:\/\/france3-regions.francetvinfo.fr\/provence-alpes-cote-d-azur\/bouches-du-rhone\/marseille\/l-enquete-sur-la-disparition-de-melodie-a-marseille-requalifiee-pour-enlevement-et-sequestration-2875229.html\">L&rsquo;enqu\u00eate a depuis \u00e9t\u00e9 requalifi\u00e9e<\/a>&nbsp;pour&nbsp;<em>\u00ab\u00a0enl\u00e8vement et s\u00e9questration\u00a0\u00bb<\/em>.&nbsp;<\/p>\n\n\n\n<p><em>\u00ab\u00a0Si une personne dispara\u00eet soudainement, sans aucune raison apparente, que l&rsquo;on ne peut pas borner son t\u00e9l\u00e9phone, que l&rsquo;on ne peut pas avoir de tra\u00e7abilit\u00e9 de sa carte bancaire, et si le signalement de la disparition est fait plus ou moins tard, l\u00e0 \u00e7a devient inqui\u00e9tant\u00a0\u00bb,<\/em>&nbsp;estime Bruno Bartocetti, secr\u00e9taire r\u00e9gional du syndicat Unit\u00e9-SGP Police, aupr\u00e8s de&nbsp;<a href=\"https:\/\/france3-regions.francetvinfo.fr\/provence-alpes-cote-d-azur\/bouches-du-rhone\/marseille\/je-ne-lacherai-pas-tant-que-je-ne-l-aurais-pas-retrouvee-5-questions-sur-la-disparition-de-melodie-a-marseille-2874035.html\">France 3<\/a>. Les enqu\u00eateurs ont d&rsquo;ailleurs&nbsp;<em>\u00ab\u00a0commenc\u00e9 \u00e0 interroger certaines personnes\u00a0\u00bb<\/em>&nbsp;selon Patrick Tavares, et concentrent leurs recherches sur la vid\u00e9osurveillance et la t\u00e9l\u00e9phonie.<\/p>\n\n\n\n<h2 class=\"wp-block-heading\">Une famille mobilis\u00e9e pour la retrouver<\/h2>\n\n\n\n<p>Environ 200\u00a0personnes, dont les proches de la famille, ont march\u00e9 dans les rues de Marseille samedi. Partis de l&rsquo;h\u00f4tel de ville, les manifestants ont rejoint l&rsquo;h\u00f4tel de police avec, imprim\u00e9 sur leurs tee-shirts, l&rsquo;avis de recherche placard\u00e9 depuis plusieurs jours dans les rues et le m\u00e9tro marseillais.\u00a0<em>\u00ab\u00a0On pourrait devenir fous, franchement. J&rsquo;arrive \u00e0 garder le moral, \u00e0 garder la t\u00eate haute parce que j&rsquo;ai les enfants derri\u00e8re, mais ce n&rsquo;est pas facile\u00a0\u00bb<\/em>, confie le compagnon de la jeune femme.Depuis la disparition, la famille de M\u00e9lodie ratisse les rues de la deuxi\u00e8me ville de France et placarde des avis de recherche.\u00a0<em>\u00ab\u00a0J&rsquo;ai contact\u00e9 la presse, les influenceurs, les amis des amis, etc. Tout le monde a \u00e9t\u00e9 mis \u00e0 contribution pour diffuser largement la disparition et cela a pris de l&rsquo;ampleur\u00a0\u00bb<\/em>, d\u00e9taille Patrick Tavares, le fr\u00e8re de la jeune femme, \u00e0\u00a0<a href=\"https:\/\/france3-regions.francetvinfo.fr\/provence-alpes-cote-d-azur\/bouches-du-rhone\/marseille\/je-ne-lacherai-pas-tant-que-je-ne-l-aurais-pas-retrouvee-5-questions-sur-la-disparition-de-melodie-a-marseille-2874035.html\">France 3<\/a>. Sa famille avait organis\u00e9 une battue en amont de la marche, le long d&rsquo;un canal, en contrebas du lieu o\u00f9 son t\u00e9l\u00e9phone a born\u00e9.\u00a0<em>\u00ab\u00a0On garde espoir, on ne baisse pas les bras et on va continuer \u00e0 la chercher\u00a0\u00bb<\/em>, a soutenu Pearl Rocha.<\/p>\n","protected":false},"excerpt":{"rendered":"<p>Cette m\u00e8re de deux enfants, esth\u00e9ticienne, n&rsquo;a plus donn\u00e9 signe de vie depuis le 3 novembre. L&rsquo;enqu\u00eate initialement ouverte pour \u00ab\u00a0disparition inqui\u00e9tante\u00a0\u00bb a \u00e9t\u00e9 requalifi\u00e9e samedi pour \u00ab\u00a0enl\u00e8vement et s\u00e9questration\u00a0\u00bb. Une disparition plus qu&rsquo;inqui\u00e9tante. M\u00e9lodie Mendes da Silva, esth\u00e9ticienne de 34 ans et m\u00e8re de deux enfants, n&rsquo;a plus donn\u00e9 de signe de vie \u00e0 [&hellip;]<\/p>\n","protected":false},"author":2,"featured_media":26139,"comment_status":"open","ping_status":"open","sticky":false,"template":"","format":"standard","meta":{"_jetpack_memberships_contains_paid_content":false,"footnotes":"","jetpack_publicize_message":"","jetpack_publicize_feature_enabled":true,"jetpack_social_post_already_shared":true,"jetpack_social_options":{"image_generator_settings":{"template":"highway","default_image_id":0,"font":"","enabled":false},"version":2},"_wpas_customize_per_network":false},"categories":[405],"tags":[],"class_list":["post-26138","post","type-post","status-publish","format-standard","has-post-thumbnail","hentry","category-actu-france-monde"],"jetpack_publicize_connections":[],"jetpack_featured_media_url":"https:\/\/i0.wp.com\/www.iceagetv.com\/radiosite\/wp-content\/uploads\/2023\/11\/ce-que-lon-sait-de-la-disparition-de-Melodie-Mendes-da-Silva.jpg?fit=1011%2C542&ssl=1","jetpack_sharing_enabled":true,"_links":{"self":[{"href":"https:\/\/www.iceagetv.com\/radiosite\/wp-json\/wp\/v2\/posts\/26138","targetHints":{"allow":["GET"]}}],"collection":[{"href":"https:\/\/www.iceagetv.com\/radiosite\/wp-json\/wp\/v2\/posts"}],"about":[{"href":"https:\/\/www.iceagetv.com\/radiosite\/wp-json\/wp\/v2\/types\/post"}],"author":[{"embeddable":true,"href":"https:\/\/www.iceagetv.com\/radiosite\/wp-json\/wp\/v2\/users\/2"}],"replies":[{"embeddable":true,"href":"https:\/\/www.iceagetv.com\/radiosite\/wp-json\/wp\/v2\/comments?post=26138"}],"version-history":[{"count":1,"href":"https:\/\/www.iceagetv.com\/radiosite\/wp-json\/wp\/v2\/posts\/26138\/revisions"}],"predecessor-version":[{"id":26140,"href":"https:\/\/www.iceagetv.com\/radiosite\/wp-json\/wp\/v2\/posts\/26138\/revisions\/26140"}],"wp:featuredmedia":[{"embeddable":true,"href":"https:\/\/www.iceagetv.com\/radiosite\/wp-json\/wp\/v2\/media\/26139"}],"wp:attachment":[{"href":"https:\/\/www.iceagetv.com\/radiosite\/wp-json\/wp\/v2\/media?parent=26138"}],"wp:term":[{"taxonomy":"category","embeddable":true,"href":"https:\/\/www.iceagetv.com\/radiosite\/wp-json\/wp\/v2\/categories?post=26138"},{"taxonomy":"post_tag","embeddable":true,"href":"https:\/\/www.iceagetv.com\/radiosite\/wp-json\/wp\/v2\/tags?post=26138"}],"curies":[{"name":"wp","href":"https:\/\/api.w.org\/{rel}","templated":true}]}}