{"id":26145,"date":"2023-11-20T16:30:57","date_gmt":"2023-11-20T16:30:57","guid":{"rendered":"https:\/\/www.iceagetv.com\/radiosite\/?p=26145"},"modified":"2023-11-20T16:30:57","modified_gmt":"2023-11-20T16:30:57","slug":"ce-que-lon-sait-de-la-rixe-dans-la-drome-qui-a-fait-un-mort-et-deux-blesses-graves","status":"publish","type":"post","link":"https:\/\/www.iceagetv.com\/radiosite\/ce-que-lon-sait-de-la-rixe-dans-la-drome-qui-a-fait-un-mort-et-deux-blesses-graves\/","title":{"rendered":"CE QUE L&rsquo;ON SAIT DE LA RIXE DANS LA DR\u00d4ME QUI A FAIT UN MORT ET DEUX BLESS\u00c9S GRAVES"},"content":{"rendered":"\n<p>Un adolescent de 16 ans a \u00e9t\u00e9 tu\u00e9 au couteau et plusieurs personnes ont \u00e9t\u00e9 bless\u00e9es dans la nuit de samedi \u00e0 dimanche, quand un groupe a fait irruption dans la salle des f\u00eates de Cr\u00e9pol, o\u00f9 un bal \u00e9tait organis\u00e9.<\/p>\n\n\n\n<p>L&rsquo;effroi et l&rsquo;\u00e9motion \u00e0 Cr\u00e9pol, dans le d\u00e9partement de la Dr\u00f4me. Ce petit village de 500 habitants&nbsp;<a href=\"https:\/\/www.bfmtv.com\/police-justice\/drome-un-ado-de-16-ans-tue-au-couteau-au-cours-d-une-rixe-qui-a-fait-17-blesses-dans-le-village-de-crepol_AD-202311190297.html\">a \u00e9t\u00e9 le th\u00e9\u00e2tre d&rsquo;une violente rixe dans la nuit de samedi \u00e0 dimanche.<\/a>&nbsp;Alors que 350 jeunes \u00e9taient r\u00e9unis dans la salle des f\u00eates pour un bal, un groupe d&rsquo;une dizaine de personnes a fait irruption.<\/p>\n\n\n\n<p>Un vigile, qui leur a interdit d&rsquo;entrer, a \u00e9t\u00e9 bless\u00e9 \u00e0 l&rsquo;arme blanche. Alors qu&rsquo;il se trouvait en \u00ab\u00a0difficult\u00e9\u00a0\u00bb, des personnes sont sorties de la soir\u00e9e et \u00ab\u00a0s&rsquo;en est suivie une rixe g\u00e9n\u00e9rale\u00a0\u00bb, a expliqu\u00e9 \u00e0 l&rsquo;AFP le procureur de Valence, Laurent de Caigny.<\/p>\n\n\n\n<h2 class=\"wp-block-heading\">&nbsp;Au moins un mort, de nombreux bless\u00e9s<\/h2>\n\n\n\n<p>Les pompiers, intervenus sur les lieux peu apr\u00e8s 2 heures, ont d\u00e9nombr\u00e9 plus de 20 victimes, selon les autorit\u00e9s. Dix-sept d&rsquo;entre elles souffrent notamment de contusion, tandis que deux jeunes hommes ont \u00e9t\u00e9 hospitalis\u00e9s en \u00ab\u00a0urgence absolue\u00a0\u00bb. L&rsquo;un d&rsquo;eux, \u00e2g\u00e9 de 28 ans, a re\u00e7u \u00ab\u00a0des coups de couteau au niveau du thorax\u00a0\u00bb. Le second est \u00e2g\u00e9 de 23 ans. Lundi, en d\u00e9but d&rsquo;apr\u00e8s-midi, ils ne se trouvaient plus en urgence absolue, et le bilan total des bless\u00e9s avait \u00e9t\u00e9 ramen\u00e9 \u00e0 4.<\/p>\n\n\n\n<p>La personne tu\u00e9e \u00ab\u00a0d&rsquo;un coup de couteau\u00a0\u00bb est un jeune gar\u00e7on de 16 ans, Thomas, qui est mort alors qu&rsquo;il \u00e9tait transport\u00e9 \u00e0 l&rsquo;h\u00f4pital de Lyon, \u00e0 une centaine de kilom\u00e8tres de l\u00e0.<\/p>\n\n\n\n<p>Une participante du bal&nbsp;<a href=\"https:\/\/www.bfmtv.com\/police-justice\/ils-sont-venus-pour-tuer-une-participante-de-la-fete-de-crepol-raconte-l-horreur_AV-202311200710.html\">a d\u00e9crit aupr\u00e8s de BFMTV l&rsquo;horreur de cette sc\u00e8ne de crime<\/a>. \u00ab\u00a0Au moment de la sortie, on a vu qu\u2019il y en avait d\u2019autres qui rentraient, vraiment en force comme si on les poussait pour rentrer. C\u2019est l\u00e0 qu\u2019on a vu que c\u2019\u00e9tait des jeunes qui \u00e9taient en train d\u2019attaquer.\u00a0\u00bb<\/p>\n\n\n\n<p>Selon elle, sans la pr\u00e9sence de vigiles dans la salle des f\u00eates, le bilan aurait pu \u00eatre beaucoup plus lourd. \u00ab\u00a0Ce n&rsquo;est pas une rixe, ils sont venus pour tuer, ils avaient l\u2019intention de tuer, a-t-elle assur\u00e9. Heureusement que nous avions des vigiles qui ont pu arr\u00eater. S&rsquo;il n&rsquo;y avait pas eu de vigiles, peut-\u00eatre qu&rsquo;on ne serait plus l\u00e0 pour le raconter.\u00a0\u00bbPlay Video<\/p>\n\n\n\n<p>En attendant la venue des secours, les habitants ont recueilli les bless\u00e9s dans la salle des f\u00eates. \u00ab\u00a0La salle ressemblait \u00e0 un abattoir. Tous ceux qui rentraient bless\u00e9s, on les couchait par terre, comme \u00e0 la guerre, et on les soignait\u00a0\u00bb, a-t-elle confi\u00e9, encore sous le choc.<\/p>\n\n\n\n<h2 class=\"wp-block-heading\">\u2022 Hommages et \u00e9motion dans la Dr\u00f4me<\/h2>\n\n\n\n<p>\u00ab\u00a0D\u00e9non\u00e7ant la barbarie et la trag\u00e9die\u00a0\u00bb de la nuit, le club de rugby RC Romans-P\u00e9age a expliqu\u00e9 que le jeune homme d\u00e9c\u00e9d\u00e9 \u00e9tait un de ses joueurs et mis en ligne une photo du jeune homme tout sourire dans son maillot.<\/p>\n\n\n\n<blockquote class=\"wp-block-quote is-layout-flow wp-block-quote-is-layout-flow\">\n<p>\u00ab\u00a0Le club est touch\u00e9 dans sa chair en ce 19 novembre\u00a0\u00bb, est-il \u00e9crit.<\/p>\n<\/blockquote>\n\n\n\n<p>Un vif hommage a eu lieu ce dimanche, avant et apr\u00e8s le match qui opposait ce club \u00e0 l&rsquo;Entente Ch\u00e2teauneuf Saint-Marcel.<\/p>\n\n\n\n<p>Le lyc\u00e9e Dauphin\u00e9 de Romans-sur-Is\u00e8re (Dr\u00f4me) a respect\u00e9 lundi une minute de silence en hommage au jeune Thomas.<\/p>\n\n\n\n<p>Le lyc\u00e9e est \u00ab\u00a0sous le choc, dans l&rsquo;\u00e9motion\u00a0\u00bb depuis l&rsquo;annonce du d\u00e9c\u00e8s de ce \u00ab\u00a0gar\u00e7on tr\u00e8s gentil, tr\u00e8s discret, un peu rigolo\u00a0\u00bb qui n&rsquo;\u00e9tait \u00ab\u00a0pas un chercheur de bagarre\u00a0\u00bb, explique Vadim, un camarade de Thomas rencontr\u00e9 devant cet \u00e9tablissement d&rsquo;enseignement g\u00e9n\u00e9ral qui compte quelque 1300 \u00e9l\u00e8ves.<\/p>\n\n\n\n<h2 class=\"wp-block-heading\">\u2022 Une enqu\u00eate ouverte pour \u00ab\u00a0homicide et tentative d&rsquo;homicide\u00a0\u00bb, les auteurs en fuite<\/h2>\n\n\n\n<p>Aucune interpellation n&rsquo;a \u00e9t\u00e9 r\u00e9alis\u00e9e par les policiers, qui sont \u00e0 la recherche de la bande de jeune qui s&rsquo;est violemment attaqu\u00e9e \u00e0 l&rsquo;arme blanche aux participants de cette soir\u00e9e. Une enqu\u00eate a \u00e9t\u00e9 ouverte pour \u00ab\u00a0homicide et tentative d&rsquo;homicide\u00a0\u00bb \u00ab\u00a0en bande organis\u00e9e\u00a0\u00bb et confi\u00e9e aux gendarmes, a indiqu\u00e9 le procureur.<\/p>\n\n\n\n<p>Selon les premiers \u00e9l\u00e9ments recueillis, la venue du groupe d&rsquo;agresseurs \u00e9tait probablement pr\u00e9m\u00e9dit\u00e9e et \u00ab\u00a0peut-\u00eatre li\u00e9e \u00e0 un compte \u00e0 r\u00e9gler avec quelqu&rsquo;un\u00a0\u00bb pr\u00e9sent \u00e0 la soir\u00e9e, a d\u00e9taill\u00e9 Laurent de Caigny.<\/p>\n\n\n\n<p>Le flou demeure sur les motivations des tueurs, \u00ab\u00a0mais un \u00e9l\u00e9ment recueilli permet d&rsquo;envisager que cette exp\u00e9dition n&rsquo;est pas simplement justifi\u00e9e par la volont\u00e9 &lsquo;d&rsquo;aller au bal&rsquo; \u00e0 Cr\u00e9pol\u00a0\u00bb, indique une source judiciaire \u00e0 BFMTV.<\/p>\n\n\n\n<p><\/p>\n","protected":false},"excerpt":{"rendered":"<p>Un adolescent de 16 ans a \u00e9t\u00e9 tu\u00e9 au couteau et plusieurs personnes ont \u00e9t\u00e9 bless\u00e9es dans la nuit de samedi \u00e0 dimanche, quand un groupe a fait irruption dans la salle des f\u00eates de Cr\u00e9pol, o\u00f9 un bal \u00e9tait organis\u00e9. L&rsquo;effroi et l&rsquo;\u00e9motion \u00e0 Cr\u00e9pol, dans le d\u00e9partement de la Dr\u00f4me. Ce petit village [&hellip;]<\/p>\n","protected":false},"author":2,"featured_media":26150,"comment_status":"open","ping_status":"open","sticky":false,"template":"","format":"standard","meta":{"_jetpack_memberships_contains_paid_content":false,"footnotes":"","jetpack_publicize_message":"","jetpack_publicize_feature_enabled":true,"jetpack_social_post_already_shared":true,"jetpack_social_options":{"image_generator_settings":{"template":"highway","default_image_id":0,"font":"","enabled":false},"version":2},"_wpas_customize_per_network":false},"categories":[405],"tags":[],"class_list":["post-26145","post","type-post","status-publish","format-standard","has-post-thumbnail","hentry","category-actu-france-monde"],"jetpack_publicize_connections":[],"jetpack_featured_media_url":"https:\/\/i0.wp.com\/www.iceagetv.com\/radiosite\/wp-content\/uploads\/2023\/11\/CE-QUE-LON-SAIT-DE-LA-RIXE-DANS-LA-DROME-QUI-A-FAIT-UN-MORT-ET-DEUX-BLESSES-GRAVES.jpg?fit=783%2C177&ssl=1","jetpack_sharing_enabled":true,"_links":{"self":[{"href":"https:\/\/www.iceagetv.com\/radiosite\/wp-json\/wp\/v2\/posts\/26145","targetHints":{"allow":["GET"]}}],"collection":[{"href":"https:\/\/www.iceagetv.com\/radiosite\/wp-json\/wp\/v2\/posts"}],"about":[{"href":"https:\/\/www.iceagetv.com\/radiosite\/wp-json\/wp\/v2\/types\/post"}],"author":[{"embeddable":true,"href":"https:\/\/www.iceagetv.com\/radiosite\/wp-json\/wp\/v2\/users\/2"}],"replies":[{"embeddable":true,"href":"https:\/\/www.iceagetv.com\/radiosite\/wp-json\/wp\/v2\/comments?post=26145"}],"version-history":[{"count":1,"href":"https:\/\/www.iceagetv.com\/radiosite\/wp-json\/wp\/v2\/posts\/26145\/revisions"}],"predecessor-version":[{"id":26151,"href":"https:\/\/www.iceagetv.com\/radiosite\/wp-json\/wp\/v2\/posts\/26145\/revisions\/26151"}],"wp:featuredmedia":[{"embeddable":true,"href":"https:\/\/www.iceagetv.com\/radiosite\/wp-json\/wp\/v2\/media\/26150"}],"wp:attachment":[{"href":"https:\/\/www.iceagetv.com\/radiosite\/wp-json\/wp\/v2\/media?parent=26145"}],"wp:term":[{"taxonomy":"category","embeddable":true,"href":"https:\/\/www.iceagetv.com\/radiosite\/wp-json\/wp\/v2\/categories?post=26145"},{"taxonomy":"post_tag","embeddable":true,"href":"https:\/\/www.iceagetv.com\/radiosite\/wp-json\/wp\/v2\/tags?post=26145"}],"curies":[{"name":"wp","href":"https:\/\/api.w.org\/{rel}","templated":true}]}}