{"id":26164,"date":"2023-11-21T05:12:16","date_gmt":"2023-11-21T05:12:16","guid":{"rendered":"https:\/\/www.iceagetv.com\/radiosite\/?p=26164"},"modified":"2023-11-21T05:12:16","modified_gmt":"2023-11-21T05:12:16","slug":"val-de-marne-un-jardinier-agresse-au-cutter-apres-avoir-ete-vise-par-des-insultes-racistes","status":"publish","type":"post","link":"https:\/\/www.iceagetv.com\/radiosite\/val-de-marne-un-jardinier-agresse-au-cutter-apres-avoir-ete-vise-par-des-insultes-racistes\/","title":{"rendered":"VAL-DE-MARNE: UN JARDINIER AGRESS\u00c9 AU CUTTER APR\u00c8S AVOIR \u00c9T\u00c9 VIS\u00c9 PAR DES INSULTES RACISTES"},"content":{"rendered":"\n<p>L&rsquo;homme suspect\u00e9 de l&rsquo;agression \u00e0 caract\u00e8re raciste a \u00e9t\u00e9 arr\u00eat\u00e9 et sera notamment jug\u00e9 pour violences volontaires avec arme le 16 mai 2024.<\/p>\n\n\n\n<p>Un jardinier a \u00e9t\u00e9 bless\u00e9 \u00e0 la gorge apr\u00e8s avoir \u00e9t\u00e9 agress\u00e9 \u00e0 l&rsquo;arme blanche ce vendredi 17 novembre dans le Val-de-Marne, a appris BFMTV de sources proches de l&rsquo;enqu\u00eate et aupr\u00e8s de l&rsquo;avocat de la victime, confirmant une information de&nbsp;<a href=\"https:\/\/www.streetpress.com\/sujet\/1700480934-tentative-egorgement-islamophobe-racisme-temoignage$\" target=\"_blank\" rel=\"noreferrer noopener\">Street Press<\/a>.<\/p>\n\n\n\n<p>Les faits se sont d\u00e9roul\u00e9s vendredi dernier. Vers 14h, des policiers sont appel\u00e9s pour une altercation \u00e0 Villecresnes, dans le Val-de-Marne. Sur place, une femme les emm\u00e8ne dans son salon car il y a un homme bless\u00e9 \u00e0 l&rsquo;int\u00e9rieur, allong\u00e9 sur le sol. Il est conscient mais il a une large plaie ouverte en dessous du menton. Son pronostic vital n&rsquo;est pas engag\u00e9.\u00a0<\/p>\n\n\n\n<p>L&rsquo;homme bless\u00e9 raconte qu&rsquo;il fait partie d&rsquo;une soci\u00e9t\u00e9 de jardinage et qu&rsquo;il \u00e9tait en train de travailler avec des coll\u00e8gues au domicile d&rsquo;une cliente lorsque le p\u00e8re d&rsquo;une voisine de celle-ci les prend \u00e0 partie. Il leur reproche que leur camionnette \u00e9tait gar\u00e9e devant chez sa fille, selon le r\u00e9cit de la victime. Une dispute \u00e9clate alors entre eux et l&rsquo;homme \u00e2g\u00e9 les insult\u00e9s de \u00ab\u00a0sales bougnoules\u00a0\u00bb, avant de brandir un cutter.<\/p>\n\n\n\n<h2 class=\"wp-block-heading\">Le jardinier bless\u00e9 \u00e0 la gorge<\/h2>\n\n\n\n<p>Tandis que le jardinier se met \u00e0 filmer la sc\u00e8ne avec son t\u00e9l\u00e9phone portable, \u00e0 cause de l&rsquo;insulte \u00e0 caract\u00e8re raciste, l&rsquo;homme \u00e2g\u00e9 s&rsquo;approche de lui, et lui ass\u00e8ne un coup de cutter \u00e0 la gorge, l&rsquo;ouvrant sous le menton, \u00e0 c\u00f4t\u00e9 de la carotide. Une blessure qui lui a valu d&rsquo;obtenir \u00e0 ce stade 15 jours d&rsquo;ITT (incapacit\u00e9 totale de travail).&nbsp;<\/p>\n\n\n\n<p>L&rsquo;agresseur pr\u00e9sum\u00e9 a \u00e9t\u00e9 identifi\u00e9 peu de temps apr\u00e8s gr\u00e2ce \u00e0 l&rsquo;immatriculation de sa voiture. Devant les enqu\u00eateurs, il a reconnu avoir eu une altercation pour une place de stationnement, avant d&rsquo;\u00eatre interpell\u00e9 \u00e0 son domicile. Dans sa voiture, les policiers ont retrouv\u00e9 un cutter.<\/p>\n\n\n\n<p>Apr\u00e8s sa garde \u00e0 vue, le parquet a d\u00e9cid\u00e9 de le poursuivre pour violence avec usage ou menace d&rsquo;une arme suivie d&rsquo;une incapacit\u00e9 sup\u00e9rieure \u00e0 huit jours, injure non publique en raison de l&rsquo;origine, l&rsquo;ethnie, la nation, la race ou la religion et enfin d\u00e9gradation ou d\u00e9t\u00e9rioration volontaire du bien d&rsquo;autrui causant un dommage l\u00e9ger, a appris BFMTV de source judiciaire.<\/p>\n\n\n\n<p>L&rsquo;homme, actuellement plac\u00e9 sous contr\u00f4le judiciaire avec pour obligation de pointer tous les 15 jours au commissariat, ne sera jug\u00e9 que le 16 mai 2024.<\/p>\n\n\n\n<h2 class=\"wp-block-heading\">Indignation chez les membres de la France insoumise<\/h2>\n\n\n\n<p>L&rsquo;avocat de la victime, Me Hosni Maati, a regrett\u00e9 qu&rsquo;il ne soit pas jug\u00e9 imm\u00e9diatement, et souhaiterait d\u00e9sormais que les faits soient requalifi\u00e9s en tentative&nbsp;<a href=\"https:\/\/www.bfmtv.com\/police-justice\/homicides-coups-et-blessures-viols-les-violences-contre-les-personnes-en-hausse-par-rapport-a-2021_AN-202309281018.html\">d&rsquo;homicide pour motif raciste<\/a>.<\/p>\n\n\n\n<p>Cette histoire suscite de vives r\u00e9actions \u00e0 gauche de l&rsquo;\u00e9chiquier politique. Le leader de La France insoumise Jean-Luc M\u00e9lenchon a d\u00e9nonc\u00e9 une \u00ab\u00a0ignoble tentative d&rsquo;\u00e9gorgement arabophobe\u00a0\u00bb, cons\u00e9quence selon lui \u00ab\u00a0du laisser-aller raciste dans la sph\u00e8re publique\u00a0\u00bb.<\/p>\n","protected":false},"excerpt":{"rendered":"<p>L&rsquo;homme suspect\u00e9 de l&rsquo;agression \u00e0 caract\u00e8re raciste a \u00e9t\u00e9 arr\u00eat\u00e9 et sera notamment jug\u00e9 pour violences volontaires avec arme le 16 mai 2024. Un jardinier a \u00e9t\u00e9 bless\u00e9 \u00e0 la gorge apr\u00e8s avoir \u00e9t\u00e9 agress\u00e9 \u00e0 l&rsquo;arme blanche ce vendredi 17 novembre dans le Val-de-Marne, a appris BFMTV de sources proches de l&rsquo;enqu\u00eate et aupr\u00e8s [&hellip;]<\/p>\n","protected":false},"author":2,"featured_media":26165,"comment_status":"open","ping_status":"open","sticky":false,"template":"","format":"standard","meta":{"_jetpack_memberships_contains_paid_content":false,"footnotes":"","jetpack_publicize_message":"","jetpack_publicize_feature_enabled":true,"jetpack_social_post_already_shared":true,"jetpack_social_options":{"image_generator_settings":{"template":"highway","default_image_id":0,"font":"","enabled":false},"version":2},"_wpas_customize_per_network":false},"categories":[405],"tags":[],"class_list":["post-26164","post","type-post","status-publish","format-standard","has-post-thumbnail","hentry","category-actu-france-monde"],"jetpack_publicize_connections":[],"jetpack_featured_media_url":"https:\/\/i0.wp.com\/www.iceagetv.com\/radiosite\/wp-content\/uploads\/2023\/11\/Un-badge-de-la-police-sur-une-veste-illustration-1208128.jpg?fit=736%2C414&ssl=1","jetpack_sharing_enabled":true,"_links":{"self":[{"href":"https:\/\/www.iceagetv.com\/radiosite\/wp-json\/wp\/v2\/posts\/26164","targetHints":{"allow":["GET"]}}],"collection":[{"href":"https:\/\/www.iceagetv.com\/radiosite\/wp-json\/wp\/v2\/posts"}],"about":[{"href":"https:\/\/www.iceagetv.com\/radiosite\/wp-json\/wp\/v2\/types\/post"}],"author":[{"embeddable":true,"href":"https:\/\/www.iceagetv.com\/radiosite\/wp-json\/wp\/v2\/users\/2"}],"replies":[{"embeddable":true,"href":"https:\/\/www.iceagetv.com\/radiosite\/wp-json\/wp\/v2\/comments?post=26164"}],"version-history":[{"count":1,"href":"https:\/\/www.iceagetv.com\/radiosite\/wp-json\/wp\/v2\/posts\/26164\/revisions"}],"predecessor-version":[{"id":26166,"href":"https:\/\/www.iceagetv.com\/radiosite\/wp-json\/wp\/v2\/posts\/26164\/revisions\/26166"}],"wp:featuredmedia":[{"embeddable":true,"href":"https:\/\/www.iceagetv.com\/radiosite\/wp-json\/wp\/v2\/media\/26165"}],"wp:attachment":[{"href":"https:\/\/www.iceagetv.com\/radiosite\/wp-json\/wp\/v2\/media?parent=26164"}],"wp:term":[{"taxonomy":"category","embeddable":true,"href":"https:\/\/www.iceagetv.com\/radiosite\/wp-json\/wp\/v2\/categories?post=26164"},{"taxonomy":"post_tag","embeddable":true,"href":"https:\/\/www.iceagetv.com\/radiosite\/wp-json\/wp\/v2\/tags?post=26164"}],"curies":[{"name":"wp","href":"https:\/\/api.w.org\/{rel}","templated":true}]}}