{"id":26167,"date":"2023-11-21T15:05:31","date_gmt":"2023-11-21T15:05:31","guid":{"rendered":"https:\/\/www.iceagetv.com\/radiosite\/?p=26167"},"modified":"2023-11-21T15:05:31","modified_gmt":"2023-11-21T15:05:31","slug":"crepol-le-ministre-de-linterieur-gerald-darmanin-annonce-7-interpellations-pres-de-toulouse-apres-lattaque-de-la-fete-de-village","status":"publish","type":"post","link":"https:\/\/www.iceagetv.com\/radiosite\/crepol-le-ministre-de-linterieur-gerald-darmanin-annonce-7-interpellations-pres-de-toulouse-apres-lattaque-de-la-fete-de-village\/","title":{"rendered":"\u00a0Cr\u00e9pol: Le ministre de l&rsquo;Int\u00e9rieur G\u00e9rald Darmanin annonce 7 interpellations pr\u00e8s de Toulouse apr\u00e8s l&rsquo;attaque de la f\u00eate de village"},"content":{"rendered":"\n<p>7 personnes ont \u00e9t\u00e9 interpell\u00e9es\u00bb dans l&rsquo;enqu\u00eate sur la mort de Thomas, un adolescent de 16 ans poignard\u00e9 samedi \u00e0 Cr\u00e9pol (Dr\u00f4me), a annonc\u00e9 \u00e0 l&rsquo;Assembl\u00e9e Nationale le ministre de l&rsquo;Int\u00e9rieur G\u00e9rald Darmanin ce mardi.&nbsp;Selon les informations de France T\u00e9l\u00e9visions, une cinquantaine de militaires du GIGN ont \u00e9t\u00e9 mobilis\u00e9s pour ces interpellations.<\/p>\n\n\n\n<p>Et d&rsquo;ajouter:&nbsp;\u00ab\u00a0J&rsquo;esp\u00e8re que [ces personnes] seront condamn\u00e9es, apr\u00e8s une enqu\u00eate bien \u00e9videmment, aux plus dures peines par notre justice\u00a0\u00bb.<\/p>\n\n\n\n<p>G\u00e9rald Darmanin r\u00e9pondait alors \u00e0&nbsp;Lisette Pollet, d\u00e9put\u00e9e du RN, qui a d\u00e9clar\u00e9:&nbsp;\u00ab\u00a0Notre pays est une nouvelle fois en deuil. Notre ruralit\u00e9 n&rsquo;est plus \u00e9pargn\u00e9e par cette sauvagerie\u00a0\u00bb. Avant de&nbsp;parler&nbsp;\u00ab\u00a0d&rsquo;ensauvagement de la soci\u00e9t\u00e9\u00a0\u00bb&nbsp;et de&nbsp;\u00ab\u00a0d\u00e9civilisation\u00a0\u00bb.<\/p>\n\n\n\n<p>Rappelons que la rixe a \u00e9clat\u00e9 samedi soir dans le village de Cr\u00e9pol, apr\u00e8s l\u2019irruption d\u2019une dizaine de trouble-f\u00eates qui ont tent\u00e9 au milieu de la nuit de p\u00e9n\u00e9trer dans la salle des f\u00eates o\u00f9 quelques 400 personnes assistaient sur invitation \u00e0 un \u00ab&nbsp;bal d\u2019hiver&nbsp;\u00bb. Le groupe ind\u00e9sirable a \u00e9t\u00e9 bloqu\u00e9 par un des quatre vigiles qui a \u00e9t\u00e9 bless\u00e9 \u00e0 la main avec une arme blanche, selon le communiqu\u00e9 du parquet.<\/p>\n\n\n\n<p>Certains des invit\u00e9s sont sortis pour lui pr\u00eater main forte, s\u2019est ensuivie la rixe qui s\u2019est poursuivie \u00e0 l\u2019ext\u00e9rieur du b\u00e2timent, selon le parquet de Valence. Mortellement bless\u00e9 par un coup de couteau pendant la bagarre, le jeune Thomas a rendu son dernier souffle alors que les secours l\u2019emmenaient \u00e0 l\u2019h\u00f4pital \u00e0 Lyon. Outre ce d\u00e9c\u00e8s, la rixe a fait huit bless\u00e9s dont deux jeunes de 23 et 28 ans hospitalis\u00e9s dans un \u00e9tat d\u2019urgence absolue. Le plus \u00e2g\u00e9 des deux a re\u00e7u plusieurs coups de couteau dans le dos et au thorax, selon le parquet.<\/p>\n\n\n\n<p>En outre, plus d\u2019une dizaine d\u2019autres personnes ont \u00ab&nbsp;re\u00e7u des coups&nbsp;\u00bb \u00e0 la \u00ab&nbsp;fuite&nbsp;\u00bb des agresseurs, selon la m\u00eame source.<\/p>\n\n\n\n<p>La venue du groupe hostile \u00e9tait \u00ab&nbsp;peut-\u00eatre li\u00e9e \u00e0 un compte \u00e0 r\u00e9gler avec quelqu\u2019un&nbsp;\u00bb pr\u00e9sent \u00e0 la soir\u00e9e, avait par ailleurs estim\u00e9 le procureur un peu plus t\u00f4t dans la journ\u00e9e de lundi. A Cr\u00e9pol, \u00ab&nbsp;tout le monde est en \u00e9tat de choc&nbsp;\u00bb, selon Jocelyne Carceles, une habitante de la r\u00e9gion rencontr\u00e9e lundi devant la salle des f\u00eates du village, d\u00e9sormais plac\u00e9e sous scell\u00e9s.<\/p>\n\n\n\n<p>Lundi apr\u00e8s-midi, le lyc\u00e9e du Dauphin\u00e9 de Romans-sur-Is\u00e8re (Dr\u00f4me) a marqu\u00e9 une minute de silence en hommage au jeune Thomas, un de ses 1.300 \u00e9l\u00e8ves.<\/p>\n","protected":false},"excerpt":{"rendered":"<p>7 personnes ont \u00e9t\u00e9 interpell\u00e9es\u00bb dans l&rsquo;enqu\u00eate sur la mort de Thomas, un adolescent de 16 ans poignard\u00e9 samedi \u00e0 Cr\u00e9pol (Dr\u00f4me), a annonc\u00e9 \u00e0 l&rsquo;Assembl\u00e9e Nationale le ministre de l&rsquo;Int\u00e9rieur G\u00e9rald Darmanin ce mardi.&nbsp;Selon les informations de France T\u00e9l\u00e9visions, une cinquantaine de militaires du GIGN ont \u00e9t\u00e9 mobilis\u00e9s pour ces interpellations. Et d&rsquo;ajouter:&nbsp;\u00ab\u00a0J&rsquo;esp\u00e8re que [&hellip;]<\/p>\n","protected":false},"author":2,"featured_media":26168,"comment_status":"open","ping_status":"open","sticky":false,"template":"","format":"standard","meta":{"_jetpack_memberships_contains_paid_content":false,"footnotes":"","jetpack_publicize_message":"","jetpack_publicize_feature_enabled":true,"jetpack_social_post_already_shared":true,"jetpack_social_options":{"image_generator_settings":{"template":"highway","default_image_id":0,"font":"","enabled":false},"version":2},"_wpas_customize_per_network":false},"categories":[405],"tags":[],"class_list":["post-26167","post","type-post","status-publish","format-standard","has-post-thumbnail","hentry","category-actu-france-monde"],"jetpack_publicize_connections":[],"jetpack_featured_media_url":"https:\/\/i0.wp.com\/www.iceagetv.com\/radiosite\/wp-content\/uploads\/2023\/11\/Crepol.jpg?fit=679%2C293&ssl=1","jetpack_sharing_enabled":true,"_links":{"self":[{"href":"https:\/\/www.iceagetv.com\/radiosite\/wp-json\/wp\/v2\/posts\/26167","targetHints":{"allow":["GET"]}}],"collection":[{"href":"https:\/\/www.iceagetv.com\/radiosite\/wp-json\/wp\/v2\/posts"}],"about":[{"href":"https:\/\/www.iceagetv.com\/radiosite\/wp-json\/wp\/v2\/types\/post"}],"author":[{"embeddable":true,"href":"https:\/\/www.iceagetv.com\/radiosite\/wp-json\/wp\/v2\/users\/2"}],"replies":[{"embeddable":true,"href":"https:\/\/www.iceagetv.com\/radiosite\/wp-json\/wp\/v2\/comments?post=26167"}],"version-history":[{"count":1,"href":"https:\/\/www.iceagetv.com\/radiosite\/wp-json\/wp\/v2\/posts\/26167\/revisions"}],"predecessor-version":[{"id":26169,"href":"https:\/\/www.iceagetv.com\/radiosite\/wp-json\/wp\/v2\/posts\/26167\/revisions\/26169"}],"wp:featuredmedia":[{"embeddable":true,"href":"https:\/\/www.iceagetv.com\/radiosite\/wp-json\/wp\/v2\/media\/26168"}],"wp:attachment":[{"href":"https:\/\/www.iceagetv.com\/radiosite\/wp-json\/wp\/v2\/media?parent=26167"}],"wp:term":[{"taxonomy":"category","embeddable":true,"href":"https:\/\/www.iceagetv.com\/radiosite\/wp-json\/wp\/v2\/categories?post=26167"},{"taxonomy":"post_tag","embeddable":true,"href":"https:\/\/www.iceagetv.com\/radiosite\/wp-json\/wp\/v2\/tags?post=26167"}],"curies":[{"name":"wp","href":"https:\/\/api.w.org\/{rel}","templated":true}]}}