{"id":26174,"date":"2023-11-21T17:15:09","date_gmt":"2023-11-21T17:15:09","guid":{"rendered":"https:\/\/www.iceagetv.com\/radiosite\/?p=26174"},"modified":"2023-11-21T17:15:09","modified_gmt":"2023-11-21T17:15:09","slug":"cedric-jubillar-est-renvoye-aux-assises-pour-le-meurtre-de-sa-femme-delphine-portee-disparue-depuis-le-16-decembre-2020-annonce-le-parquet-general","status":"publish","type":"post","link":"https:\/\/www.iceagetv.com\/radiosite\/cedric-jubillar-est-renvoye-aux-assises-pour-le-meurtre-de-sa-femme-delphine-portee-disparue-depuis-le-16-decembre-2020-annonce-le-parquet-general\/","title":{"rendered":"C\u00e9dric Jubillar est renvoy\u00e9 aux assises pour le meurtre de sa femme Delphine, port\u00e9e disparue depuis le 16 d\u00e9cembre 2020, annonce le parquet g\u00e9n\u00e9ral"},"content":{"rendered":"\n<p>C\u00e9dric Jubillar est renvoy\u00e9 devant les assises pour le meurtre de son \u00e9pouse Delphine, port\u00e9e disparue depuis le 16 d\u00e9cembre 2020, annonce le parquet g\u00e9n\u00e9ral.&nbsp;\u00ab\u00a0L&rsquo;ordonnance de mise en accusation a \u00e9t\u00e9 rendue. Il est impossible \u00e0 ce jour d&rsquo;indiquer \u00e0 quelle la date cette affaire sera fix\u00e9e. Il faut attendre de savoir si cette ordonnance sera frapp\u00e9e d&rsquo;appel\u00a0\u00bb, a d\u00e9clar\u00e9 \u00e0 l&rsquo;AFP le procureur g\u00e9n\u00e9ral de la cour d&rsquo;appel de Toulouse, Franck Rastoul.<\/p>\n\n\n\n<p>La disparition de Delphine Jubillar, infirmi\u00e8re et m\u00e8re de deux enfants, dans le Tarn fin 2020 avait suscit\u00e9 un grand \u00e9moi et le parquet de Toulouse avait requis le renvoi de son mari C\u00e9dric devant une cour d&rsquo;assises, pour qu&rsquo;il soit jug\u00e9.<\/p>\n\n\n\n<p>Dans le r\u00e9quisitoire d\u00e9finitif, dont l&rsquo;AFP s&rsquo;\u00e9tait procur\u00e9 une copie, le parquet de Toulouse avait relev\u00e9 des \u00ab\u00a0charges suffisantes \u00e0 l&rsquo;encontre de C\u00e9dric Jubillar d&rsquo;avoir commis le meurtre de son \u00e9pouse. En cons\u00e9quence, il avait \u00e9t\u00e9 requis la mise en accusation de C\u00e9dric Jubillar devant la cours d&rsquo;assises du Tarn\u00a0\u00bb.<\/p>\n\n\n\n<p>Dans cette affaire sans corps, ni aveux, ni t\u00e9moin, ni sc\u00e8ne de crime, le peintre en b\u00e2timent, aujourd&rsquo;hui \u00e2g\u00e9 de 36 ans, nie toute responsabilit\u00e9.<\/p>\n\n\n\n<p>Le couple \u00e9tait en instance de s\u00e9paration, le mari \u00ab\u00a0espionnait de fa\u00e7on pouss\u00e9e\u00a0\u00bb le t\u00e9l\u00e9phone de Delphine Jubillar et \u00ab\u00a0il est \u00e9tabli qu&rsquo;il n&rsquo;a pas accept\u00e9 la d\u00e9cision de divorce prise par son \u00e9pouse\u00a0\u00bb, peut-on lire dans le r\u00e9quisitoire.<\/p>\n\n\n\n<p>Il venait \u00e9galement de d\u00e9couvrir qu&rsquo;elle avait un amant, avec lequel cette infirmi\u00e8re d&rsquo;une clinique d&rsquo;Albi, alors \u00e2g\u00e9e de 33 ans, envisageait de refaire sa vie.<\/p>\n\n\n\n<p>Avocat de la partie civile, Philippe Pressecq avait salu\u00e9 \u00ab\u00a0un r\u00e9quisitoire d&rsquo;une grande qualit\u00e9 et une d\u00e9monstration sans asp\u00e9rit\u00e9 aucune de la culpabilit\u00e9 de C\u00e9dric Jubillar\u00a0\u00bb.<\/p>\n\n\n\n<p>\u00ab\u00a0Je pense que l&rsquo;ordonnance de mise en accusation devrait \u00eatre rendue dans le mois\u00a0\u00bb, avait-il.<\/p>\n\n\n\n<p>A l&rsquo;inverse, Jean-Baptiste Alary, l&rsquo;un des trois avocats de C\u00e9dric Jubillar, y voyait une accusation infond\u00e9e. \u00ab\u00a0Dans ce dossier, on n&rsquo;a rien de s\u00e9rieux, ou de compromettant pour C\u00e9dric Jubillar\u00a0\u00bb, avait-il d\u00e9nonc\u00e9.<\/p>\n\n\n\n<p>Le r\u00e9quisitoire d\u00e9finitif, \u00ab\u00a0ce n&rsquo;est une surprise pour personne, le dossier a \u00e9t\u00e9 men\u00e9 \u00e0 charge depuis le premier jour. La justice s&rsquo;ent\u00eate\u00a0\u00bb, avait d\u00e9plor\u00e9 encore l&rsquo;avocat.<\/p>\n\n\n\n<p>Pour les gendarmes de la section de recherche de Toulouse, C\u00e9dric Jubillar a un \u00ab\u00a0comportement suspect\u00a0\u00bb aussit\u00f4t apr\u00e8s la disparition. Ils d\u00e9couvrent des incoh\u00e9rences dans ses d\u00e9clarations, en contradiction avec des \u00e9l\u00e9ments de l&rsquo;enqu\u00eate.<\/p>\n\n\n\n<p>Les enqu\u00eateurs s&rsquo;\u00e9tonnent que C\u00e9dric Jubillar ait signal\u00e9 la disparition de sa femme 17 minutes seulement apr\u00e8s l&rsquo;heure de r\u00e9veil qu&rsquo;il d\u00e9clare, sans vraiment la chercher, selon le faible nombre de pas enregistr\u00e9 par le podom\u00e8tre de son t\u00e9l\u00e9phone.<\/p>\n\n\n\n<p>Le fils a\u00een\u00e9 du couple, alors \u00e2g\u00e9 de 6 ans, d\u00e9crit une dispute et une altercation de ses parents, \u00ab\u00a0entre le canap\u00e9 et le sapin de No\u00ebl\u00a0\u00bb, le soir de la disparition. Des \u00ab\u00a0cris de femme apeur\u00e9e\u00a0\u00bb sont \u00e9galement entendus par des voisines.<\/p>\n\n\n\n<p>Un d\u00e9tenu de la maison d&rsquo;arr\u00eat de Seysses, o\u00f9 C\u00e9dric Jubillar est d\u00e9tenu depuis sa mise en examen le 18 juin 2021, dit l&rsquo;avoir entendu dire: \u00ab\u00a0J&rsquo;ai commis le meurtre parfait, \u00e7a fait huit mois que je les balade\u00a0\u00bb.<\/p>\n\n\n\n<p>Avant la disparition, il avait dit devant des membres de sa famille: \u00ab\u00a0je vais la tuer, je vais l&rsquo;enterrer et personne ne la retrouvera&#8230; Si Delphine me quitte un jour (&#8230;)\u00a0\u00bb, toujours selon le r\u00e9quisitoire d\u00e9finitif, dat\u00e9 du 3 novembre.<\/p>\n\n\n\n<p>Pour retrouver le corps de la disparue, des moyens in\u00e9dits ont \u00e9t\u00e9 d\u00e9ploy\u00e9s, en vain, dans un large p\u00e9rim\u00e8tre autour de Cagnac-les-Mines, ancien village minier. Des plongeurs ont sond\u00e9 lacs et rivi\u00e8res, des cavit\u00e9s rocheuses ont \u00e9t\u00e9 explor\u00e9es, des unit\u00e9s sp\u00e9cialis\u00e9es de l&rsquo;arm\u00e9e ont m\u00eame \u00e9t\u00e9 mobilis\u00e9es.<\/p>\n","protected":false},"excerpt":{"rendered":"<p>C\u00e9dric Jubillar est renvoy\u00e9 devant les assises pour le meurtre de son \u00e9pouse Delphine, port\u00e9e disparue depuis le 16 d\u00e9cembre 2020, annonce le parquet g\u00e9n\u00e9ral.&nbsp;\u00ab\u00a0L&rsquo;ordonnance de mise en accusation a \u00e9t\u00e9 rendue. Il est impossible \u00e0 ce jour d&rsquo;indiquer \u00e0 quelle la date cette affaire sera fix\u00e9e. Il faut attendre de savoir si cette ordonnance [&hellip;]<\/p>\n","protected":false},"author":2,"featured_media":26175,"comment_status":"open","ping_status":"open","sticky":false,"template":"","format":"standard","meta":{"_jetpack_memberships_contains_paid_content":false,"footnotes":"","jetpack_publicize_message":"","jetpack_publicize_feature_enabled":true,"jetpack_social_post_already_shared":true,"jetpack_social_options":{"image_generator_settings":{"template":"highway","default_image_id":0,"font":"","enabled":false},"version":2},"_wpas_customize_per_network":false},"categories":[405],"tags":[],"class_list":["post-26174","post","type-post","status-publish","format-standard","has-post-thumbnail","hentry","category-actu-france-monde"],"jetpack_publicize_connections":[],"jetpack_featured_media_url":"https:\/\/i0.wp.com\/www.iceagetv.com\/radiosite\/wp-content\/uploads\/2023\/11\/Cedric-Jubillar-est-renvoye-aux-assises.jpg?fit=679%2C293&ssl=1","jetpack_sharing_enabled":true,"_links":{"self":[{"href":"https:\/\/www.iceagetv.com\/radiosite\/wp-json\/wp\/v2\/posts\/26174","targetHints":{"allow":["GET"]}}],"collection":[{"href":"https:\/\/www.iceagetv.com\/radiosite\/wp-json\/wp\/v2\/posts"}],"about":[{"href":"https:\/\/www.iceagetv.com\/radiosite\/wp-json\/wp\/v2\/types\/post"}],"author":[{"embeddable":true,"href":"https:\/\/www.iceagetv.com\/radiosite\/wp-json\/wp\/v2\/users\/2"}],"replies":[{"embeddable":true,"href":"https:\/\/www.iceagetv.com\/radiosite\/wp-json\/wp\/v2\/comments?post=26174"}],"version-history":[{"count":1,"href":"https:\/\/www.iceagetv.com\/radiosite\/wp-json\/wp\/v2\/posts\/26174\/revisions"}],"predecessor-version":[{"id":26176,"href":"https:\/\/www.iceagetv.com\/radiosite\/wp-json\/wp\/v2\/posts\/26174\/revisions\/26176"}],"wp:featuredmedia":[{"embeddable":true,"href":"https:\/\/www.iceagetv.com\/radiosite\/wp-json\/wp\/v2\/media\/26175"}],"wp:attachment":[{"href":"https:\/\/www.iceagetv.com\/radiosite\/wp-json\/wp\/v2\/media?parent=26174"}],"wp:term":[{"taxonomy":"category","embeddable":true,"href":"https:\/\/www.iceagetv.com\/radiosite\/wp-json\/wp\/v2\/categories?post=26174"},{"taxonomy":"post_tag","embeddable":true,"href":"https:\/\/www.iceagetv.com\/radiosite\/wp-json\/wp\/v2\/tags?post=26174"}],"curies":[{"name":"wp","href":"https:\/\/api.w.org\/{rel}","templated":true}]}}