{"id":26193,"date":"2023-11-22T16:15:11","date_gmt":"2023-11-22T16:15:11","guid":{"rendered":"https:\/\/www.iceagetv.com\/radiosite\/?p=26193"},"modified":"2023-11-22T16:15:11","modified_gmt":"2023-11-22T16:15:11","slug":"adolescent-tue-a-crepol-un-lacher-de-ballons-et-de-longs-applaudissements-en-hommage-a-thomas","status":"publish","type":"post","link":"https:\/\/www.iceagetv.com\/radiosite\/adolescent-tue-a-crepol-un-lacher-de-ballons-et-de-longs-applaudissements-en-hommage-a-thomas\/","title":{"rendered":"ADOLESCENT TU\u00c9 \u00c0 CR\u00c9POL: UN L\u00c2CHER DE BALLONS ET DE LONGS APPLAUDISSEMENTS EN HOMMAGE \u00c0 THOMAS"},"content":{"rendered":"\n<p>Une foule compacte s&rsquo;est mass\u00e9e dans le stade Albert-Donnadieu de Romans-sur-Is\u00e8re pour dire adieu \u00e0 Thomas, 16 ans, tu\u00e9 lors d&rsquo;un bal \u00e0 Cr\u00e9pol dans la Dr\u00f4me.<\/p>\n\n\n\n<p>La&nbsp;<a href=\"https:\/\/www.bfmtv.com\/police-justice\/direct-adolescent-tue-a-crepol-une-marche-blanche-apolitique-organisee-ce-mercredi_LN-202311220518.html\">marche blanche<\/a>&nbsp;en hommage au jeune Thomas,&nbsp;<a href=\"https:\/\/www.bfmtv.com\/police-justice\/adolescent-tue-dans-la-drome-ce-que-l-on-sait-sur-les-neuf-interpellations-dont-celle-du-principal-suspect_AV-202311210978.html\">tu\u00e9 lors d&rsquo;un bal \u00e0 Cr\u00e9pol<\/a>, s&rsquo;est achev\u00e9e ce mercredi 22 novembre au stade Albert-Donnadieu de Romans-sur-Is\u00e8re, o\u00f9 l&rsquo;adolescent jouait au rugby avec son club du RC Romans-P\u00e9age.<\/p>\n\n\n\n<p>\u00ab\u00a0Votre pr\u00e9sence en nombre t\u00e9moigne de l&rsquo;attachement extraordinaire que procurait Thomas quand on croisait son chemin\u00a0\u00bb, a salu\u00e9 dans le stade un repr\u00e9sentant des organisateurs de la marche qui s&rsquo;est termin\u00e9e par un l\u00e2cher de ballons accompagn\u00e9 d&rsquo;une minute d&rsquo;applaudissement, suivi d&rsquo;un temps de recueillement.<\/p>\n\n\n\n<h2 class=\"wp-block-heading\">Foule compacte<\/h2>\n\n\n\n<p>Selon la gendarmerie, quelque 6.000 personnes \u00e9taient pr\u00e9sentes pour rendre un dernier hommage au jeune Thomas, mort \u00e0 l&rsquo;\u00e2ge de 16 ans.<\/p>\n\n\n\n<p>\u00ab\u00a0On ne t&rsquo;oublie pas\u00a0\u00bb, \u00ab\u00a0on t&rsquo;aime\u00a0\u00bb, \u00ab\u00a0\u00e0 jamais dans nos c\u0153urs\u00a0\u00bb, pouvait-on lire sur les banderoles brandies au cours de cette\u00a0<a href=\"https:\/\/www.bfmtv.com\/police-justice\/adolescent-tue-a-crepol-une-marche-blanche-apolitique-organisee-ce-mercredi-a-romans-sur-isere_AV-202311220133.html\">marche silencieuse<\/a>\u00a0d&rsquo;1,5 kilom\u00e8tre qui s&rsquo;est \u00e9lanc\u00e9e du lyc\u00e9e du Dauphin\u00e9 de Romans-Sur-Is\u00e8re.<\/p>\n\n\n\n<p>En t\u00eate de cort\u00e8ge, une quinzaine de jeunes du RC Romans-P\u00e9age ont march\u00e9 avec les maillots bleus du club barr\u00e9 d&rsquo;un \u00ab\u00a0Thomas repose en paix\u00a0\u00bb, en m\u00e9moire de celui qui \u00e9tait leur capitaine. Les sportifs ont form\u00e9 une haie d&rsquo;honneur \u00e0 l&rsquo;arriv\u00e9e du cort\u00e8ge dans le stade, environ trente minutes plus tard.<\/p>\n\n\n\n<h2 class=\"wp-block-heading\">Rassemblement \u00ab\u00a0apolitique\u00a0\u00bb<\/h2>\n\n\n\n<p>Alors que l&rsquo;extr\u00eame droite et une partie de la droite se sont empar\u00e9es du drame en associant ins\u00e9curit\u00e9 et immigration, les organisateurs de la marche ont appel\u00e9 sur Facebook \u00e0 un rassemblement \u00ab\u00a0apolitique par respect pour la famille\u00a0\u00bb.<br><br>La m\u00e8re de l&rsquo;adolescent qui se pr\u00e9parait \u00e0 f\u00eater ses 17 ans d\u00e9but d\u00e9cembre souhaitait \u00ab\u00a0un bel hommage\u00a0\u00bb, avec beaucoup de monde et \u00ab\u00a0dans le calme\u00a0\u00bb, comme elle l&rsquo;a confi\u00e9 \u00e0 l&rsquo;hebdomadaire&nbsp;<a href=\"https:\/\/www.parismatch.com\/actu\/faits-divers\/attaque-de-crepol-ils-mont-enleve-mon-thomas-temoigne-sa-mere-231870\" target=\"_blank\" rel=\"noreferrer noopener\">Paris Match<\/a>.<\/p>\n\n\n\n<p>Depuis cet \u00e9t\u00e9, il avait \u00e9t\u00e9 \u00ab\u00a0autoris\u00e9 \u00e0 aller dans quelques bals de village\u00a0\u00bb, a expliqu\u00e9 sa m\u00e8re. \u00ab\u00a0Pour celui de Cr\u00e9pol, il avait h\u00e2te. C&rsquo;est juste \u00e0 c\u00f4t\u00e9 de chez nous\u00a0\u00bb, a-t-elle dit, soulignant qu&rsquo;il \u00ab\u00a0devait conna\u00eetre 80% des jeunes\u00a0\u00bb pr\u00e9sents.<br><br>Un de ses fr\u00e8res, \u00e2g\u00e9 de 23 ans, l&rsquo;a accompagn\u00e9 \u00e0 la soir\u00e9e, c&rsquo;est lui qui a pr\u00e9venu ses parents alors que les secours l&rsquo;\u00e9vacuaient vers l&rsquo;h\u00f4pital de Lyon. Thomas est d\u00e9c\u00e9d\u00e9 lors du transport. Ses obs\u00e8ques auront lieu vendredi prochain \u00e0 Saint-Donat-sur-l\u2019Herbasse, un village de la Dr\u00f4me situ\u00e9 \u00e0 quelques kilom\u00e8tres de Cr\u00e9pol.<\/p>\n","protected":false},"excerpt":{"rendered":"<p>Une foule compacte s&rsquo;est mass\u00e9e dans le stade Albert-Donnadieu de Romans-sur-Is\u00e8re pour dire adieu \u00e0 Thomas, 16 ans, tu\u00e9 lors d&rsquo;un bal \u00e0 Cr\u00e9pol dans la Dr\u00f4me. La&nbsp;marche blanche&nbsp;en hommage au jeune Thomas,&nbsp;tu\u00e9 lors d&rsquo;un bal \u00e0 Cr\u00e9pol, s&rsquo;est achev\u00e9e ce mercredi 22 novembre au stade Albert-Donnadieu de Romans-sur-Is\u00e8re, o\u00f9 l&rsquo;adolescent jouait au rugby avec [&hellip;]<\/p>\n","protected":false},"author":2,"featured_media":26194,"comment_status":"open","ping_status":"open","sticky":false,"template":"","format":"standard","meta":{"_jetpack_memberships_contains_paid_content":false,"footnotes":"","jetpack_publicize_message":"","jetpack_publicize_feature_enabled":true,"jetpack_social_post_already_shared":true,"jetpack_social_options":{"image_generator_settings":{"template":"highway","default_image_id":0,"font":"","enabled":false},"version":2},"_wpas_customize_per_network":false},"categories":[405],"tags":[],"class_list":["post-26193","post","type-post","status-publish","format-standard","has-post-thumbnail","hentry","category-actu-france-monde"],"jetpack_publicize_connections":[],"jetpack_featured_media_url":"https:\/\/i0.wp.com\/www.iceagetv.com\/radiosite\/wp-content\/uploads\/2023\/11\/UN-LACHER-DE-BALLONS-ET-DE-LONGS-APPLAUDISSEMENTS-EN-HOMMAGE-A-THOMAS.jpg?fit=385%2C217&ssl=1","jetpack_sharing_enabled":true,"_links":{"self":[{"href":"https:\/\/www.iceagetv.com\/radiosite\/wp-json\/wp\/v2\/posts\/26193","targetHints":{"allow":["GET"]}}],"collection":[{"href":"https:\/\/www.iceagetv.com\/radiosite\/wp-json\/wp\/v2\/posts"}],"about":[{"href":"https:\/\/www.iceagetv.com\/radiosite\/wp-json\/wp\/v2\/types\/post"}],"author":[{"embeddable":true,"href":"https:\/\/www.iceagetv.com\/radiosite\/wp-json\/wp\/v2\/users\/2"}],"replies":[{"embeddable":true,"href":"https:\/\/www.iceagetv.com\/radiosite\/wp-json\/wp\/v2\/comments?post=26193"}],"version-history":[{"count":1,"href":"https:\/\/www.iceagetv.com\/radiosite\/wp-json\/wp\/v2\/posts\/26193\/revisions"}],"predecessor-version":[{"id":26195,"href":"https:\/\/www.iceagetv.com\/radiosite\/wp-json\/wp\/v2\/posts\/26193\/revisions\/26195"}],"wp:featuredmedia":[{"embeddable":true,"href":"https:\/\/www.iceagetv.com\/radiosite\/wp-json\/wp\/v2\/media\/26194"}],"wp:attachment":[{"href":"https:\/\/www.iceagetv.com\/radiosite\/wp-json\/wp\/v2\/media?parent=26193"}],"wp:term":[{"taxonomy":"category","embeddable":true,"href":"https:\/\/www.iceagetv.com\/radiosite\/wp-json\/wp\/v2\/categories?post=26193"},{"taxonomy":"post_tag","embeddable":true,"href":"https:\/\/www.iceagetv.com\/radiosite\/wp-json\/wp\/v2\/tags?post=26193"}],"curies":[{"name":"wp","href":"https:\/\/api.w.org\/{rel}","templated":true}]}}