{"id":26202,"date":"2023-11-23T12:38:47","date_gmt":"2023-11-23T12:38:47","guid":{"rendered":"https:\/\/www.iceagetv.com\/radiosite\/?p=26202"},"modified":"2023-11-23T12:38:47","modified_gmt":"2023-11-23T12:38:47","slug":"belgique-trois-complices-presumes-de-lauteur-de-lattentat-du-16-octobre-dernier-a-bruxelles-ont-ete-arretes-et-ecroues-apres-leur-inculpation-indique-le-parquet-federal","status":"publish","type":"post","link":"https:\/\/www.iceagetv.com\/radiosite\/belgique-trois-complices-presumes-de-lauteur-de-lattentat-du-16-octobre-dernier-a-bruxelles-ont-ete-arretes-et-ecroues-apres-leur-inculpation-indique-le-parquet-federal\/","title":{"rendered":"Belgique: Trois complices pr\u00e9sum\u00e9s de l\u2019auteur de l\u2019attentat du 16 octobre dernier \u00e0 Bruxelles ont \u00e9t\u00e9 arr\u00eat\u00e9s et \u00e9crou\u00e9s apr\u00e8s leur inculpation, indique le parquet f\u00e9d\u00e9ral"},"content":{"rendered":"\n<p>Trois complices pr\u00e9sum\u00e9s de l\u2019auteur de l\u2019attentat du 16 octobre \u00e0 Bruxelles ont \u00e9t\u00e9 arr\u00eat\u00e9s en Belgique, et \u00e9crou\u00e9s apr\u00e8s leur inculpation, a indiqu\u00e9 mercredi soir le parquet f\u00e9d\u00e9ral. Il y a d\u00e9sormais quatre suspects emprisonn\u00e9s, dans le cadre de l\u2019enqu\u00eate ouverte \u00e0 Bruxelles apr\u00e8s cette attaque qui a co\u00fbt\u00e9 la vie \u00e0 deux supporters de football su\u00e9dois, un soir de match Belgique-Su\u00e8de.<\/p>\n\n\n\n<p>D\u2019autres arrestations ont eu lieu en France et en Espagne, dans des enqu\u00eates men\u00e9es parall\u00e8lement dans ces pays. L\u2019assaillant, Abdesalem Lassoued, un Tunisien de 45 ans radicalis\u00e9 qui \u00e9tait en s\u00e9jour ill\u00e9gal en Belgique, a \u00e9t\u00e9 abattu par la police belge le lendemain de l\u2019attaque, le 17 octobre au matin, dans la commune bruxelloise de Schaerbeek.<\/p>\n\n\n\n<p>L\u2019enqu\u00eate belge se concentre notamment sur l\u2019origine de l\u2019arme de guerre qu\u2019il a utilis\u00e9e, un fusil \u00ab&nbsp;de type AR-15&nbsp;\u00bb. Les trois nouveaux suspects ont \u00e9t\u00e9 arr\u00eat\u00e9s lundi dans le cadre d\u2019une s\u00e9rie de perquisitions effectu\u00e9es \u00e0 Ninove, en Flandre, et dans les communes bruxelloises de Saint-Josse et Ixelles, a soulign\u00e9 le parquet f\u00e9d\u00e9ral.<\/p>\n\n\n\n<p>Deux d\u2019entre eux ont inculp\u00e9s pour \u00ab&nbsp;assassinat et tentative d\u2019assassinat dans un contexte terroriste&nbsp;\u00bb ainsi que pour \u00ab&nbsp;participation aux activit\u00e9s d\u2019un groupe terroriste&nbsp;\u00bb, le troisi\u00e8me pour \u00ab&nbsp;infractions \u00e0 la l\u00e9gislation sur les armes&nbsp;\u00bb. Aucune identit\u00e9 n\u2019a \u00e9t\u00e9 pr\u00e9cis\u00e9e. Le parquet f\u00e9d\u00e9ral n\u2019a pas non plus indiqu\u00e9 si parmi eux figuraient le ou les fournisseurs suppos\u00e9s des armes que poss\u00e9dait Lassoued. Plusieurs pistolets ont aussi \u00e9t\u00e9 retrouv\u00e9s apr\u00e8s l\u2019attaque.<\/p>\n\n\n\n<p>Fin octobre, lors de l\u2019arrestation du premier complice pr\u00e9sum\u00e9, pr\u00e9sent\u00e9 comme \u00ab&nbsp;Lamjed K., n\u00e9 le 17\/08\/1979, de nationalit\u00e9 tunisienne&nbsp;\u00bb, le parquet a fait \u00e9tat d\u2019\u00ab&nbsp;un lien potentiel avec l\u2019arme utilis\u00e9e lors de l\u2019attentat terroriste du 16 octobre 2023&nbsp;\u00bb.<\/p>\n\n\n\n<p>Ce soir-l\u00e0, Abdesalem Lassoued a fait feu en pleine rue sur trois supporters su\u00e9dois identifi\u00e9s avec les couleurs bleu et jaune de leur \u00e9quipe nationale. Deux d\u2019entre eux ont \u00e9t\u00e9 tu\u00e9s et le troisi\u00e8me gri\u00e8vement bless\u00e9.<\/p>\n\n\n\n<p>Dans une revendication en arabe, Lassoued aurait \u00e9voqu\u00e9 un lien entre son geste et les r\u00e9centes manifestations en Su\u00e8de au cours desquelles des exemplaires du Coran ont \u00e9t\u00e9 br\u00fbl\u00e9s. Ces profanations ont suscit\u00e9 l\u2019\u00e9moi dans le monde musulman.<\/p>\n\n\n\n<p>Le 17 octobre le groupe Etat islamique a revendiqu\u00e9 le double assassinat perp\u00e9tr\u00e9 par le Tunisien.<\/p>\n","protected":false},"excerpt":{"rendered":"<p>Trois complices pr\u00e9sum\u00e9s de l\u2019auteur de l\u2019attentat du 16 octobre \u00e0 Bruxelles ont \u00e9t\u00e9 arr\u00eat\u00e9s en Belgique, et \u00e9crou\u00e9s apr\u00e8s leur inculpation, a indiqu\u00e9 mercredi soir le parquet f\u00e9d\u00e9ral. Il y a d\u00e9sormais quatre suspects emprisonn\u00e9s, dans le cadre de l\u2019enqu\u00eate ouverte \u00e0 Bruxelles apr\u00e8s cette attaque qui a co\u00fbt\u00e9 la vie \u00e0 deux supporters [&hellip;]<\/p>\n","protected":false},"author":2,"featured_media":26203,"comment_status":"open","ping_status":"open","sticky":false,"template":"","format":"standard","meta":{"_jetpack_memberships_contains_paid_content":false,"footnotes":"","jetpack_publicize_message":"","jetpack_publicize_feature_enabled":true,"jetpack_social_post_already_shared":true,"jetpack_social_options":{"image_generator_settings":{"template":"highway","default_image_id":0,"font":"","enabled":false},"version":2},"_wpas_customize_per_network":false},"categories":[405],"tags":[],"class_list":["post-26202","post","type-post","status-publish","format-standard","has-post-thumbnail","hentry","category-actu-france-monde"],"jetpack_publicize_connections":[],"jetpack_featured_media_url":"https:\/\/i0.wp.com\/www.iceagetv.com\/radiosite\/wp-content\/uploads\/2023\/11\/Trois-complices-presumes-de-lauteur-de-lattentat-du-16-octobre-dernier-a-Bruxelles.jpg?fit=576%2C238&ssl=1","jetpack_sharing_enabled":true,"_links":{"self":[{"href":"https:\/\/www.iceagetv.com\/radiosite\/wp-json\/wp\/v2\/posts\/26202","targetHints":{"allow":["GET"]}}],"collection":[{"href":"https:\/\/www.iceagetv.com\/radiosite\/wp-json\/wp\/v2\/posts"}],"about":[{"href":"https:\/\/www.iceagetv.com\/radiosite\/wp-json\/wp\/v2\/types\/post"}],"author":[{"embeddable":true,"href":"https:\/\/www.iceagetv.com\/radiosite\/wp-json\/wp\/v2\/users\/2"}],"replies":[{"embeddable":true,"href":"https:\/\/www.iceagetv.com\/radiosite\/wp-json\/wp\/v2\/comments?post=26202"}],"version-history":[{"count":1,"href":"https:\/\/www.iceagetv.com\/radiosite\/wp-json\/wp\/v2\/posts\/26202\/revisions"}],"predecessor-version":[{"id":26204,"href":"https:\/\/www.iceagetv.com\/radiosite\/wp-json\/wp\/v2\/posts\/26202\/revisions\/26204"}],"wp:featuredmedia":[{"embeddable":true,"href":"https:\/\/www.iceagetv.com\/radiosite\/wp-json\/wp\/v2\/media\/26203"}],"wp:attachment":[{"href":"https:\/\/www.iceagetv.com\/radiosite\/wp-json\/wp\/v2\/media?parent=26202"}],"wp:term":[{"taxonomy":"category","embeddable":true,"href":"https:\/\/www.iceagetv.com\/radiosite\/wp-json\/wp\/v2\/categories?post=26202"},{"taxonomy":"post_tag","embeddable":true,"href":"https:\/\/www.iceagetv.com\/radiosite\/wp-json\/wp\/v2\/tags?post=26202"}],"curies":[{"name":"wp","href":"https:\/\/api.w.org\/{rel}","templated":true}]}}