{"id":26211,"date":"2023-11-24T12:17:56","date_gmt":"2023-11-24T12:17:56","guid":{"rendered":"https:\/\/www.iceagetv.com\/radiosite\/?p=26211"},"modified":"2023-11-24T12:17:56","modified_gmt":"2023-11-24T12:17:56","slug":"guerre-israel-hamas-le-joueur-de-logc-nice-youcef-atal-place-en-garde-a-vue-apres-avoir-partage-une-video-appelant-a-un-jour-noir-pour-les-juifs","status":"publish","type":"post","link":"https:\/\/www.iceagetv.com\/radiosite\/guerre-israel-hamas-le-joueur-de-logc-nice-youcef-atal-place-en-garde-a-vue-apres-avoir-partage-une-video-appelant-a-un-jour-noir-pour-les-juifs\/","title":{"rendered":"Guerre Isra\u00ebl\/Hamas: Le joueur de l&rsquo;OGC Nice Youcef Atal plac\u00e9 en garde \u00e0 vue apr\u00e8s avoir partag\u00e9 une vid\u00e9o appelant \u00e0 un \u00ab\u00a0jour noir pour les juifs\u00a0\u00bb"},"content":{"rendered":"\n<p>Le joueur de l&rsquo;OGC Nice Youcef Atal, vis\u00e9 par une enqu\u00eate pr\u00e9liminaire pour \u00ab\u00a0apologie du terrorisme\u00a0\u00bb apr\u00e8s une publication li\u00e9e au conflit entre Isra\u00ebl et le Hamas, a \u00e9t\u00e9 plac\u00e9 vendredi en garde \u00e0 vue, a-t-on appris aupr\u00e8s du procureur de Nice, confirmant une information du quotidien Nice-Matin.<\/p>\n\n\n\n<p>Le d\u00e9fenseur international alg\u00e9rien de 27 ans avait rapidement supprim\u00e9 sa publication et pr\u00e9sent\u00e9 des excuses mais le parquet, saisi par le pr\u00e9fet et le maire de Nice, avait ouvert une enqu\u00eate. Son club l&rsquo;avait suspendu jusqu&rsquo;\u00e0 nouvel ordre et la commission de discipline de la LFP lui avait pour sa part inflig\u00e9 sept matchs de suspension.<\/p>\n\n\n\n<p>En d\u00e9pit des excuses du joueur, l&rsquo;OGC Nice avait expliqu\u00e9 avoir fait le choix de \u00ab\u00a0prendre imm\u00e9diatement\u00a0\u00bb des sanctions, \u00ab\u00a0pr\u00e9alables\u00a0\u00bb \u00e0 celles que pourraient prendre les instances sportives ou judiciaires, \u00ab\u00a0compte tenu de la nature de la publication partag\u00e9e et de sa gravit\u00e9\u00a0\u00bb.<\/p>\n\n\n\n<p>Le procureur de Nice avait annonc\u00e9 le 16 octobre l&rsquo;ouverture d&rsquo;une enqu\u00eate pour \u00ab\u00a0apologie du terrorisme\u00a0\u00bb et \u00ab\u00a0provocation \u00e0 la haine ou \u00e0 la violence \u00e0 raison d&rsquo;une religion d\u00e9termin\u00e9e\u00a0\u00bb. Atal avait partag\u00e9 sur son compte Instagram une vid\u00e9o d&rsquo;un pr\u00e9dicateur. Cette publication ayant \u00e9t\u00e9 effac\u00e9e par le joueur, l&rsquo;AFP n&rsquo;a pas \u00e9t\u00e9 en mesure de v\u00e9rifier son contenu exact de mani\u00e8re ind\u00e9pendante.<\/p>\n\n\n\n<p>Sur une vid\u00e9o que le Conseil repr\u00e9sentatif des institutions juives de France (Crif) a conserv\u00e9e, le pr\u00e9dicateur s&rsquo;\u00e9meut du sort des civils \u00e0 Gaza et appelle \u00e0 \u00ab\u00a0un jour noir pour les juifs\u00a0\u00bb et \u00e0 ce qu&rsquo;ils ne puissent pas \u00ab\u00a0hisser leur drapeau \u00e0 Gaza\u00a0\u00bb.<\/p>\n","protected":false},"excerpt":{"rendered":"<p>Le joueur de l&rsquo;OGC Nice Youcef Atal, vis\u00e9 par une enqu\u00eate pr\u00e9liminaire pour \u00ab\u00a0apologie du terrorisme\u00a0\u00bb apr\u00e8s une publication li\u00e9e au conflit entre Isra\u00ebl et le Hamas, a \u00e9t\u00e9 plac\u00e9 vendredi en garde \u00e0 vue, a-t-on appris aupr\u00e8s du procureur de Nice, confirmant une information du quotidien Nice-Matin. Le d\u00e9fenseur international alg\u00e9rien de 27 ans [&hellip;]<\/p>\n","protected":false},"author":2,"featured_media":26212,"comment_status":"open","ping_status":"open","sticky":false,"template":"","format":"standard","meta":{"_jetpack_memberships_contains_paid_content":false,"footnotes":"","jetpack_publicize_message":"","jetpack_publicize_feature_enabled":true,"jetpack_social_post_already_shared":true,"jetpack_social_options":{"image_generator_settings":{"template":"highway","default_image_id":0,"font":"","enabled":false},"version":2},"_wpas_customize_per_network":false},"categories":[405],"tags":[],"class_list":["post-26211","post","type-post","status-publish","format-standard","has-post-thumbnail","hentry","category-actu-france-monde"],"jetpack_publicize_connections":[],"jetpack_featured_media_url":"https:\/\/i0.wp.com\/www.iceagetv.com\/radiosite\/wp-content\/uploads\/2023\/11\/Le-joueur-de-lOGC-Nice.jpg?fit=679%2C293&ssl=1","jetpack_sharing_enabled":true,"_links":{"self":[{"href":"https:\/\/www.iceagetv.com\/radiosite\/wp-json\/wp\/v2\/posts\/26211","targetHints":{"allow":["GET"]}}],"collection":[{"href":"https:\/\/www.iceagetv.com\/radiosite\/wp-json\/wp\/v2\/posts"}],"about":[{"href":"https:\/\/www.iceagetv.com\/radiosite\/wp-json\/wp\/v2\/types\/post"}],"author":[{"embeddable":true,"href":"https:\/\/www.iceagetv.com\/radiosite\/wp-json\/wp\/v2\/users\/2"}],"replies":[{"embeddable":true,"href":"https:\/\/www.iceagetv.com\/radiosite\/wp-json\/wp\/v2\/comments?post=26211"}],"version-history":[{"count":1,"href":"https:\/\/www.iceagetv.com\/radiosite\/wp-json\/wp\/v2\/posts\/26211\/revisions"}],"predecessor-version":[{"id":26213,"href":"https:\/\/www.iceagetv.com\/radiosite\/wp-json\/wp\/v2\/posts\/26211\/revisions\/26213"}],"wp:featuredmedia":[{"embeddable":true,"href":"https:\/\/www.iceagetv.com\/radiosite\/wp-json\/wp\/v2\/media\/26212"}],"wp:attachment":[{"href":"https:\/\/www.iceagetv.com\/radiosite\/wp-json\/wp\/v2\/media?parent=26211"}],"wp:term":[{"taxonomy":"category","embeddable":true,"href":"https:\/\/www.iceagetv.com\/radiosite\/wp-json\/wp\/v2\/categories?post=26211"},{"taxonomy":"post_tag","embeddable":true,"href":"https:\/\/www.iceagetv.com\/radiosite\/wp-json\/wp\/v2\/tags?post=26211"}],"curies":[{"name":"wp","href":"https:\/\/api.w.org\/{rel}","templated":true}]}}