{"id":26218,"date":"2023-11-25T08:23:33","date_gmt":"2023-11-25T08:23:33","guid":{"rendered":"https:\/\/www.iceagetv.com\/radiosite\/?p=26218"},"modified":"2023-11-25T08:23:33","modified_gmt":"2023-11-25T08:23:33","slug":"lancien-policier-de-minneapolis-derek-chauvin-condamne-pour-avoir-provoque-la-mort-de-george-floyd-en-mai-2020-a-ete-poignarde-cette-nuit-dans-une-prison-federale","status":"publish","type":"post","link":"https:\/\/www.iceagetv.com\/radiosite\/lancien-policier-de-minneapolis-derek-chauvin-condamne-pour-avoir-provoque-la-mort-de-george-floyd-en-mai-2020-a-ete-poignarde-cette-nuit-dans-une-prison-federale\/","title":{"rendered":"L&rsquo;ancien policier de Minneapolis, Derek Chauvin, condamn\u00e9 pour avoir provoqu\u00e9 la mort de George Floyd en mai 2020, a \u00e9t\u00e9 poignard\u00e9 cette nuit dans une prison f\u00e9d\u00e9rale"},"content":{"rendered":"\n<p>L&rsquo;ancien policier de Minneapolis, Derek Chauvin, condamn\u00e9 pour avoir provoqu\u00e9 la mort de George Floyd en mai 2020, a \u00e9t\u00e9 gri\u00e8vement bless\u00e9 apr\u00e8s avoir \u00e9t\u00e9 poignard\u00e9 cette nuit dans une prison f\u00e9d\u00e9rale. La mort de George Floyd avait provoqu\u00e9 un vaste mouvement de contestation contre les discriminations raciales et les violences polici\u00e8res.<\/p>\n\n\n\n<p>Le Bureau f\u00e9d\u00e9ral des prisons, charg\u00e9 de l&rsquo;administration des prisons f\u00e9d\u00e9rales aux Etats-Unis, a d\u00e9clar\u00e9 qu&rsquo;un prisonnier avait \u00e9t\u00e9 attaqu\u00e9 \u00e0 la prison f\u00e9d\u00e9rale de Tucson, dans l&rsquo;Arizona, sans toutefois confirmer qu&rsquo;il s&rsquo;agissait de Derek Chauvin.Les autorit\u00e9s p\u00e9nitentiaires f\u00e9d\u00e9rales am\u00e9ricaines ont transmis une d\u00e9claration \u00e0 l&rsquo;AFP confirmant une \u00ab\u00a0agression\u00a0\u00bb sans toutefois pr\u00e9ciser le nom de la victime.<\/p>\n\n\n\n<p>Des employ\u00e9s de la prison \u00ab\u00a0ont pris des mesures pour sauver la vie d&rsquo;une personne incarc\u00e9r\u00e9e\u00a0\u00bb et les services m\u00e9dicaux d&rsquo;urgence \u00ab\u00a0ont \u00e9t\u00e9 sollicit\u00e9s\u00a0\u00bb, ont-elles d\u00e9clar\u00e9. Le d\u00e9tenu a \u00e9t\u00e9 transport\u00e9 \u00ab\u00a0vers un h\u00f4pital local pour y \u00eatre soign\u00e9 et examin\u00e9\u00a0\u00bb, ont-elles ajout\u00e9. A<\/p>\n\n\n\n<p>ppel rejet\u00e9 par la Cour supr\u00eame Le 25 mai 2020, le policier blanc, agent chevronn\u00e9 de la police de Minneapolis, \u00e9tait rest\u00e9 agenouill\u00e9 sur le cou du quadrag\u00e9naire noir pendant pr\u00e8s de dix minutes, indiff\u00e9rent aux interventions de passants choqu\u00e9s et aux r\u00e2les de George Floyd.<\/p>\n\n\n\n<p>Deux autres policiers avaient aid\u00e9 \u00e0 le maintenir au sol. La sc\u00e8ne, film\u00e9e et mise en ligne, avait d\u00e9clench\u00e9 d&rsquo;immenses manifestations contre le racisme et les violences polici\u00e8res dans tous les Etats-Unis et au-del\u00e0.<\/p>\n","protected":false},"excerpt":{"rendered":"<p>L&rsquo;ancien policier de Minneapolis, Derek Chauvin, condamn\u00e9 pour avoir provoqu\u00e9 la mort de George Floyd en mai 2020, a \u00e9t\u00e9 gri\u00e8vement bless\u00e9 apr\u00e8s avoir \u00e9t\u00e9 poignard\u00e9 cette nuit dans une prison f\u00e9d\u00e9rale. La mort de George Floyd avait provoqu\u00e9 un vaste mouvement de contestation contre les discriminations raciales et les violences polici\u00e8res. Le Bureau f\u00e9d\u00e9ral [&hellip;]<\/p>\n","protected":false},"author":2,"featured_media":26219,"comment_status":"open","ping_status":"open","sticky":false,"template":"","format":"standard","meta":{"_jetpack_memberships_contains_paid_content":false,"footnotes":"","jetpack_publicize_message":"","jetpack_publicize_feature_enabled":true,"jetpack_social_post_already_shared":true,"jetpack_social_options":{"image_generator_settings":{"template":"highway","default_image_id":0,"font":"","enabled":false},"version":2},"_wpas_customize_per_network":false},"categories":[405],"tags":[],"class_list":["post-26218","post","type-post","status-publish","format-standard","has-post-thumbnail","hentry","category-actu-france-monde"],"jetpack_publicize_connections":[],"jetpack_featured_media_url":"https:\/\/i0.wp.com\/www.iceagetv.com\/radiosite\/wp-content\/uploads\/2023\/11\/Derek-Chauvin.jpg?fit=679%2C293&ssl=1","jetpack_sharing_enabled":true,"_links":{"self":[{"href":"https:\/\/www.iceagetv.com\/radiosite\/wp-json\/wp\/v2\/posts\/26218","targetHints":{"allow":["GET"]}}],"collection":[{"href":"https:\/\/www.iceagetv.com\/radiosite\/wp-json\/wp\/v2\/posts"}],"about":[{"href":"https:\/\/www.iceagetv.com\/radiosite\/wp-json\/wp\/v2\/types\/post"}],"author":[{"embeddable":true,"href":"https:\/\/www.iceagetv.com\/radiosite\/wp-json\/wp\/v2\/users\/2"}],"replies":[{"embeddable":true,"href":"https:\/\/www.iceagetv.com\/radiosite\/wp-json\/wp\/v2\/comments?post=26218"}],"version-history":[{"count":1,"href":"https:\/\/www.iceagetv.com\/radiosite\/wp-json\/wp\/v2\/posts\/26218\/revisions"}],"predecessor-version":[{"id":26220,"href":"https:\/\/www.iceagetv.com\/radiosite\/wp-json\/wp\/v2\/posts\/26218\/revisions\/26220"}],"wp:featuredmedia":[{"embeddable":true,"href":"https:\/\/www.iceagetv.com\/radiosite\/wp-json\/wp\/v2\/media\/26219"}],"wp:attachment":[{"href":"https:\/\/www.iceagetv.com\/radiosite\/wp-json\/wp\/v2\/media?parent=26218"}],"wp:term":[{"taxonomy":"category","embeddable":true,"href":"https:\/\/www.iceagetv.com\/radiosite\/wp-json\/wp\/v2\/categories?post=26218"},{"taxonomy":"post_tag","embeddable":true,"href":"https:\/\/www.iceagetv.com\/radiosite\/wp-json\/wp\/v2\/tags?post=26218"}],"curies":[{"name":"wp","href":"https:\/\/api.w.org\/{rel}","templated":true}]}}