{"id":26224,"date":"2023-11-26T07:03:53","date_gmt":"2023-11-26T07:03:53","guid":{"rendered":"https:\/\/www.iceagetv.com\/radiosite\/?p=26224"},"modified":"2023-11-26T07:03:53","modified_gmt":"2023-11-26T07:03:53","slug":"lancien-ministre-de-linterieur-et-ancien-maire-de-lyon-gerard-collomb-est-decede-soir-a-lage-de-76-ans-selon-lyon-mag-il-avait-revele-etre-atteint-dun-cancer-de-lestom","status":"publish","type":"post","link":"https:\/\/www.iceagetv.com\/radiosite\/lancien-ministre-de-linterieur-et-ancien-maire-de-lyon-gerard-collomb-est-decede-soir-a-lage-de-76-ans-selon-lyon-mag-il-avait-revele-etre-atteint-dun-cancer-de-lestom\/","title":{"rendered":"L&rsquo;ancien Ministre de l&rsquo;Int\u00e9rieur et ancien Maire de Lyon G\u00e9rard Collomb est d\u00e9c\u00e9d\u00e9 soir \u00e0 l\u2019\u00e2ge de 76 ans selon Lyon Mag : Il avait r\u00e9v\u00e9l\u00e9 \u00eatre atteint d\u2019un cancer de l\u2019estomac"},"content":{"rendered":"\n<p><a href=\"https:\/\/www.lyonmag.com\/article\/133263\/l-ancien-maire-de-lyon-gerard-collomb-est-mort\" target=\"_blank\" rel=\"noreferrer noopener\">Selon nos confr\u00e8res de Lyon Mag,&nbsp;<\/a>l&rsquo;ancien Ministre de l&rsquo;Int\u00e9rieur et ancien Maire de Lyon G\u00e9rard Collomb est d\u00e9c\u00e9d\u00e9 soir \u00e0 l\u2019\u00e2ge de 76 ans. Il avait, le 16 septembre 2022, r\u00e9v\u00e9l\u00e9 \u00eatre atteint d\u2019un cancer de l\u2019estomac. Son combat contre la maladie a pris fin au bout d\u2019un peu plus d\u2019un an de lutte.&nbsp;Mari\u00e9 \u00e0 Caroline Collomb, il \u00e9tait le p\u00e8re de cinq enfants.<\/p>\n\n\n\n<p>Le 17 mai 2017, il est nomm\u00e9 ministre d&rsquo;\u00c9tat, ministre de l&rsquo;Int\u00e9rieur dans le gouvernement \u00c9douard Philippe. Il est deuxi\u00e8me dans l&rsquo;ordre protocolaire du nouveau gouvernement. \u00c0 la suite de sa nomination place Beauvau, G\u00e9rard Collomb annonce qu&rsquo;il abandonnera ses fonctions de maire de Lyon et de pr\u00e9sident de la m\u00e9tropole apr\u00e8s les \u00e9lections l\u00e9gislatives. Cependant, il reste conseiller dans ces deux collectivit\u00e9s territoriales.&nbsp;<\/p>\n\n\n\n<p>Le&nbsp;1<sup>er<\/sup>&nbsp;octobre 2018, il pr\u00e9sente sa d\u00e9mission du gouvernement \u00e0 Emmanuel Macron, qui la refuse. Il r\u00e9affirme pourtant son intention de d\u00e9missionner de ses fonctions le m\u00eame jour, puis de nouveau le lendemain, ce qui contraint le gouvernement \u00e0 ent\u00e9riner son d\u00e9part.<\/p>\n\n\n\n<p>Selon le constitutionnaliste&nbsp;Bastien Fran\u00e7ois,&nbsp;\u00ab&nbsp;si le Pr\u00e9sident met fin aux fonctions d\u2019un ministre, sur le papier, c\u2019est parce que c\u2019est lui qui signe le d\u00e9cret de nomination&nbsp;\u00bb. Ses fonctions sont assur\u00e9es par int\u00e9rim par le Premier ministre, \u00c9douard Philippe, avec qui il entretenait des relations tendues depuis plusieurs mois.<\/p>\n\n\n\n<p>Ancien maire de Lyon et pr\u00e9sident du Grand Lyon devenu M\u00e9tropole, ex-ministre de l&rsquo;Int\u00e9rieur et parlementaire, pass\u00e9 du socialisme au macronisme, G\u00e9rard Collomb aura eu de nombreuses vies. Et la plupart furent au service de la ville qu&rsquo;il ch\u00e9rissait tant. Fils d\u2019un foyer modeste de Chalon-sur-Sa\u00f4ne, il \u00e9tait devenu professeur agr\u00e9g\u00e9 de lettres classiques \u00e0 Lyon avant d\u2019entamer une carri\u00e8re politique longtemps ponctu\u00e9e de d\u00e9faites avant de conna\u00eetre son apog\u00e9e durant deux d\u00e9cennies.<\/p>\n","protected":false},"excerpt":{"rendered":"<p>Selon nos confr\u00e8res de Lyon Mag,&nbsp;l&rsquo;ancien Ministre de l&rsquo;Int\u00e9rieur et ancien Maire de Lyon G\u00e9rard Collomb est d\u00e9c\u00e9d\u00e9 soir \u00e0 l\u2019\u00e2ge de 76 ans. Il avait, le 16 septembre 2022, r\u00e9v\u00e9l\u00e9 \u00eatre atteint d\u2019un cancer de l\u2019estomac. Son combat contre la maladie a pris fin au bout d\u2019un peu plus d\u2019un an de lutte.&nbsp;Mari\u00e9 \u00e0 [&hellip;]<\/p>\n","protected":false},"author":2,"featured_media":26225,"comment_status":"open","ping_status":"open","sticky":false,"template":"","format":"standard","meta":{"_jetpack_memberships_contains_paid_content":false,"footnotes":"","jetpack_publicize_message":"","jetpack_publicize_feature_enabled":true,"jetpack_social_post_already_shared":true,"jetpack_social_options":{"image_generator_settings":{"template":"highway","default_image_id":0,"font":"","enabled":false},"version":2},"_wpas_customize_per_network":false},"categories":[405],"tags":[],"class_list":["post-26224","post","type-post","status-publish","format-standard","has-post-thumbnail","hentry","category-actu-france-monde"],"jetpack_publicize_connections":[],"jetpack_featured_media_url":"https:\/\/i0.wp.com\/www.iceagetv.com\/radiosite\/wp-content\/uploads\/2023\/11\/collomb_sd_0.jpg?fit=680%2C294&ssl=1","jetpack_sharing_enabled":true,"_links":{"self":[{"href":"https:\/\/www.iceagetv.com\/radiosite\/wp-json\/wp\/v2\/posts\/26224","targetHints":{"allow":["GET"]}}],"collection":[{"href":"https:\/\/www.iceagetv.com\/radiosite\/wp-json\/wp\/v2\/posts"}],"about":[{"href":"https:\/\/www.iceagetv.com\/radiosite\/wp-json\/wp\/v2\/types\/post"}],"author":[{"embeddable":true,"href":"https:\/\/www.iceagetv.com\/radiosite\/wp-json\/wp\/v2\/users\/2"}],"replies":[{"embeddable":true,"href":"https:\/\/www.iceagetv.com\/radiosite\/wp-json\/wp\/v2\/comments?post=26224"}],"version-history":[{"count":1,"href":"https:\/\/www.iceagetv.com\/radiosite\/wp-json\/wp\/v2\/posts\/26224\/revisions"}],"predecessor-version":[{"id":26226,"href":"https:\/\/www.iceagetv.com\/radiosite\/wp-json\/wp\/v2\/posts\/26224\/revisions\/26226"}],"wp:featuredmedia":[{"embeddable":true,"href":"https:\/\/www.iceagetv.com\/radiosite\/wp-json\/wp\/v2\/media\/26225"}],"wp:attachment":[{"href":"https:\/\/www.iceagetv.com\/radiosite\/wp-json\/wp\/v2\/media?parent=26224"}],"wp:term":[{"taxonomy":"category","embeddable":true,"href":"https:\/\/www.iceagetv.com\/radiosite\/wp-json\/wp\/v2\/categories?post=26224"},{"taxonomy":"post_tag","embeddable":true,"href":"https:\/\/www.iceagetv.com\/radiosite\/wp-json\/wp\/v2\/tags?post=26224"}],"curies":[{"name":"wp","href":"https:\/\/api.w.org\/{rel}","templated":true}]}}