{"id":26249,"date":"2023-11-29T14:31:12","date_gmt":"2023-11-29T14:31:12","guid":{"rendered":"https:\/\/www.iceagetv.com\/radiosite\/?p=26249"},"modified":"2023-11-29T14:31:12","modified_gmt":"2023-11-29T14:31:12","slug":"proces-deric-dupond-moretti-le-ministre-de-la-justice-relaxe-par-la-cour-de-justice-de-la-republique-au-terme-de-son-proces-pour-prise-illegale-dinterets","status":"publish","type":"post","link":"https:\/\/www.iceagetv.com\/radiosite\/proces-deric-dupond-moretti-le-ministre-de-la-justice-relaxe-par-la-cour-de-justice-de-la-republique-au-terme-de-son-proces-pour-prise-illegale-dinterets\/","title":{"rendered":"Proc\u00e8s d\u2019Eric Dupond-Moretti: Le ministre de la Justice relax\u00e9 par la Cour de justice de la R\u00e9publique au terme de son proc\u00e8s pour prise ill\u00e9gale d&rsquo;int\u00e9r\u00eats"},"content":{"rendered":"\n<p>Ma\u00eetre R\u00e9mi Lorrain d\u00e9clare: \u00ab\u00a0Eric Dupond-Moretti n&rsquo;a jamais voulu se venger de quiconque. C&rsquo;est peut-\u00eatre une surprise pour les personnes qui ont mal appr\u00e9hend\u00e9 ce dossier.\u00a0\u00bb<\/p>\n\n\n\n<p><strong>&nbsp;<\/strong>Les avocats&nbsp;Eric Dupond-Moretti s&rsquo;expriment. Maitre Jacqueline Laffont d\u00e9clare: \u00ab\u00a0C&rsquo;est ce que l&rsquo;on esp\u00e9rait. C&rsquo;est \u00e9videmment une satisfaction, une \u00e9motion \u00e9norme. La Cour de Justice a jug\u00e9 qu&rsquo;il \u00e9tait innocent. Elle est venue dire que depuis 3 ans, il avait \u00e9t\u00e9 mis en cause injustement, d\u00e9sign\u00e9 comme un coupable avant m\u00eame d&rsquo;\u00eatre jug\u00e9. L&rsquo;innocence a \u00e9t\u00e9 d\u00e9montr\u00e9e et consacr\u00e9e.\u00a0\u00bb<\/p>\n\n\n\n<p>\u00ab\u00a0C&rsquo;est la victoire de la s\u00e9paration des pouvoirs\u00a0\u00bb, a-t-elle ajout\u00e9.<\/p>\n\n\n\n<p><strong>Le ministre de la Justice relax\u00e9 par la Cour de justice de la R\u00e9publique au terme de son proc\u00e8s pour prise ill\u00e9gale d&rsquo;int\u00e9r\u00eats.<\/strong>&nbsp;\u00ab\u00a0L\u2019int\u00e9r\u00eat pris par Eric Dupond-Moretti de saisir l\u2019inspection g\u00e9n\u00e9rale de la Justice d\u2019enqu\u00eates administratives a \u00e9t\u00e9 de nature \u00e0 compromettre son ind\u00e9pendance et son impartialit\u00e9. D\u00e8s lors, l\u2019\u00e9l\u00e9ment mat\u00e9riel de prise ill\u00e9gale d\u2019int\u00e9r\u00eat appara\u00eet \u00e9tabli\u00a0\u00bb, poursuit le pr\u00e9sident.&nbsp;<\/p>\n\n\n\n<p>\u00ab\u00a0Il n\u2019est pas \u00e9tabli que monsieur Dupond-Moretti n\u2019ait \u00e9t\u00e9 averti d\u2019un risque de conflit d\u2019int\u00e9r\u00eat avant le 7 octobre 2020\u00a0\u00bb, ajoute le pr\u00e9sident.&nbsp;\u00ab\u00a0A d\u00e9faut de caract\u00e9risation de l\u2019\u00e9l\u00e9ment intentionnel de prise ill\u00e9gale d\u2019int\u00e9r\u00eat, monsieur Dupond-Moretti doit \u00eatre relax\u00e9\u00a0\u00bb,&nbsp;a conclu le pr\u00e9sident de la Cour de justice de la R\u00e9publique.<\/p>\n","protected":false},"excerpt":{"rendered":"<p>Ma\u00eetre R\u00e9mi Lorrain d\u00e9clare: \u00ab\u00a0Eric Dupond-Moretti n&rsquo;a jamais voulu se venger de quiconque. C&rsquo;est peut-\u00eatre une surprise pour les personnes qui ont mal appr\u00e9hend\u00e9 ce dossier.\u00a0\u00bb &nbsp;Les avocats&nbsp;Eric Dupond-Moretti s&rsquo;expriment. Maitre Jacqueline Laffont d\u00e9clare: \u00ab\u00a0C&rsquo;est ce que l&rsquo;on esp\u00e9rait. C&rsquo;est \u00e9videmment une satisfaction, une \u00e9motion \u00e9norme. La Cour de Justice a jug\u00e9 qu&rsquo;il \u00e9tait innocent. [&hellip;]<\/p>\n","protected":false},"author":2,"featured_media":26250,"comment_status":"open","ping_status":"open","sticky":false,"template":"","format":"standard","meta":{"_jetpack_memberships_contains_paid_content":false,"footnotes":"","jetpack_publicize_message":"","jetpack_publicize_feature_enabled":true,"jetpack_social_post_already_shared":true,"jetpack_social_options":{"image_generator_settings":{"template":"highway","default_image_id":0,"font":"","enabled":false},"version":2},"_wpas_customize_per_network":false},"categories":[405],"tags":[],"class_list":["post-26249","post","type-post","status-publish","format-standard","has-post-thumbnail","hentry","category-actu-france-monde"],"jetpack_publicize_connections":[],"jetpack_featured_media_url":"https:\/\/i0.wp.com\/www.iceagetv.com\/radiosite\/wp-content\/uploads\/2023\/11\/Proces-dEric-Dupond-Moretti.jpg?fit=679%2C293&ssl=1","jetpack_sharing_enabled":true,"_links":{"self":[{"href":"https:\/\/www.iceagetv.com\/radiosite\/wp-json\/wp\/v2\/posts\/26249","targetHints":{"allow":["GET"]}}],"collection":[{"href":"https:\/\/www.iceagetv.com\/radiosite\/wp-json\/wp\/v2\/posts"}],"about":[{"href":"https:\/\/www.iceagetv.com\/radiosite\/wp-json\/wp\/v2\/types\/post"}],"author":[{"embeddable":true,"href":"https:\/\/www.iceagetv.com\/radiosite\/wp-json\/wp\/v2\/users\/2"}],"replies":[{"embeddable":true,"href":"https:\/\/www.iceagetv.com\/radiosite\/wp-json\/wp\/v2\/comments?post=26249"}],"version-history":[{"count":1,"href":"https:\/\/www.iceagetv.com\/radiosite\/wp-json\/wp\/v2\/posts\/26249\/revisions"}],"predecessor-version":[{"id":26251,"href":"https:\/\/www.iceagetv.com\/radiosite\/wp-json\/wp\/v2\/posts\/26249\/revisions\/26251"}],"wp:featuredmedia":[{"embeddable":true,"href":"https:\/\/www.iceagetv.com\/radiosite\/wp-json\/wp\/v2\/media\/26250"}],"wp:attachment":[{"href":"https:\/\/www.iceagetv.com\/radiosite\/wp-json\/wp\/v2\/media?parent=26249"}],"wp:term":[{"taxonomy":"category","embeddable":true,"href":"https:\/\/www.iceagetv.com\/radiosite\/wp-json\/wp\/v2\/categories?post=26249"},{"taxonomy":"post_tag","embeddable":true,"href":"https:\/\/www.iceagetv.com\/radiosite\/wp-json\/wp\/v2\/tags?post=26249"}],"curies":[{"name":"wp","href":"https:\/\/api.w.org\/{rel}","templated":true}]}}