{"id":26270,"date":"2023-11-30T19:16:10","date_gmt":"2023-11-30T19:16:10","guid":{"rendered":"https:\/\/www.iceagetv.com\/radiosite\/?p=26270"},"modified":"2023-11-30T19:16:10","modified_gmt":"2023-11-30T19:16:10","slug":"affaire-bygmalion-les-deux-avocats-generaux-ont-requis-un-an-de-prison-avec-sursis-contre-nicolas-sarkozy-demandant-a-la-cour-dappel-de-confirmer-la-culpabilite-de-lancien-president-de-la-republ","status":"publish","type":"post","link":"https:\/\/www.iceagetv.com\/radiosite\/affaire-bygmalion-les-deux-avocats-generaux-ont-requis-un-an-de-prison-avec-sursis-contre-nicolas-sarkozy-demandant-a-la-cour-dappel-de-confirmer-la-culpabilite-de-lancien-president-de-la-republ\/","title":{"rendered":"Affaire Bygmalion: Les deux avocats g\u00e9n\u00e9raux ont requis un an de prison avec sursis contre Nicolas Sarkozy, demandant \u00e0 la cour d&rsquo;appel de confirmer la culpabilit\u00e9 de l&rsquo;ancien pr\u00e9sident de la R\u00e9publique"},"content":{"rendered":"\n<p><strong>Les deux avocats g\u00e9n\u00e9raux ont requis un an de prison avec sursis contre Nicolas Sarkozy, demandant \u00e0 la cour d&rsquo;appel de confirmer la culpabilit\u00e9 de l&rsquo;ancien pr\u00e9sident de la R\u00e9publique du chef de \u00ab\u00a0financement ill\u00e9gal de campagne \u00e9lectorale.<\/strong>&nbsp;Lors de son proc\u00e8s en premi\u00e8re instance, en septembre 2021, l&rsquo;ancien chef de l&rsquo;Etat avait \u00e9t\u00e9 condamn\u00e9 \u00e0 un an de prison ferme. Il avait fait appel. Il est rejug\u00e9 depuis le 8 novembre pour avoir d\u00e9pass\u00e9 le plafond l\u00e9gal de d\u00e9pense lors de sa campagne pr\u00e9sidentielle perdue de 2012.<\/p>\n\n\n\n<p>Neuf autres personnes &#8211; qui ont aussi fait appel, de fa\u00e7on partielle ou en totalit\u00e9, de leur condamnation &#8211; comparaissaient eux aussi. Le parquet a notamment requis trois ans de prison avec sursis, 10.000 euros d&rsquo;amende et une peine d&rsquo;in\u00e9ligibilit\u00e9 contre J\u00e9r\u00f4me Lavrilleux, l\u2019ex-directeur adjoint de la campagne de Nicolas Sarkozy en 2012.<\/p>\n\n\n\n<p>.<\/p>\n\n\n\n<p>\u00ab\u00a0La parole est \u00e0 l\u2019accusation aujourd&rsquo;hui dans le proc\u00e8s en appel sur les d\u00e9penses excessives de la campagne pr\u00e9sidentielle perdue de Nicolas Sarkozy en 2012, pour lesquelles l\u2019ex-chef de l\u2019Etat a \u00e9t\u00e9 condamn\u00e9 en premi\u00e8re instance \u00e0 un an d\u2019emprisonnement ferme.<\/p>\n\n\n\n<p>Apr\u00e8s trois semaines d\u2019audiences, au cours desquelles les dix pr\u00e9venus ayant fait appel de leur condamnation ont \u00e9t\u00e9 interrog\u00e9s, les avocats des parties civiles doivent plaider en matin\u00e9e, avant que les deux repr\u00e9sentants du minist\u00e8re public ne rendent leurs r\u00e9quisitions, \u00e0 partir de 13H30.<\/p>\n\n\n\n<p>Dans ce dossier, dit \u00ab&nbsp;Bygmalion&nbsp;\u00bb, du nom de la soci\u00e9t\u00e9 ayant organis\u00e9 les meetings de campagne du candidat de droite, 14 personnes physiques, dont Nicolas Sarkozy, ont \u00e9t\u00e9 condamn\u00e9es en premi\u00e8re instance en septembre 2021 \u00e0 des peines allant jusqu\u2019\u00e0 trois ans et demi de prison dont une partie avec sursis.<\/p>\n\n\n\n<p>Trois d\u2019entre elles n\u2019ont pas fait appel, donc leur condamnation est d\u00e9finitive.<\/p>\n\n\n\n<p>Contrairement \u00e0 ses copr\u00e9venus, l\u2019ancien pr\u00e9sident (2007-2012) n\u2019est pas mis en cause pour le syst\u00e8me de fausses factures imagin\u00e9 pour masquer l\u2019explosion des d\u00e9penses de sa campagne (pr\u00e8s de 43 millions d\u2019euros, alors que le plafond l\u00e9gal \u00e9tait de 22,5 millions).<\/p>\n\n\n\n<p>Mais \u00e0 l\u2019issue du premier proc\u00e8s, il avait \u00e9t\u00e9 condamn\u00e9 en septembre 2021 \u00e0 un an d\u2019emprisonnement ferme pour avoir d\u00e9pass\u00e9 ce plafond l\u00e9gal, une peine sup\u00e9rieure \u00e0 ce qu\u2019avait alors r\u00e9clam\u00e9 le parquet, qui avait requis un an de prison dont six mois avec sursis.<\/p>\n\n\n\n<p>Le tribunal correctionnel avait toutefois demand\u00e9 que cette peine soit directement am\u00e9nag\u00e9e, \u00e0 domicile sous surveillance \u00e9lectronique.<\/p>\n\n\n\n<p>Dans son jugement, il avait soulign\u00e9 que l\u2019ancien locataire de l\u2019Elys\u00e9e avait \u00ab&nbsp;poursuivi l\u2019organisation de meetings&nbsp;\u00bb \u00e9lectoraux, \u00ab&nbsp;demandant un meeting par jour&nbsp;\u00bb, alors m\u00eame qu\u2019il \u00ab&nbsp;avait \u00e9t\u00e9 averti par \u00e9crit&nbsp;\u00bb du risque de d\u00e9passement l\u00e9gal, puis du d\u00e9passement effectif.<\/p>\n","protected":false},"excerpt":{"rendered":"<p>Les deux avocats g\u00e9n\u00e9raux ont requis un an de prison avec sursis contre Nicolas Sarkozy, demandant \u00e0 la cour d&rsquo;appel de confirmer la culpabilit\u00e9 de l&rsquo;ancien pr\u00e9sident de la R\u00e9publique du chef de \u00ab\u00a0financement ill\u00e9gal de campagne \u00e9lectorale.&nbsp;Lors de son proc\u00e8s en premi\u00e8re instance, en septembre 2021, l&rsquo;ancien chef de l&rsquo;Etat avait \u00e9t\u00e9 condamn\u00e9 \u00e0 [&hellip;]<\/p>\n","protected":false},"author":2,"featured_media":26271,"comment_status":"open","ping_status":"open","sticky":false,"template":"","format":"standard","meta":{"_jetpack_memberships_contains_paid_content":false,"footnotes":"","jetpack_publicize_message":"","jetpack_publicize_feature_enabled":true,"jetpack_social_post_already_shared":true,"jetpack_social_options":{"image_generator_settings":{"template":"highway","default_image_id":0,"font":"","enabled":false},"version":2},"_wpas_customize_per_network":false},"categories":[405],"tags":[],"class_list":["post-26270","post","type-post","status-publish","format-standard","has-post-thumbnail","hentry","category-actu-france-monde"],"jetpack_publicize_connections":[],"jetpack_featured_media_url":"https:\/\/i0.wp.com\/www.iceagetv.com\/radiosite\/wp-content\/uploads\/2023\/11\/Affaire-Bygmalion.jpg?fit=679%2C293&ssl=1","jetpack_sharing_enabled":true,"_links":{"self":[{"href":"https:\/\/www.iceagetv.com\/radiosite\/wp-json\/wp\/v2\/posts\/26270","targetHints":{"allow":["GET"]}}],"collection":[{"href":"https:\/\/www.iceagetv.com\/radiosite\/wp-json\/wp\/v2\/posts"}],"about":[{"href":"https:\/\/www.iceagetv.com\/radiosite\/wp-json\/wp\/v2\/types\/post"}],"author":[{"embeddable":true,"href":"https:\/\/www.iceagetv.com\/radiosite\/wp-json\/wp\/v2\/users\/2"}],"replies":[{"embeddable":true,"href":"https:\/\/www.iceagetv.com\/radiosite\/wp-json\/wp\/v2\/comments?post=26270"}],"version-history":[{"count":1,"href":"https:\/\/www.iceagetv.com\/radiosite\/wp-json\/wp\/v2\/posts\/26270\/revisions"}],"predecessor-version":[{"id":26272,"href":"https:\/\/www.iceagetv.com\/radiosite\/wp-json\/wp\/v2\/posts\/26270\/revisions\/26272"}],"wp:featuredmedia":[{"embeddable":true,"href":"https:\/\/www.iceagetv.com\/radiosite\/wp-json\/wp\/v2\/media\/26271"}],"wp:attachment":[{"href":"https:\/\/www.iceagetv.com\/radiosite\/wp-json\/wp\/v2\/media?parent=26270"}],"wp:term":[{"taxonomy":"category","embeddable":true,"href":"https:\/\/www.iceagetv.com\/radiosite\/wp-json\/wp\/v2\/categories?post=26270"},{"taxonomy":"post_tag","embeddable":true,"href":"https:\/\/www.iceagetv.com\/radiosite\/wp-json\/wp\/v2\/tags?post=26270"}],"curies":[{"name":"wp","href":"https:\/\/api.w.org\/{rel}","templated":true}]}}