{"id":26277,"date":"2023-12-01T19:51:32","date_gmt":"2023-12-01T19:51:32","guid":{"rendered":"https:\/\/www.iceagetv.com\/radiosite\/?p=26277"},"modified":"2023-12-01T19:51:32","modified_gmt":"2023-12-01T19:51:32","slug":"inondations-dans-les-alpes-du-sud-plus-dun-millier-de-foyers-prives-delectricite","status":"publish","type":"post","link":"https:\/\/www.iceagetv.com\/radiosite\/inondations-dans-les-alpes-du-sud-plus-dun-millier-de-foyers-prives-delectricite\/","title":{"rendered":"\u00a0INONDATIONS DANS LES ALPES DU SUD: PLUS D&rsquo;UN MILLIER DE FOYERS PRIV\u00c9S D&rsquo;\u00c9LECTRICIT\u00c9"},"content":{"rendered":"\n<p>Les Alpes du Sud sont touch\u00e9es par de fortes pluies ces derni\u00e8res heures comme l&rsquo;avait averti M\u00e9t\u00e9o-France en pla\u00e7ant les deux d\u00e9partements en vigilance orange. Des inondations touchent notamment une partie des Hautes-Alpes.<\/p>\n\n\n\n<h2 class=\"wp-block-heading\">Le pr\u00e9sident de la r\u00e9gion Provence-Alpes-C\u00f4te d&rsquo;Azur annonce l&rsquo;activation d&rsquo;un \u00ab\u00a0fonds d&rsquo;urgence\u00a0\u00bb<\/h2>\n\n\n\n<p>Renaud Muselier, le pr\u00e9sident de la r\u00e9gion Provence-Alpes-C\u00f4te d&rsquo;Azur, a annonc\u00e9 ce soir l&rsquo;activation du fonds d&rsquo;urgence d\u2019adaptation au d\u00e9r\u00e8glement climatique. Il sera ouvert aux territoires touch\u00e9s par les inondations.<\/p>\n\n\n\n<h2 class=\"wp-block-heading\">Dans l&rsquo;Ubaye, environ 130 personnes \u00e9vacu\u00e9es \u00e0 cause des intemp\u00e9ries<\/h2>\n\n\n\n<p>Les Alpes-de-Haute-Provence sont \u00e9galement touch\u00e9es par les inondations indique la pr\u00e9fecture. Une trentaine de personnes de la commune de La Condamine Ch\u00e2telard a \u00e9t\u00e9 prise en charge.<\/p>\n\n\n\n<p>La route d\u00e9partementale RD29 entre La Condamine et la station de ski de Sainte-Anne est ferm\u00e9e \u00ab\u00a0en pr\u00e9vention d\u2019un risque d\u2019effondrement de la chauss\u00e9e\u00a0\u00bb.<\/p>\n\n\n\n<blockquote class=\"wp-block-quote is-layout-flow wp-block-quote-is-layout-flow\">\n<p>\u00ab\u00a0Sur le secteur de Barcelonnette, par pr\u00e9vention, la population concern\u00e9e par la mont\u00e9e des eaux de la rivi\u00e8re B\u00e2chelard (environ une centaine de personnes) est en cours d\u2019\u00e9vacuation\u00a0\u00bb, poursuit la pr\u00e9fecture.<\/p>\n<\/blockquote>\n\n\n\n<p>45 sapeurs-pompiers et sept gendarmes sont actuellement engag\u00e9s dans les secteurs touch\u00e9s.<\/p>\n\n\n\n<h2 class=\"wp-block-heading\">Des d\u00e9lestages hydrauliques vont \u00eatre men\u00e9s par EDF au barrage de Serre-Pon\u00e7on<\/h2>\n\n\n\n<p>La pr\u00e9fecture des Hautes-Alpes annonce que des d\u00e9lestages hydrauliques vont \u00eatre men\u00e9s par EDF au barrage de Serre-Pon\u00e7on.<\/p>\n\n\n\n<p>\u00ab\u00a0Une mont\u00e9e des eaux est pr\u00e9visible sur les communes en aval du barrage, sans toutefois \u00eatre mena\u00e7ante pour les habitations\u00a0\u00bb, indique la pr\u00e9fecture.<\/p>\n\n\n\n<p>Le parking des 3 lacs pourrait \u00eatre inond\u00e9 par cette mont\u00e9e des eaux. La pr\u00e9fecture demande aux automobilistes de ne pas y stationner.<\/p>\n","protected":false},"excerpt":{"rendered":"<p>Les Alpes du Sud sont touch\u00e9es par de fortes pluies ces derni\u00e8res heures comme l&rsquo;avait averti M\u00e9t\u00e9o-France en pla\u00e7ant les deux d\u00e9partements en vigilance orange. Des inondations touchent notamment une partie des Hautes-Alpes. Le pr\u00e9sident de la r\u00e9gion Provence-Alpes-C\u00f4te d&rsquo;Azur annonce l&rsquo;activation d&rsquo;un \u00ab\u00a0fonds d&rsquo;urgence\u00a0\u00bb Renaud Muselier, le pr\u00e9sident de la r\u00e9gion Provence-Alpes-C\u00f4te d&rsquo;Azur, a [&hellip;]<\/p>\n","protected":false},"author":2,"featured_media":26278,"comment_status":"open","ping_status":"open","sticky":false,"template":"","format":"standard","meta":{"_jetpack_memberships_contains_paid_content":false,"footnotes":"","jetpack_publicize_message":"","jetpack_publicize_feature_enabled":true,"jetpack_social_post_already_shared":true,"jetpack_social_options":{"image_generator_settings":{"template":"highway","default_image_id":0,"font":"","enabled":false},"version":2},"_wpas_customize_per_network":false},"categories":[405],"tags":[],"class_list":["post-26277","post","type-post","status-publish","format-standard","has-post-thumbnail","hentry","category-actu-france-monde"],"jetpack_publicize_connections":[],"jetpack_featured_media_url":"https:\/\/i0.wp.com\/www.iceagetv.com\/radiosite\/wp-content\/uploads\/2023\/12\/INONDATIONS-DANS-LES-ALPES-DU-SUD.jpg?fit=680%2C383&ssl=1","jetpack_sharing_enabled":true,"_links":{"self":[{"href":"https:\/\/www.iceagetv.com\/radiosite\/wp-json\/wp\/v2\/posts\/26277","targetHints":{"allow":["GET"]}}],"collection":[{"href":"https:\/\/www.iceagetv.com\/radiosite\/wp-json\/wp\/v2\/posts"}],"about":[{"href":"https:\/\/www.iceagetv.com\/radiosite\/wp-json\/wp\/v2\/types\/post"}],"author":[{"embeddable":true,"href":"https:\/\/www.iceagetv.com\/radiosite\/wp-json\/wp\/v2\/users\/2"}],"replies":[{"embeddable":true,"href":"https:\/\/www.iceagetv.com\/radiosite\/wp-json\/wp\/v2\/comments?post=26277"}],"version-history":[{"count":1,"href":"https:\/\/www.iceagetv.com\/radiosite\/wp-json\/wp\/v2\/posts\/26277\/revisions"}],"predecessor-version":[{"id":26279,"href":"https:\/\/www.iceagetv.com\/radiosite\/wp-json\/wp\/v2\/posts\/26277\/revisions\/26279"}],"wp:featuredmedia":[{"embeddable":true,"href":"https:\/\/www.iceagetv.com\/radiosite\/wp-json\/wp\/v2\/media\/26278"}],"wp:attachment":[{"href":"https:\/\/www.iceagetv.com\/radiosite\/wp-json\/wp\/v2\/media?parent=26277"}],"wp:term":[{"taxonomy":"category","embeddable":true,"href":"https:\/\/www.iceagetv.com\/radiosite\/wp-json\/wp\/v2\/categories?post=26277"},{"taxonomy":"post_tag","embeddable":true,"href":"https:\/\/www.iceagetv.com\/radiosite\/wp-json\/wp\/v2\/tags?post=26277"}],"curies":[{"name":"wp","href":"https:\/\/api.w.org\/{rel}","templated":true}]}}