{"id":26280,"date":"2023-12-01T19:55:18","date_gmt":"2023-12-01T19:55:18","guid":{"rendered":"https:\/\/www.iceagetv.com\/radiosite\/?p=26280"},"modified":"2023-12-01T19:55:18","modified_gmt":"2023-12-01T19:55:18","slug":"cest-juste-magique-les-premiers-flocons-de-neige-sont-tombes-dans-les-monts-du-lyonnais","status":"publish","type":"post","link":"https:\/\/www.iceagetv.com\/radiosite\/cest-juste-magique-les-premiers-flocons-de-neige-sont-tombes-dans-les-monts-du-lyonnais\/","title":{"rendered":"C&rsquo;EST JUSTE MAGIQUE\u00a0\u00bb: LES PREMIERS FLOCONS DE NEIGE SONT TOMB\u00c9S DANS LES MONTS DU LYONNAIS"},"content":{"rendered":"\n<p>Les habitants se r\u00e9jouissent de voir les premiers flocons mais craignent tout de m\u00eame des perturbations sur les routes.<\/p>\n\n\n\n<p>Le mois de d\u00e9cembre a apport\u00e9 avec lui les premi\u00e8res neiges&nbsp;<a href=\"https:\/\/www.bfmtv.com\/lyon\/alpes-d-huez-val-d-isere-les-stations-ou-skier-des-ce-week-end-pres-de-lyon_AN-202312010764.html\">dans les Monts du Lyonnais<\/a>. \u00c0 35 minutes de Lyon, la commune de Saint-Andr\u00e9-la-C\u00f4te, situ\u00e9e \u00e0 pr\u00e8s de 930 m\u00e8tres d&rsquo;altitude, a \u00e9t\u00e9 recouverte ce vendredi 1er d\u00e9cembre d&rsquo;un joli manteau blanc. De quoi donner au village des airs de nostalgie.<\/p>\n\n\n\n<p>\u00ab\u00a0\u00c7a me rappelle les igloos que je faisais quand j&rsquo;\u00e9tais petite\u00a0\u00bb, d\u00e9clare Margaux, une habitante, au micro de BFM Lyon. \u00ab\u00a0Et Saint-Andr\u00e9-la-C\u00f4te sous la neige, c&rsquo;est juste magique. C&rsquo;est trop, trop chouette.<\/p>\n\n\n\n<h2 class=\"wp-block-heading\">Prudence sur les routes<\/h2>\n\n\n\n<p>\u00c0 l&rsquo;approche des f\u00eates de fin d&rsquo;ann\u00e9e, l&rsquo;arriv\u00e9e de la neige fait plaisir aux petits comme aux grands.D&rsquo;autres s&rsquo;inqui\u00e8tent tout de m\u00eame de voir les flocons tomb\u00e9s ce vendredi rester sur la chauss\u00e9e. \u00ab\u00a0Je trouve \u00e7a tr\u00e8s beau, mais c&rsquo;est emb\u00eatant pour circuler\u00a0\u00bb, s&rsquo;inqui\u00e8te Alexandrine, une autre habitante.<\/p>\n\n\n\n<p>Car qui dit neige dit prudence sur les routes. \u00c0 Saint-Andr\u00e9-la-C\u00f4te, les pneus neige sont vivement recommand\u00e9s, car la chauss\u00e9e peut \u00eatre glissante par endroits. D&rsquo;autant que M\u00e9t\u00e9o-France a plac\u00e9 le d\u00e9partement du Rh\u00f4ne&nbsp;<a href=\"https:\/\/www.bfmtv.com\/meteo\/gelees-importantes-neige-un-week-end-hivernal-attendu-en-montagne-et-en-plaine_AV-202312010622.html\">en vigilance jaune pour risques de neige-verglas<\/a>&nbsp;dans la nuit de vendredi \u00e0 samedi.<\/p>\n\n\n\n<p>Ce vendredi, les flocons sont \u00e9galement tomb\u00e9s \u00e0 une altitude l\u00e9g\u00e8rement plus basse, notamment \u00e0 la Croix de Signy, sur Villechen\u00e8ve, indique La Cha\u00eene M\u00e9t\u00e9o sur son compte X (anciennement Twitter). \u00c0 plus basse altitude, la neige n&rsquo;\u00e9tait toutefois que de la pluie.<\/p>\n\n\n\n<p>Il n&rsquo;\u00e9tait toutefois pas impossible que les participants de la course Saint\u00e9Lyon, qui a lieu ce week-end, se retrouvent eux aussi sous la neige.<\/p>\n","protected":false},"excerpt":{"rendered":"<p>Les habitants se r\u00e9jouissent de voir les premiers flocons mais craignent tout de m\u00eame des perturbations sur les routes. Le mois de d\u00e9cembre a apport\u00e9 avec lui les premi\u00e8res neiges&nbsp;dans les Monts du Lyonnais. \u00c0 35 minutes de Lyon, la commune de Saint-Andr\u00e9-la-C\u00f4te, situ\u00e9e \u00e0 pr\u00e8s de 930 m\u00e8tres d&rsquo;altitude, a \u00e9t\u00e9 recouverte ce vendredi [&hellip;]<\/p>\n","protected":false},"author":2,"featured_media":26281,"comment_status":"open","ping_status":"open","sticky":false,"template":"","format":"standard","meta":{"_jetpack_memberships_contains_paid_content":false,"footnotes":"","jetpack_publicize_message":"","jetpack_publicize_feature_enabled":true,"jetpack_social_post_already_shared":true,"jetpack_social_options":{"image_generator_settings":{"template":"highway","default_image_id":0,"font":"","enabled":false},"version":2},"_wpas_customize_per_network":false},"categories":[14],"tags":[],"class_list":["post-26280","post","type-post","status-publish","format-standard","has-post-thumbnail","hentry","category-actu-meteo"],"jetpack_publicize_connections":[],"jetpack_featured_media_url":"https:\/\/i0.wp.com\/www.iceagetv.com\/radiosite\/wp-content\/uploads\/2023\/12\/LES-PREMIERS-FLOCONS-DE-NEIGE-SONT-TOMBES-DANS-LES-MONTS-DU-LYONNAIS.jpg?fit=677%2C900&ssl=1","jetpack_sharing_enabled":true,"_links":{"self":[{"href":"https:\/\/www.iceagetv.com\/radiosite\/wp-json\/wp\/v2\/posts\/26280","targetHints":{"allow":["GET"]}}],"collection":[{"href":"https:\/\/www.iceagetv.com\/radiosite\/wp-json\/wp\/v2\/posts"}],"about":[{"href":"https:\/\/www.iceagetv.com\/radiosite\/wp-json\/wp\/v2\/types\/post"}],"author":[{"embeddable":true,"href":"https:\/\/www.iceagetv.com\/radiosite\/wp-json\/wp\/v2\/users\/2"}],"replies":[{"embeddable":true,"href":"https:\/\/www.iceagetv.com\/radiosite\/wp-json\/wp\/v2\/comments?post=26280"}],"version-history":[{"count":1,"href":"https:\/\/www.iceagetv.com\/radiosite\/wp-json\/wp\/v2\/posts\/26280\/revisions"}],"predecessor-version":[{"id":26282,"href":"https:\/\/www.iceagetv.com\/radiosite\/wp-json\/wp\/v2\/posts\/26280\/revisions\/26282"}],"wp:featuredmedia":[{"embeddable":true,"href":"https:\/\/www.iceagetv.com\/radiosite\/wp-json\/wp\/v2\/media\/26281"}],"wp:attachment":[{"href":"https:\/\/www.iceagetv.com\/radiosite\/wp-json\/wp\/v2\/media?parent=26280"}],"wp:term":[{"taxonomy":"category","embeddable":true,"href":"https:\/\/www.iceagetv.com\/radiosite\/wp-json\/wp\/v2\/categories?post=26280"},{"taxonomy":"post_tag","embeddable":true,"href":"https:\/\/www.iceagetv.com\/radiosite\/wp-json\/wp\/v2\/tags?post=26280"}],"curies":[{"name":"wp","href":"https:\/\/api.w.org\/{rel}","templated":true}]}}