{"id":26283,"date":"2023-12-02T07:55:35","date_gmt":"2023-12-02T07:55:35","guid":{"rendered":"https:\/\/www.iceagetv.com\/radiosite\/?p=26283"},"modified":"2023-12-02T07:55:35","modified_gmt":"2023-12-02T07:55:35","slug":"hommage-a-thomas-le-ministre-de-linterieur-gerald-darmanin-se-dit-scandalise-par-la-manifestation-dhier-soir-a-paris-place-du-pantheon-a-lappel-dun-groupe-dultradroite","status":"publish","type":"post","link":"https:\/\/www.iceagetv.com\/radiosite\/hommage-a-thomas-le-ministre-de-linterieur-gerald-darmanin-se-dit-scandalise-par-la-manifestation-dhier-soir-a-paris-place-du-pantheon-a-lappel-dun-groupe-dultradroite\/","title":{"rendered":"Hommage \u00e0 Thomas : Le Ministre de l&rsquo;Int\u00e9rieur, G\u00e9rald Darmanin, se dit \u00ab\u00a0scandalis\u00e9 par la manifestation d&rsquo;hier soir \u00e0 Paris place du Panth\u00e9on\u00a0\u00bb \u00e0 l&rsquo;appel d&rsquo;un groupe d&rsquo;ultradroite"},"content":{"rendered":"\n<p>Le ministre de l&rsquo;Int\u00e9rieur G\u00e9rald Darmanin s&rsquo;est dit \u00ab\u00a0scandalis\u00e9 par la manifestation \u00e0 Paris\u00a0\u00bb place du Panth\u00e9on, o\u00f9 un rassemblement s&rsquo;est tenu vendredi soir \u00e0 l&rsquo;appel d&rsquo;un groupe d&rsquo;ultradroite, en hommage au jeune Thomas tu\u00e9 lors d&rsquo;une f\u00eate de village dans la Dr\u00f4me.&nbsp;<\/p>\n\n\n\n<p>\u00ab\u00a0Je suis scandalis\u00e9 par la manifestation \u00e0 Paris.Le pr\u00e9fet de Police sur mon instruction l&rsquo;avait interdite, la justice l&rsquo;a autoris\u00e9e \u00bb, a r\u00e9agi le ministre de l&rsquo;Int\u00e9rieur \u00e0 l&rsquo;Assembl\u00e9e, \u00e0 la toute fin de l&rsquo;examen en commission du projet de loi immigration.<\/p>\n\n\n\n<p>Plusieurs centaines de personnes \u00e9taient pr\u00e9sentes selon l\u2019association Les Natifs, \u00e0 l\u2019origine du rassemblement. Outre des prises de parole, les manifestants ont scand\u00e9 des slogans tels que \u00ab justice pour Thomas \u00bb, ce jeune de 16 ans mortellement agress\u00e9 \u00e0 Romans-sur-Is\u00e8re, et \u00ab Fran\u00e7ais, r\u00e9veille-toi, tu es ici chez toi \u00bb, sous haute surveillance polici\u00e8re, a constat\u00e9 une journaliste de l\u2019Agence France-Presse (AFP).<\/p>\n\n\n\n<p>Parmi les manifestants \u00e9tait pr\u00e9sent Jean-Yves Le Gallou, ancien d\u00e9put\u00e9 europ\u00e9en et ancien membre du Front national (FN, ex-RN).Interrog\u00e9 par l\u2019AFP, le porte-parole des Natifs, Antoine, qui n\u2019a pas souhait\u00e9 donner son nom de famille, a assur\u00e9 que le but de la manifestation \u00e9tait \u00ab de rassembler les personnes qui ont \u00e9t\u00e9 choqu\u00e9es \u00bb par la mort de Thomas \u00ab et d\u00e9noncer le laxisme juridique \u00bb qui ne permet pas de \u00ab dissuader les agresseurs de recommencer \u00bb.<\/p>\n\n\n\n<p>Une note du renseignement, datant du d\u00e9but de la semaine, alertait sur une mobilisation in\u00e9dite des groupes d\u2019extr\u00eame droite et d\u2019ultradroite, deux semaines apr\u00e8s la mort de Thomas. Ces derni\u00e8res semaines, des rassemblements similaires avaient abouti \u00e0 des heurts, des bless\u00e9s et des interpellations \u00e0 Romans-sur-Is\u00e8re (Dr\u00f4me) et \u00e0 Lyon.<\/p>\n","protected":false},"excerpt":{"rendered":"<p>Le ministre de l&rsquo;Int\u00e9rieur G\u00e9rald Darmanin s&rsquo;est dit \u00ab\u00a0scandalis\u00e9 par la manifestation \u00e0 Paris\u00a0\u00bb place du Panth\u00e9on, o\u00f9 un rassemblement s&rsquo;est tenu vendredi soir \u00e0 l&rsquo;appel d&rsquo;un groupe d&rsquo;ultradroite, en hommage au jeune Thomas tu\u00e9 lors d&rsquo;une f\u00eate de village dans la Dr\u00f4me.&nbsp; \u00ab\u00a0Je suis scandalis\u00e9 par la manifestation \u00e0 Paris.Le pr\u00e9fet de Police sur [&hellip;]<\/p>\n","protected":false},"author":2,"featured_media":26284,"comment_status":"open","ping_status":"open","sticky":false,"template":"","format":"standard","meta":{"_jetpack_memberships_contains_paid_content":false,"footnotes":"","jetpack_publicize_message":"","jetpack_publicize_feature_enabled":true,"jetpack_social_post_already_shared":true,"jetpack_social_options":{"image_generator_settings":{"template":"highway","default_image_id":0,"font":"","enabled":false},"version":2},"_wpas_customize_per_network":false},"categories":[405],"tags":[],"class_list":["post-26283","post","type-post","status-publish","format-standard","has-post-thumbnail","hentry","category-actu-france-monde"],"jetpack_publicize_connections":[],"jetpack_featured_media_url":"https:\/\/i0.wp.com\/www.iceagetv.com\/radiosite\/wp-content\/uploads\/2023\/12\/scandalise-par-la-manifestation-dhier-soir-a-Paris.jpg?fit=679%2C293&ssl=1","jetpack_sharing_enabled":true,"_links":{"self":[{"href":"https:\/\/www.iceagetv.com\/radiosite\/wp-json\/wp\/v2\/posts\/26283","targetHints":{"allow":["GET"]}}],"collection":[{"href":"https:\/\/www.iceagetv.com\/radiosite\/wp-json\/wp\/v2\/posts"}],"about":[{"href":"https:\/\/www.iceagetv.com\/radiosite\/wp-json\/wp\/v2\/types\/post"}],"author":[{"embeddable":true,"href":"https:\/\/www.iceagetv.com\/radiosite\/wp-json\/wp\/v2\/users\/2"}],"replies":[{"embeddable":true,"href":"https:\/\/www.iceagetv.com\/radiosite\/wp-json\/wp\/v2\/comments?post=26283"}],"version-history":[{"count":1,"href":"https:\/\/www.iceagetv.com\/radiosite\/wp-json\/wp\/v2\/posts\/26283\/revisions"}],"predecessor-version":[{"id":26285,"href":"https:\/\/www.iceagetv.com\/radiosite\/wp-json\/wp\/v2\/posts\/26283\/revisions\/26285"}],"wp:featuredmedia":[{"embeddable":true,"href":"https:\/\/www.iceagetv.com\/radiosite\/wp-json\/wp\/v2\/media\/26284"}],"wp:attachment":[{"href":"https:\/\/www.iceagetv.com\/radiosite\/wp-json\/wp\/v2\/media?parent=26283"}],"wp:term":[{"taxonomy":"category","embeddable":true,"href":"https:\/\/www.iceagetv.com\/radiosite\/wp-json\/wp\/v2\/categories?post=26283"},{"taxonomy":"post_tag","embeddable":true,"href":"https:\/\/www.iceagetv.com\/radiosite\/wp-json\/wp\/v2\/tags?post=26283"}],"curies":[{"name":"wp","href":"https:\/\/api.w.org\/{rel}","templated":true}]}}