{"id":26286,"date":"2023-12-02T15:16:37","date_gmt":"2023-12-02T15:16:37","guid":{"rendered":"https:\/\/www.iceagetv.com\/radiosite\/?p=26286"},"modified":"2023-12-02T15:16:37","modified_gmt":"2023-12-02T15:16:37","slug":"le-moral-des-menages-sest-ameliore-au-mois-de-novembre-notamment-grace-a-levolution-de-leur-situation-financiere-personnelle-tout-en-restant-faible-selon-le-barometre-mensuel-de-linsee","status":"publish","type":"post","link":"https:\/\/www.iceagetv.com\/radiosite\/le-moral-des-menages-sest-ameliore-au-mois-de-novembre-notamment-grace-a-levolution-de-leur-situation-financiere-personnelle-tout-en-restant-faible-selon-le-barometre-mensuel-de-linsee\/","title":{"rendered":"Le moral des m\u00e9nages s&rsquo;est am\u00e9lior\u00e9 au mois de novembre, notamment gr\u00e2ce \u00e0 l&rsquo;\u00e9volution de leur situation financi\u00e8re personnelle, tout en restant faible, selon le barom\u00e8tre mensuel de l&rsquo;Insee"},"content":{"rendered":"\n<p>Le moral des m\u00e9nages s&rsquo;est am\u00e9lior\u00e9 en novembre tout en restant faible, selon le barom\u00e8tre mensuel de l&rsquo;Insee.<\/p>\n\n\n\n<p>Apr\u00e8s 84 points en septembre et octobre, l&rsquo;indicateur ressort \u00e0 87 points, profitant notamment d&rsquo;un optimisme accru sur l&rsquo;\u00e9volution de la situation financi\u00e8re personnelle et d&rsquo;une plus forte disposition \u00e0 faire des achats importants.<\/p>\n\n\n\n<p>\u00ab\u00a0En novembre 2023, la part des m\u00e9nages estimant qu&rsquo;il est opportun de faire des achats importants se redresse\u00a0\u00bb apr\u00e8s avoir l\u00e9g\u00e8rement recul\u00e9 en octobre, explique dans un communiqu\u00e9 l&rsquo;Institut national de la statistique et des \u00e9tudes \u00e9conomiques.<\/p>\n\n\n\n<p>L&rsquo;opinion des m\u00e9nages sur les perspectives d&rsquo;\u00e9volution de leur situation financi\u00e8re continue de s&rsquo;am\u00e9liorer, tout comme sur la situation financi\u00e8re pass\u00e9e.<\/p>\n\n\n\n<p>Les m\u00e9nages jugent aussi plus favorablement leur capacit\u00e9 d&rsquo;\u00e9pargne, \u00ab\u00a0actuelle comme future\u00a0\u00bb.<\/p>\n\n\n\n<p>Mais l&rsquo;int\u00e9gralit\u00e9 de ces indicateurs restent en dessous de leur moyenne de longue p\u00e9riode &#8211; de m\u00eame que l&rsquo;indicateur g\u00e9n\u00e9ral du moral des m\u00e9nages.<\/p>\n\n\n\n<p>L&rsquo;avis des m\u00e9nages sur l&rsquo;opportunit\u00e9 d&rsquo;\u00e9pargner est au-dessus de la moyenne longue: il rebondit de 8 points en novembre, apr\u00e8s avoir l\u00e2ch\u00e9 8 points en octobre.<\/p>\n\n\n\n<p>Par ailleurs, \u00ab\u00a0la part de m\u00e9nages qui consid\u00e8rent que le niveau de vie en France va s\u00a0\u00bbam\u00e9liorer au cours des 12 prochains mois augmente\u00a0\u00bb, explique l&rsquo;Insee.<\/p>\n\n\n\n<p>De m\u00eame, la proportion de \u00e9nages qui consid\u00e8re que le niveau de vie en France s&rsquo;est am\u00e9lior\u00e9 au cours des 12 derniers mois \u00ab\u00a0augmente l\u00e9g\u00e8rement\u00a0\u00bb, ajoute l&rsquo;institut.<\/p>\n\n\n\n<p>Les craintes des m\u00e9nages sur l&rsquo;\u00e9volution du ch\u00f4mage repartent toutefois \u00e0 la hausse. L&rsquo;indicateur gagne 8 points apr\u00e8s avoir perdu 2 points en octobre.<\/p>\n\n\n\n<p>Finalement, la part des m\u00e9nages qui estiment que l&rsquo;inflation va augmenter au cours des 12 prochains mois \u00ab\u00a0continue de diminuer\u00a0\u00bb.<\/p>\n","protected":false},"excerpt":{"rendered":"<p>Le moral des m\u00e9nages s&rsquo;est am\u00e9lior\u00e9 en novembre tout en restant faible, selon le barom\u00e8tre mensuel de l&rsquo;Insee. Apr\u00e8s 84 points en septembre et octobre, l&rsquo;indicateur ressort \u00e0 87 points, profitant notamment d&rsquo;un optimisme accru sur l&rsquo;\u00e9volution de la situation financi\u00e8re personnelle et d&rsquo;une plus forte disposition \u00e0 faire des achats importants. \u00ab\u00a0En novembre 2023, [&hellip;]<\/p>\n","protected":false},"author":2,"featured_media":26287,"comment_status":"open","ping_status":"open","sticky":false,"template":"","format":"standard","meta":{"_jetpack_memberships_contains_paid_content":false,"footnotes":"","jetpack_publicize_message":"","jetpack_publicize_feature_enabled":true,"jetpack_social_post_already_shared":true,"jetpack_social_options":{"image_generator_settings":{"template":"highway","default_image_id":0,"font":"","enabled":false},"version":2},"_wpas_customize_per_network":false},"categories":[405],"tags":[],"class_list":["post-26286","post","type-post","status-publish","format-standard","has-post-thumbnail","hentry","category-actu-france-monde"],"jetpack_publicize_connections":[],"jetpack_featured_media_url":"https:\/\/i0.wp.com\/www.iceagetv.com\/radiosite\/wp-content\/uploads\/2023\/12\/Le-moral-des-menages-sest-ameliore.jpg?fit=679%2C293&ssl=1","jetpack_sharing_enabled":true,"_links":{"self":[{"href":"https:\/\/www.iceagetv.com\/radiosite\/wp-json\/wp\/v2\/posts\/26286","targetHints":{"allow":["GET"]}}],"collection":[{"href":"https:\/\/www.iceagetv.com\/radiosite\/wp-json\/wp\/v2\/posts"}],"about":[{"href":"https:\/\/www.iceagetv.com\/radiosite\/wp-json\/wp\/v2\/types\/post"}],"author":[{"embeddable":true,"href":"https:\/\/www.iceagetv.com\/radiosite\/wp-json\/wp\/v2\/users\/2"}],"replies":[{"embeddable":true,"href":"https:\/\/www.iceagetv.com\/radiosite\/wp-json\/wp\/v2\/comments?post=26286"}],"version-history":[{"count":1,"href":"https:\/\/www.iceagetv.com\/radiosite\/wp-json\/wp\/v2\/posts\/26286\/revisions"}],"predecessor-version":[{"id":26288,"href":"https:\/\/www.iceagetv.com\/radiosite\/wp-json\/wp\/v2\/posts\/26286\/revisions\/26288"}],"wp:featuredmedia":[{"embeddable":true,"href":"https:\/\/www.iceagetv.com\/radiosite\/wp-json\/wp\/v2\/media\/26287"}],"wp:attachment":[{"href":"https:\/\/www.iceagetv.com\/radiosite\/wp-json\/wp\/v2\/media?parent=26286"}],"wp:term":[{"taxonomy":"category","embeddable":true,"href":"https:\/\/www.iceagetv.com\/radiosite\/wp-json\/wp\/v2\/categories?post=26286"},{"taxonomy":"post_tag","embeddable":true,"href":"https:\/\/www.iceagetv.com\/radiosite\/wp-json\/wp\/v2\/tags?post=26286"}],"curies":[{"name":"wp","href":"https:\/\/api.w.org\/{rel}","templated":true}]}}