{"id":26289,"date":"2023-12-03T07:41:57","date_gmt":"2023-12-03T07:41:57","guid":{"rendered":"https:\/\/www.iceagetv.com\/radiosite\/?p=26289"},"modified":"2023-12-03T07:41:57","modified_gmt":"2023-12-03T07:41:57","slug":"attentat-hier-a-paris-que-sait-on-ce-matin-de-lattaque-mortelle-dhier-soir-a-quelques-metres-de-la-tour-eiffel-et-son-deroule-minute-par-minute-le-parquet-antiterroriste-saisi-dans-la-nuit","status":"publish","type":"post","link":"https:\/\/www.iceagetv.com\/radiosite\/attentat-hier-a-paris-que-sait-on-ce-matin-de-lattaque-mortelle-dhier-soir-a-quelques-metres-de-la-tour-eiffel-et-son-deroule-minute-par-minute-le-parquet-antiterroriste-saisi-dans-la-nuit\/","title":{"rendered":"Attentat hier \u00e0 Paris &#8211; Que sait-on ce matin de l&rsquo;attaque mortelle d&rsquo;hier soir \u00e0 quelques m\u00e8tres de la Tour Eiffel et son d\u00e9roul\u00e9 minute par minute ? &#8211; Le parquet antiterroriste saisi dans la nuit\u00a0"},"content":{"rendered":"\n<p><strong>Ce que l&rsquo;on sait de l&rsquo;attaque mortelle d&rsquo;hier soir et son d\u00e9roul\u00e9 minute par minute<\/strong>&nbsp;&#8211; Un assaillant a tu\u00e9 \u00e0 coup de couteau un homme et en a bless\u00e9 une autre samedi soir dans le 15e arrondissement de Paris. Il a \u00e9t\u00e9 interpell\u00e9 par les policiers.<\/p>\n\n\n\n<p>Selon le ministre de l&rsquo;Int\u00e9rieur G\u00e9rald Darmanin, l&rsquo;assaillant aurait cri\u00e9 \u00ab\u00a0Allah akbar\u00a0\u00bb et dit aux policiers qu&rsquo;il ne supportait pas la situation \u00e0 Gaza.<\/p>\n\n\n\n<p><strong>L&rsquo;assaillant, de nationalit\u00e9 fran\u00e7aise et n\u00e9 en 1997, a \u00e9t\u00e9 interpell\u00e9 et plac\u00e9 en garde \u00e0 vue dans le cadre d&rsquo;une enqu\u00eate ouverte pour assassinat et tentative d&rsquo;assassinat, confi\u00e9e \u00e0 la brigade criminelle de Paris, a indiqu\u00e9 le parquet de Paris.&nbsp;<\/strong><\/p>\n\n\n\n<p>L&rsquo;individu a commenc\u00e9 son \u00e9quip\u00e9e mortelle peu apr\u00e8s 21 heures entre le quai de Grenelle et Bir-Hakeim. Il attaque d&rsquo;abord le touriste allemand.&nbsp;Touch\u00e9 par un coup de couteau au dos et \u00e0 l\u2019\u00e9paule, le passant a \u00e9t\u00e9 retrouv\u00e9 en arr\u00eat cardiorespiratoire sur le pont de Bir-Hakeim.<\/p>\n\n\n\n<p>L&rsquo;agresseur prend ensuite la fuite en traversant le pont de Bir-Hakeim en raison de l&rsquo;intervention d&rsquo;un chauffeur de taxi qui a vu la sc\u00e8ne. Il rejoint le 16e arrondissement.<\/p>\n\n\n\n<p>L\u00e0, il est poursuivi par des policiers du 7e arrondissement et qu&rsquo;il attaque les deux autres personnes. Quand les quatre policiers sortent de leur v\u00e9hicule pour interpeller le suspect, ce dernier \u00abgarde les mains dans son manteau et explique avoir des explosifs sur lui\u00bb. Il prend \u00e0 nouveau la fuite avant d&rsquo;\u00eatre interpell\u00e9. Face aux menaces \u00abviolentes\u00bb du suspect, l&rsquo;un des fonctionnaires a, \u00abpar deux fois\u00bb, tir\u00e9 avec son taser, a expliqu\u00e9 le ministre de l&rsquo;Int\u00e9rieur.<\/p>\n\n\n\n<p>L\u2019auteur de l\u2019attaque, Armand R., a finalement \u00e9t\u00e9 interpell\u00e9 par les policiers pr\u00e8s d\u2019un square, \u00e0 l\u2019aide d\u2019un pistolet \u00e0 impulsion \u00e9lectrique mobilis\u00e9 deux fois, apr\u00e8s avoir menac\u00e9 les policiers d\u2019\u00eatre muni d\u2019explosifs sous son manteau. \u00ab Ses jours ne sont pas en danger \u00bb, a pr\u00e9cis\u00e9 G\u00e9rald Darmanin.&nbsp;<strong>Lors de son interpellation, il aurait menac\u00e9 les forces de l\u2019ordre avec son marteau, en criant \u00ab&nbsp;Allah Akbar&nbsp;\u00bb.<\/strong><\/p>\n\n\n\n<p><strong>Le jeune homme, n\u00e9 en 1997 \u00e0 Neuilly-sur-Seine (Hauts-de-Seine) et d\u2019origine iranienne, souffre de troubles psychiatriques pour lesquels il doit suivre un traitement psychiatrique et neurologique. Il est \u00e9galement connu de la justice : en 2016, il a \u00e9t\u00e9 condamn\u00e9 \u00e0 quatre ans de prison pour un projet d\u2019attentat avort\u00e9, et est donc sorti en 2020.&nbsp;<\/strong>Depuis, il vit chez ses parents en Essonne, a pr\u00e9cis\u00e9 G\u00e9rald Darmanin.<\/p>\n\n\n\n<p>Dans la nuit le parquet national anti-terroriste se saisir de l&rsquo;affaire.<\/p>\n","protected":false},"excerpt":{"rendered":"<p>Ce que l&rsquo;on sait de l&rsquo;attaque mortelle d&rsquo;hier soir et son d\u00e9roul\u00e9 minute par minute&nbsp;&#8211; Un assaillant a tu\u00e9 \u00e0 coup de couteau un homme et en a bless\u00e9 une autre samedi soir dans le 15e arrondissement de Paris. Il a \u00e9t\u00e9 interpell\u00e9 par les policiers. Selon le ministre de l&rsquo;Int\u00e9rieur G\u00e9rald Darmanin, l&rsquo;assaillant aurait [&hellip;]<\/p>\n","protected":false},"author":2,"featured_media":26290,"comment_status":"open","ping_status":"open","sticky":false,"template":"","format":"standard","meta":{"_jetpack_memberships_contains_paid_content":false,"footnotes":"","jetpack_publicize_message":"","jetpack_publicize_feature_enabled":true,"jetpack_social_post_already_shared":true,"jetpack_social_options":{"image_generator_settings":{"template":"highway","default_image_id":0,"font":"","enabled":false},"version":2},"_wpas_customize_per_network":false},"categories":[405],"tags":[],"class_list":["post-26289","post","type-post","status-publish","format-standard","has-post-thumbnail","hentry","category-actu-france-monde"],"jetpack_publicize_connections":[],"jetpack_featured_media_url":"https:\/\/i0.wp.com\/www.iceagetv.com\/radiosite\/wp-content\/uploads\/2023\/12\/Attentat-hier-a-Paris.jpg?fit=679%2C293&ssl=1","jetpack_sharing_enabled":true,"_links":{"self":[{"href":"https:\/\/www.iceagetv.com\/radiosite\/wp-json\/wp\/v2\/posts\/26289","targetHints":{"allow":["GET"]}}],"collection":[{"href":"https:\/\/www.iceagetv.com\/radiosite\/wp-json\/wp\/v2\/posts"}],"about":[{"href":"https:\/\/www.iceagetv.com\/radiosite\/wp-json\/wp\/v2\/types\/post"}],"author":[{"embeddable":true,"href":"https:\/\/www.iceagetv.com\/radiosite\/wp-json\/wp\/v2\/users\/2"}],"replies":[{"embeddable":true,"href":"https:\/\/www.iceagetv.com\/radiosite\/wp-json\/wp\/v2\/comments?post=26289"}],"version-history":[{"count":1,"href":"https:\/\/www.iceagetv.com\/radiosite\/wp-json\/wp\/v2\/posts\/26289\/revisions"}],"predecessor-version":[{"id":26291,"href":"https:\/\/www.iceagetv.com\/radiosite\/wp-json\/wp\/v2\/posts\/26289\/revisions\/26291"}],"wp:featuredmedia":[{"embeddable":true,"href":"https:\/\/www.iceagetv.com\/radiosite\/wp-json\/wp\/v2\/media\/26290"}],"wp:attachment":[{"href":"https:\/\/www.iceagetv.com\/radiosite\/wp-json\/wp\/v2\/media?parent=26289"}],"wp:term":[{"taxonomy":"category","embeddable":true,"href":"https:\/\/www.iceagetv.com\/radiosite\/wp-json\/wp\/v2\/categories?post=26289"},{"taxonomy":"post_tag","embeddable":true,"href":"https:\/\/www.iceagetv.com\/radiosite\/wp-json\/wp\/v2\/tags?post=26289"}],"curies":[{"name":"wp","href":"https:\/\/api.w.org\/{rel}","templated":true}]}}